{"id":31579,"date":"2026-01-20T12:03:25","date_gmt":"2026-01-20T15:03:25","guid":{"rendered":"https:\/\/www.sportchaco.com.ar\/?p=31579"},"modified":"2026-01-20T13:09:26","modified_gmt":"2026-01-20T16:09:26","slug":"sarmiento-arranco-lo-que-promete-ser-una-dura-temporada","status":"publish","type":"post","link":"https:\/\/www.sportchaco.com.ar\/?p=31579","title":{"rendered":"Sarmiento arranc\u00f3 lo que promete ser una dura temporada"},"content":{"rendered":"<p><strong>20-01-2026<\/strong><\/p>\n<p><img loading=\"lazy\" decoding=\"async\" class=\"aligncenter size-full wp-image-31301\" src=\"https:\/\/www.sportchaco.com.ar\/wp-content\/uploads\/2026\/01\/BANNER-WEB-MOSQUITOS-SALUD_728x90-29.gif\" alt=\"\" width=\"726\" height=\"90\" \/><\/p>\n<p class=\"bajada\">Sarmiento puso primera e inici\u00f3 sus trabajos de pretemporada de cara al torneo Federal \u201cA\u201d de f\u00fatbol 2026, que comenzar\u00e1 a mediados de marzo.<\/p>\n<figure class=\"\"><\/figure>\n<p>El DT Roberto Marioni junto a su cuerpo t\u00e9cnico recibieron este lunes a los jugadores en el estadio Centenario. La mayor\u00eda de los futbolistas son del plano local y se estima que en los pr\u00f3ximos d\u00edas se ir\u00e1n sumando jugadores profesionales -que ya formaron parte del plantel el a\u00f1o pasado- y algunos refuerzos.<\/p>\n<p>El Federal \u201cA\u201d 2026 comenzar\u00e1 a mediados de marzo, una vez finalizado el Torneo Regional Amateur, con un formato similar a la edici\u00f3n anterior: cuatro zonas geogr\u00e1ficas, dos ascensos a Primera Nacional y cuatro descensos al Regional, culminando el 10 de diciembre.<\/p>\n<p><img loading=\"lazy\" decoding=\"async\" class=\"alignnone wp-image-31580\" src=\"https:\/\/www.sportchaco.com.ar\/wp-content\/uploads\/2026\/01\/Roberto-Maioni-225x300.jpg\" alt=\"\" width=\"301\" height=\"401\" srcset=\"https:\/\/www.sportchaco.com.ar\/wp-content\/uploads\/2026\/01\/Roberto-Maioni-225x300.jpg 225w, https:\/\/www.sportchaco.com.ar\/wp-content\/uploads\/2026\/01\/Roberto-Maioni-768x1024.jpg 768w, https:\/\/www.sportchaco.com.ar\/wp-content\/uploads\/2026\/01\/Roberto-Maioni-1152x1536.jpg 1152w, https:\/\/www.sportchaco.com.ar\/wp-content\/uploads\/2026\/01\/Roberto-Maioni.jpg 1440w\" sizes=\"auto, (max-width: 301px) 100vw, 301px\" \/> <img loading=\"lazy\" decoding=\"async\" class=\"\" src=\"https:\/\/scontent.fcnq2-1.fna.fbcdn.net\/v\/t39.30808-6\/619751690_1464549579007940_5664507156510278869_n.jpg?_nc_cat=106&amp;ccb=1-7&amp;_nc_sid=127cfc&amp;_nc_eui2=AeETxrAsHqm27PbxpcnnB07lEJ7vA3Cufj0Qnu8DcK5-PcCejLIPk9MvKWzIxlwY1z0&amp;_nc_ohc=EeaH4xEpnyoQ7kNvwHjE-Ow&amp;_nc_oc=Adln06iBrFeGuZbXzQfHCm4g24mP40uQFLyTQE8zbYwuE3E9EfFiGQGOt8Wo3c6jpBs&amp;_nc_zt=23&amp;_nc_ht=scontent.fcnq2-1.fna&amp;_nc_gid=-dhJDY0N8I0GNe3pJ480xg&amp;oh=00_AfoCGLSQ--9FiA-64qsFw-5zxoVIzvdg5yMchKqEnkFO4g&amp;oe=6975720B\" alt=\"Puede ser una imagen de f\u00fatbol americano, f\u00fatbol y texto\" width=\"307\" height=\"410\" \/><\/p>\n<p>Los jugadores que dijeron presente fueron: Diego Gonz\u00e1lez, Jos\u00e9 Ram\u00edrez, Mat\u00edas Gonz\u00e1lez Ovalle, Pablo Mart\u00ednez, Juan Ram\u00edrez, Juan Derewicki, Agust\u00edn Far\u00eda, Daniel Meza, Juan Rodr\u00edguez, Leonardo Bejarano, Benjam\u00edn Ka\u00f1esky, Bruno Prieto, Mat\u00edas Ayala, Daniel Duarte, Juan T. Canesini, C\u00e9sar Peralta, Juan Carlos Molina, Daniel Gallardo, Jonatan Vera, Gonzalo Hidalgo, Jerem\u00edas Anderlique, Alejandro Pineda, Ciro Araujo y Nicol\u00e1s Paz.<\/p>\n<p>Sarmiento trabajar\u00e1 en Resistencia durante aproximadamente estos dos meses que quedan para el inicio del certamen.<\/p>\n<p><img loading=\"lazy\" decoding=\"async\" class=\"aligncenter size-large wp-image-31103\" src=\"https:\/\/www.sportchaco.com.ar\/wp-content\/uploads\/2026\/01\/1080x1350-819x1024.gif\" alt=\"\" width=\"819\" height=\"1024\" srcset=\"https:\/\/www.sportchaco.com.ar\/wp-content\/uploads\/2026\/01\/1080x1350-819x1024.gif 819w, https:\/\/www.sportchaco.com.ar\/wp-content\/uploads\/2026\/01\/1080x1350-240x300.gif 240w, https:\/\/www.sportchaco.com.ar\/wp-content\/uploads\/2026\/01\/1080x1350-768x960.gif 768w\" sizes=\"auto, (max-width: 819px) 100vw, 819px\" \/><\/p>\n<p>&nbsp;<\/p>\n","protected":false},"excerpt":{"rendered":"<p>20-01-2026 Sarmiento puso primera e inici\u00f3 sus trabajos de pretemporada de cara al torneo Federal \u201cA\u201d de f\u00fatbol 2026, que comenzar\u00e1 a mediados de marzo. El DT Roberto Marioni junto a su cuerpo t\u00e9cnico recibieron este lunes a los jugadores en el estadio Centenario. La mayor\u00eda de los futbolistas son del plano local y se &hellip;<\/p>\n","protected":false},"author":2,"featured_media":31577,"comment_status":"open","ping_status":"open","sticky":false,"template":"","format":"standard","meta":{"footnotes":""},"categories":[5],"tags":[],"class_list":["post-31579","post","type-post","status-publish","format-standard","has-post-thumbnail","hentry","category-futbol"],"_links":{"self":[{"href":"https:\/\/www.sportchaco.com.ar\/index.php?rest_route=\/wp\/v2\/posts\/31579","targetHints":{"allow":["GET"]}}],"collection":[{"href":"https:\/\/www.sportchaco.com.ar\/index.php?rest_route=\/wp\/v2\/posts"}],"about":[{"href":"https:\/\/www.sportchaco.com.ar\/index.php?rest_route=\/wp\/v2\/types\/post"}],"author":[{"embeddable":true,"href":"https:\/\/www.sportchaco.com.ar\/index.php?rest_route=\/wp\/v2\/users\/2"}],"replies":[{"embeddable":true,"href":"https:\/\/www.sportchaco.com.ar\/index.php?rest_route=%2Fwp%2Fv2%2Fcomments&post=31579"}],"version-history":[{"count":4,"href":"https:\/\/www.sportchaco.com.ar\/index.php?rest_route=\/wp\/v2\/posts\/31579\/revisions"}],"predecessor-version":[{"id":31584,"href":"https:\/\/www.sportchaco.com.ar\/index.php?rest_route=\/wp\/v2\/posts\/31579\/revisions\/31584"}],"wp:featuredmedia":[{"embeddable":true,"href":"https:\/\/www.sportchaco.com.ar\/index.php?rest_route=\/wp\/v2\/media\/31577"}],"wp:attachment":[{"href":"https:\/\/www.sportchaco.com.ar\/index.php?rest_route=%2Fwp%2Fv2%2Fmedia&parent=31579"}],"wp:term":[{"taxonomy":"category","embeddable":true,"href":"https:\/\/www.sportchaco.com.ar\/index.php?rest_route=%2Fwp%2Fv2%2Fcategories&post=31579"},{"taxonomy":"post_tag","embeddable":true,"href":"https:\/\/www.sportchaco.com.ar\/index.php?rest_route=%2Fwp%2Fv2%2Ftags&post=31579"}],"curies":[{"name":"wp","href":"https:\/\/api.w.org\/{rel}","templated":true}]}}