{"id":31607,"date":"2026-01-21T07:53:37","date_gmt":"2026-01-21T10:53:37","guid":{"rendered":"https:\/\/www.sportchaco.com.ar\/?p=31607"},"modified":"2026-01-22T13:01:02","modified_gmt":"2026-01-22T16:01:02","slug":"don-bosco-vuelve-a-las-competencias-regionales","status":"publish","type":"post","link":"https:\/\/www.sportchaco.com.ar\/?p=31607","title":{"rendered":"Don Bosco vuelve a las competencias regionales"},"content":{"rendered":"<p class=\"story-title entry-title\"><strong style=\"font-size: 16px;\">21-01-2026<\/strong><\/p>\n<p><img loading=\"lazy\" decoding=\"async\" class=\"aligncenter size-large wp-image-20253\" src=\"https:\/\/www.sportchaco.com.ar\/wp-content\/uploads\/2025\/06\/Campo-720x90-13-1024x128.gif\" alt=\"\" width=\"1024\" height=\"128\" srcset=\"https:\/\/www.sportchaco.com.ar\/wp-content\/uploads\/2025\/06\/Campo-720x90-13-1024x128.gif 1024w, https:\/\/www.sportchaco.com.ar\/wp-content\/uploads\/2025\/06\/Campo-720x90-13-300x38.gif 300w, https:\/\/www.sportchaco.com.ar\/wp-content\/uploads\/2025\/06\/Campo-720x90-13-768x96.gif 768w\" sizes=\"auto, (max-width: 1024px) 100vw, 1024px\" \/><\/p>\n<div id=\"right-content\" class=\"relative\">\n<div id=\"content-area\" class=\"left relative\">\n<div>En las \u00faltimas horas, la comisi\u00f3n directiva del Centro Deportivo Don Bosco confirm\u00f3 la participaci\u00f3n del equipo en la temporada 2026 de la Liga Federal de B\u00e1squet, siendo sin dudas algo hist\u00f3rico para la instituci\u00f3n capitalina.<\/div>\n<div id=\"tps_slideContainer_29772\" class=\"theiaPostSlider_slides\">\n<div>\n<p>En cuanto a los m\u00e9ritos deportivos, Don Bosco clasific\u00f3 entre los cuatro mejores de la provincia y accedi\u00f3 directamente para participar en esta temporada.<\/p>\n<p>Hubo que hacer un gran esfuerzo, tanto dirigencial como de todo el pueblo \u201cSalesiano\u201d pero con final feliz: La Liga Federal, es realidad.<\/p>\n<figure class=\"wp-block-image size-full\"><a href=\"https:\/\/baskettotal.com.ar\/wp-content\/uploads\/2026\/01\/larreta-696x392-3.webp\"><img loading=\"lazy\" decoding=\"async\" class=\"lazy wp-image-29773 lazy-loaded\" src=\"https:\/\/baskettotal.com.ar\/wp-content\/uploads\/2026\/01\/larreta-696x392-3.webp\" sizes=\"auto, (max-width: 999px) 100vw, 999px\" srcset=\"https:\/\/baskettotal.com.ar\/wp-content\/uploads\/2026\/01\/larreta-696x392-3.webp 999w, https:\/\/baskettotal.com.ar\/wp-content\/uploads\/2026\/01\/larreta-696x392-3-300x225.webp 300w, https:\/\/baskettotal.com.ar\/wp-content\/uploads\/2026\/01\/larreta-696x392-3-768x576.webp 768w\" alt=\"\" width=\"999\" height=\"749\" data-lazy-type=\"image\" data-lazy-src=\"https:\/\/baskettotal.com.ar\/wp-content\/uploads\/2026\/01\/larreta-696x392-3.webp\" data-lazy-srcset=\"https:\/\/baskettotal.com.ar\/wp-content\/uploads\/2026\/01\/larreta-696x392-3.webp 999w, https:\/\/baskettotal.com.ar\/wp-content\/uploads\/2026\/01\/larreta-696x392-3-300x225.webp 300w, https:\/\/baskettotal.com.ar\/wp-content\/uploads\/2026\/01\/larreta-696x392-3-768x576.webp 768w\" data-lazy-sizes=\"(max-width: 999px) 100vw, 999px\" \/><\/a><\/figure>\n<p>Ahora, hay que armar el equipo, la pretemporada y ponerse a pensar en los rivales que vendr\u00e1n, que sin dudas, todo ser\u00e1 muy dif\u00edcil y cada partido ser\u00e1 determinante.<\/p>\n<p>Mientras tanto, a disfrutar de este momento que pone m\u00e1s que feliz al mundo del b\u00e1squet y por supuesto, a Don Bosco.<\/p>\n<\/div>\n<div dir=\"auto\"><\/div>\n<div dir=\"auto\"><img decoding=\"async\" src=\"https:\/\/scontent.fcnq2-1.fna.fbcdn.net\/v\/t51.82787-15\/619578516_18172174282375980_2054556352370476724_n.jpg?_nc_cat=101&amp;ccb=1-7&amp;_nc_sid=127cfc&amp;_nc_eui2=AeHssA6mC5rZAOOZ6EPf2iz3nS317IuNctKdLfXsi41y0mXuIbEjBBjcB3euOUbrVBQ&amp;_nc_ohc=Qvo7ZWU8pZcQ7kNvwGUCWoG&amp;_nc_oc=AdnhBKdgvrKWGT3nRE_a7nEmN7spNaROiIm9R8i7t-xLixrqDPQJ6RB5ajdla0XI5lY&amp;_nc_zt=23&amp;_nc_ht=scontent.fcnq2-1.fna&amp;_nc_gid=y9LHlSGPsIdHPV3jzpgNzA&amp;oh=00_AfrOw5d3WspExkvPVBVtFEaQSn6IpGLvXrGGnDqSG040MA&amp;oe=6976C374\" alt=\"No hay ninguna descripci\u00f3n de la foto disponible.\" \/><\/div>\n<\/div>\n<\/div>\n<\/div>\n<div dir=\"auto\"><\/div>\n<div dir=\"auto\">\n<div dir=\"auto\"><strong>MEJORAS<\/strong><\/div>\n<div dir=\"auto\">Se informa a los socios que con una inversi\u00f3n de m\u00e1s de 3 millones de pesos se reparo y pinto la cancha auxiliar .<\/div>\n<div dir=\"auto\">Se reparo el techo del sal\u00f3n del kiosco con una inversi\u00f3n de $1.800.000 y se procedi\u00f3 a reparar las tribunas que rompieron en la final con un costo de $245.000 todo esto con recursos propio del club.<\/div>\n<\/div>\n<div dir=\"auto\"><\/div>\n<div dir=\"auto\"><\/div>\n<div dir=\"auto\"><img loading=\"lazy\" decoding=\"async\" class=\"aligncenter size-large wp-image-20100\" src=\"https:\/\/www.sportchaco.com.ar\/wp-content\/uploads\/2025\/06\/300x250-1024x854.gif\" alt=\"\" width=\"1024\" height=\"854\" srcset=\"https:\/\/www.sportchaco.com.ar\/wp-content\/uploads\/2025\/06\/300x250-1024x854.gif 1024w, https:\/\/www.sportchaco.com.ar\/wp-content\/uploads\/2025\/06\/300x250-300x250.gif 300w, https:\/\/www.sportchaco.com.ar\/wp-content\/uploads\/2025\/06\/300x250-768x640.gif 768w\" sizes=\"auto, (max-width: 1024px) 100vw, 1024px\" \/><\/div>\n","protected":false},"excerpt":{"rendered":"<p>21-01-2026 En las \u00faltimas horas, la comisi\u00f3n directiva del Centro Deportivo Don Bosco confirm\u00f3 la participaci\u00f3n del equipo en la temporada 2026 de la Liga Federal de B\u00e1squet, siendo sin dudas algo hist\u00f3rico para la instituci\u00f3n capitalina. En cuanto a los m\u00e9ritos deportivos, Don Bosco clasific\u00f3 entre los cuatro mejores de la provincia y accedi\u00f3 &hellip;<\/p>\n","protected":false},"author":2,"featured_media":31608,"comment_status":"open","ping_status":"open","sticky":false,"template":"","format":"standard","meta":{"footnotes":""},"categories":[3],"tags":[],"class_list":["post-31607","post","type-post","status-publish","format-standard","has-post-thumbnail","hentry","category-basquetbol"],"_links":{"self":[{"href":"https:\/\/www.sportchaco.com.ar\/index.php?rest_route=\/wp\/v2\/posts\/31607","targetHints":{"allow":["GET"]}}],"collection":[{"href":"https:\/\/www.sportchaco.com.ar\/index.php?rest_route=\/wp\/v2\/posts"}],"about":[{"href":"https:\/\/www.sportchaco.com.ar\/index.php?rest_route=\/wp\/v2\/types\/post"}],"author":[{"embeddable":true,"href":"https:\/\/www.sportchaco.com.ar\/index.php?rest_route=\/wp\/v2\/users\/2"}],"replies":[{"embeddable":true,"href":"https:\/\/www.sportchaco.com.ar\/index.php?rest_route=%2Fwp%2Fv2%2Fcomments&post=31607"}],"version-history":[{"count":4,"href":"https:\/\/www.sportchaco.com.ar\/index.php?rest_route=\/wp\/v2\/posts\/31607\/revisions"}],"predecessor-version":[{"id":31673,"href":"https:\/\/www.sportchaco.com.ar\/index.php?rest_route=\/wp\/v2\/posts\/31607\/revisions\/31673"}],"wp:featuredmedia":[{"embeddable":true,"href":"https:\/\/www.sportchaco.com.ar\/index.php?rest_route=\/wp\/v2\/media\/31608"}],"wp:attachment":[{"href":"https:\/\/www.sportchaco.com.ar\/index.php?rest_route=%2Fwp%2Fv2%2Fmedia&parent=31607"}],"wp:term":[{"taxonomy":"category","embeddable":true,"href":"https:\/\/www.sportchaco.com.ar\/index.php?rest_route=%2Fwp%2Fv2%2Fcategories&post=31607"},{"taxonomy":"post_tag","embeddable":true,"href":"https:\/\/www.sportchaco.com.ar\/index.php?rest_route=%2Fwp%2Fv2%2Ftags&post=31607"}],"curies":[{"name":"wp","href":"https:\/\/api.w.org\/{rel}","templated":true}]}}