{"id":31619,"date":"2026-01-21T11:57:56","date_gmt":"2026-01-21T14:57:56","guid":{"rendered":"https:\/\/www.sportchaco.com.ar\/?p=31619"},"modified":"2026-01-22T13:11:56","modified_gmt":"2026-01-22T16:11:56","slug":"liga-federal-hercules-tambien-dio-el-si","status":"publish","type":"post","link":"https:\/\/www.sportchaco.com.ar\/?p=31619","title":{"rendered":"H\u00e9rcules tambi\u00e9n dio el s\u00ed a La Liga Federal"},"content":{"rendered":"<p class=\"story-title entry-title\"><strong style=\"font-size: 16px;\">21-01-2026<\/strong><\/p>\n<div id=\"right-content\" class=\"relative\">\n<div id=\"content-area\" class=\"left relative\">\n<div id=\"left-content-mobi\">\n<div><img loading=\"lazy\" decoding=\"async\" class=\"aligncenter size-large wp-image-31297\" src=\"https:\/\/www.sportchaco.com.ar\/wp-content\/uploads\/2026\/01\/Ahorros-de-Verano-BANNERS-WEB_720x90-20-1024x128.gif\" alt=\"\" width=\"1024\" height=\"128\" srcset=\"https:\/\/www.sportchaco.com.ar\/wp-content\/uploads\/2026\/01\/Ahorros-de-Verano-BANNERS-WEB_720x90-20-1024x128.gif 1024w, https:\/\/www.sportchaco.com.ar\/wp-content\/uploads\/2026\/01\/Ahorros-de-Verano-BANNERS-WEB_720x90-20-300x38.gif 300w, https:\/\/www.sportchaco.com.ar\/wp-content\/uploads\/2026\/01\/Ahorros-de-Verano-BANNERS-WEB_720x90-20-768x96.gif 768w\" sizes=\"auto, (max-width: 1024px) 100vw, 1024px\" \/><\/div>\n<\/div>\n<div id=\"tps_slideContainer_29780\" class=\"theiaPostSlider_slides\">\n<p>&nbsp;<\/p>\n<p>Hace instantes, el Club H\u00e9rcules\u00a0de Charata\u00a0confirm\u00f3 oficialmente su participaci\u00f3n en la Liga\u00a0Federal de B\u00e1squet\u00a0Temporada \u00a02026, reafirmando su compromiso con el crecimiento deportivo y el desarrollo institucional. La decisi\u00f3n se enmarca dentro del proyecto a largo plazo que impulsa la dirigencia, con el objetivo de seguir representando a la ciudad y a la regi\u00f3n en competencias de alcance nacional.<\/p>\n<p>Desde la instituci\u00f3n destacaron que el plantel estar\u00e1 conformado mayoritariamente por jugadores formados en el club.\u00a0\u201cLa idea es participar para darle rodaje a los jugadores que ya tenemos. Casi te dir\u00eda que en un 80% son jugadores oriundos\u201d, se\u00f1al\u00f3 el presidente de H\u00e9rcules, Rodolfo Canella.<\/p>\n<p>El titular de la instituci\u00f3n charatense\u00a0explic\u00f3 adem\u00e1s que la propuesta se desarrollar\u00e1 con una mirada austera pero sostenida, priorizando la solidez institucional.\u00a0\u201cTratamos de hacerlo de la manera m\u00e1s austera posible, conservando siempre que el club pueda responder a todo y permitiendo que esto genere un crecimiento deportivo y tambi\u00e9n en infraestructura\u201d, sostuvo.<\/p>\n<p><img decoding=\"async\" class=\" ls-is-cached lazyloaded\" src=\"https:\/\/baskettotal.com.ar\/wp-content\/uploads\/2026\/01\/HERCULES-1-1-952x600.jpg\" data-src=\"https:\/\/baskettotal.com.ar\/wp-content\/uploads\/2026\/01\/HERCULES-1-1-952x600.jpg\" \/><br \/>\nEl club atraviesa un momento de expansi\u00f3n deportiva. Adem\u00e1s del b\u00e1squet, disciplinas como el v\u00f3ley (tanto masculino como femenino)\u00a0vienen creciendo a paso firme. Este fin de semana, incluso, la selecci\u00f3n chaque\u00f1a sub-16 de v\u00f3ley concentrar\u00e1 en las instalaciones del club.<\/p>\n<p>H\u00e9rcules tambi\u00e9n mantiene una variada oferta deportiva con pat\u00edn, f\u00fatbol recreativo y otras actividades, consolid\u00e1ndose como un espacio de formaci\u00f3n y participaci\u00f3n comunitaria.<\/p>\n<p>En cuanto al b\u00e1squet femenino, Canella\u00a0destac\u00f3 los logros recientes y los desaf\u00edos futuros.\u00a0\u201cNo nos olvidemos que el a\u00f1o pasado H\u00e9rcules sali\u00f3 campe\u00f3n nacional en la categor\u00eda U11 femenina, ganando el Pre-Federal. Esa experiencia nos marc\u00f3 el camino para seguir apostando al desarrollo del femenino\u201d, subray\u00f3.<\/p>\n<p>Con una visi\u00f3n integral y un fuerte arraigo local, el Club H\u00e9rcules encara una nueva etapa que combina crecimiento, compromiso y proyecci\u00f3n nacional.<\/p>\n<p><em><strong>FOTOS: H\u00e9rcules de Charata<\/strong><\/em><\/p>\n<p style=\"text-align: center;\">\u00a0<img loading=\"lazy\" decoding=\"async\" class=\"aligncenter wp-image-31302 \" src=\"https:\/\/www.sportchaco.com.ar\/wp-content\/uploads\/2026\/01\/Agua-Segura_200x200-05.gif\" alt=\"\" width=\"452\" height=\"452\" \/><\/p>\n<\/div>\n<\/div>\n<\/div>\n","protected":false},"excerpt":{"rendered":"<p>21-01-2026 &nbsp; Hace instantes, el Club H\u00e9rcules\u00a0de Charata\u00a0confirm\u00f3 oficialmente su participaci\u00f3n en la Liga\u00a0Federal de B\u00e1squet\u00a0Temporada \u00a02026, reafirmando su compromiso con el crecimiento deportivo y el desarrollo institucional. La decisi\u00f3n se enmarca dentro del proyecto a largo plazo que impulsa la dirigencia, con el objetivo de seguir representando a la ciudad y a la regi\u00f3n &hellip;<\/p>\n","protected":false},"author":2,"featured_media":31620,"comment_status":"open","ping_status":"open","sticky":false,"template":"","format":"standard","meta":{"footnotes":""},"categories":[3],"tags":[],"class_list":["post-31619","post","type-post","status-publish","format-standard","has-post-thumbnail","hentry","category-basquetbol"],"_links":{"self":[{"href":"https:\/\/www.sportchaco.com.ar\/index.php?rest_route=\/wp\/v2\/posts\/31619","targetHints":{"allow":["GET"]}}],"collection":[{"href":"https:\/\/www.sportchaco.com.ar\/index.php?rest_route=\/wp\/v2\/posts"}],"about":[{"href":"https:\/\/www.sportchaco.com.ar\/index.php?rest_route=\/wp\/v2\/types\/post"}],"author":[{"embeddable":true,"href":"https:\/\/www.sportchaco.com.ar\/index.php?rest_route=\/wp\/v2\/users\/2"}],"replies":[{"embeddable":true,"href":"https:\/\/www.sportchaco.com.ar\/index.php?rest_route=%2Fwp%2Fv2%2Fcomments&post=31619"}],"version-history":[{"count":3,"href":"https:\/\/www.sportchaco.com.ar\/index.php?rest_route=\/wp\/v2\/posts\/31619\/revisions"}],"predecessor-version":[{"id":31675,"href":"https:\/\/www.sportchaco.com.ar\/index.php?rest_route=\/wp\/v2\/posts\/31619\/revisions\/31675"}],"wp:featuredmedia":[{"embeddable":true,"href":"https:\/\/www.sportchaco.com.ar\/index.php?rest_route=\/wp\/v2\/media\/31620"}],"wp:attachment":[{"href":"https:\/\/www.sportchaco.com.ar\/index.php?rest_route=%2Fwp%2Fv2%2Fmedia&parent=31619"}],"wp:term":[{"taxonomy":"category","embeddable":true,"href":"https:\/\/www.sportchaco.com.ar\/index.php?rest_route=%2Fwp%2Fv2%2Fcategories&post=31619"},{"taxonomy":"post_tag","embeddable":true,"href":"https:\/\/www.sportchaco.com.ar\/index.php?rest_route=%2Fwp%2Fv2%2Ftags&post=31619"}],"curies":[{"name":"wp","href":"https:\/\/api.w.org\/{rel}","templated":true}]}}