{"id":31627,"date":"2026-01-21T12:42:40","date_gmt":"2026-01-21T15:42:40","guid":{"rendered":"https:\/\/www.sportchaco.com.ar\/?p=31627"},"modified":"2026-01-21T12:42:40","modified_gmt":"2026-01-21T15:42:40","slug":"roberto-mansilla-vuelve-a-sarmiento-para-conducir-a-la-primera-ocal","status":"publish","type":"post","link":"https:\/\/www.sportchaco.com.ar\/?p=31627","title":{"rendered":"Roberto Mansilla vuelve a Sarmiento para conducir a la primera ocal"},"content":{"rendered":"<div dir=\"auto\">\n<h2 data-start=\"135\" data-end=\"207\"><\/h2>\n<h2 data-start=\"209\" data-end=\"527\"><strong>Roberto Mansilla ser\u00e1 el nuevo entrenador de la Primera Local del Club Atl\u00e9tico Sarmiento en los cert\u00e1menes de la Liga Chaque\u00f1a de F\u00fatbol. Tras varias semanas de conversaciones, la dirigencia del \u201cDecano\u201d resolvi\u00f3 apostar por el regreso del director t\u00e9cnico, de reconocida trayectoria en distintos clubes de la regi\u00f3n.<\/strong><\/h2>\n<p data-start=\"529\" data-end=\"808\">La presentaci\u00f3n oficial se concret\u00f3 el lunes, con la reincorporaci\u00f3n de Mansilla a los entrenamientos, que se desarrollaron en conjunto con el plantel que compite en el Federal A, marcando desde el inicio una l\u00ednea de trabajo integrada dentro de la estructura deportiva del club.<\/p>\n<p data-start=\"810\" data-end=\"1176\">Con pasado en las divisiones inferiores de Sarmiento, Mansilla llega para reemplazar a Dami\u00e1n \u201cCachete\u201d Cabral al frente del equipo liguista. Su retorno se dio a partir de la recomendaci\u00f3n de Roberto Marioni, quien acerc\u00f3 su nombre a la dirigencia mientras se resolv\u00eda la salida del anterior cuerpo t\u00e9cnico, en un acuerdo que ya estaba encaminado desde hace semanas.<\/p>\n<p data-start=\"1178\" data-end=\"1573\">El nuevo DT no tendr\u00e1 una funci\u00f3n aislada: adem\u00e1s de conducir a la Primera Local, ser\u00e1 colaborador permanente de Marioni en el aspecto f\u00edsico, tarea que compartir\u00e1 con Richard Meyer. Esta articulaci\u00f3n entre los cuerpos t\u00e9cnicos de la Liga Chaque\u00f1a y el Federal A responde a una clara intenci\u00f3n institucional: potenciar, promover y profesionalizar a los juveniles surgidos de la cantera del club.<\/p>\n<p data-start=\"1575\" data-end=\"1748\">Luego de una primera semana de trabajos junto al plantel profesional, el lun<\/p>\n<\/div>\n<div dir=\"auto\"><\/div>\n<div dir=\"auto\"><strong>OTROS<\/strong><\/div>\n<div dir=\"auto\"><\/div>\n<div dir=\"auto\">En el ascenso Roberto Saucedo asumi\u00f3 como nuevo entrenador de Municipales, que ya inicio su pretemporada el 5 de Enero.<\/div>\n<div dir=\"auto\">David Moreno fue presentado como nuevo entrenador el Villa Alvear.<\/div>\n<div dir=\"auto\"><\/div>\n<div dir=\"auto\">En Don Orione Rodolfo Ben\u00edtez sera el nuevo entrenador del \u00abPortuario\u00bb, que iniciara su pretemporada este 26 de Enero.<\/div>\n<div dir=\"auto\">En el Deportivo Itati Leonardo Ramirez fue anunciado como nuevo entrenador, en el inicio de la temporada 2025<\/div>\n<div dir=\"auto\">\u00a0Margarita Bel\u00e9n\u00a0 se hizo la presentaci\u00f3n oficial como nuevo entrenador de San Martin, de Fabi\u00e1n Enrique,<\/div>\n","protected":false},"excerpt":{"rendered":"<p>Roberto Mansilla ser\u00e1 el nuevo entrenador de la Primera Local del Club Atl\u00e9tico Sarmiento en los cert\u00e1menes de la Liga Chaque\u00f1a de F\u00fatbol. Tras varias semanas de conversaciones, la dirigencia del \u201cDecano\u201d resolvi\u00f3 apostar por el regreso del director t\u00e9cnico, de reconocida trayectoria en distintos clubes de la regi\u00f3n. La presentaci\u00f3n oficial se concret\u00f3 el &hellip;<\/p>\n","protected":false},"author":2,"featured_media":31628,"comment_status":"open","ping_status":"open","sticky":false,"template":"","format":"standard","meta":{"footnotes":""},"categories":[72],"tags":[],"class_list":["post-31627","post","type-post","status-publish","format-standard","has-post-thumbnail","hentry","category-futbol-puro"],"_links":{"self":[{"href":"https:\/\/www.sportchaco.com.ar\/index.php?rest_route=\/wp\/v2\/posts\/31627","targetHints":{"allow":["GET"]}}],"collection":[{"href":"https:\/\/www.sportchaco.com.ar\/index.php?rest_route=\/wp\/v2\/posts"}],"about":[{"href":"https:\/\/www.sportchaco.com.ar\/index.php?rest_route=\/wp\/v2\/types\/post"}],"author":[{"embeddable":true,"href":"https:\/\/www.sportchaco.com.ar\/index.php?rest_route=\/wp\/v2\/users\/2"}],"replies":[{"embeddable":true,"href":"https:\/\/www.sportchaco.com.ar\/index.php?rest_route=%2Fwp%2Fv2%2Fcomments&post=31627"}],"version-history":[{"count":1,"href":"https:\/\/www.sportchaco.com.ar\/index.php?rest_route=\/wp\/v2\/posts\/31627\/revisions"}],"predecessor-version":[{"id":31629,"href":"https:\/\/www.sportchaco.com.ar\/index.php?rest_route=\/wp\/v2\/posts\/31627\/revisions\/31629"}],"wp:featuredmedia":[{"embeddable":true,"href":"https:\/\/www.sportchaco.com.ar\/index.php?rest_route=\/wp\/v2\/media\/31628"}],"wp:attachment":[{"href":"https:\/\/www.sportchaco.com.ar\/index.php?rest_route=%2Fwp%2Fv2%2Fmedia&parent=31627"}],"wp:term":[{"taxonomy":"category","embeddable":true,"href":"https:\/\/www.sportchaco.com.ar\/index.php?rest_route=%2Fwp%2Fv2%2Fcategories&post=31627"},{"taxonomy":"post_tag","embeddable":true,"href":"https:\/\/www.sportchaco.com.ar\/index.php?rest_route=%2Fwp%2Fv2%2Ftags&post=31627"}],"curies":[{"name":"wp","href":"https:\/\/api.w.org\/{rel}","templated":true}]}}