{"id":31630,"date":"2026-01-21T18:13:45","date_gmt":"2026-01-21T21:13:45","guid":{"rendered":"https:\/\/www.sportchaco.com.ar\/?p=31630"},"modified":"2026-01-21T19:12:35","modified_gmt":"2026-01-21T22:12:35","slug":"ezequiel-allende-apunta-a-la-temporada-del-cam","status":"publish","type":"post","link":"https:\/\/www.sportchaco.com.ar\/?p=31630","title":{"rendered":"Ezequiel Allende apunta a la temporada del CAM"},"content":{"rendered":"<p><strong>21-01-2026<\/strong><\/p>\n<p><img loading=\"lazy\" decoding=\"async\" class=\"aligncenter size-full wp-image-31296\" src=\"https:\/\/www.sportchaco.com.ar\/wp-content\/uploads\/2026\/01\/Ahorros-de-Verano-BANNERS-WEB_320x50.gif\" alt=\"\" width=\"667\" height=\"104\" \/><\/p>\n<p>El a\u00f1o 2026 comenz\u00f3 para Ezequiel Allende que se prepara para afrontar una nueva temporada del Certamen Argentino de Motociclismo. El mismo tiene como fecha de inicio reci\u00e9n en el mes de marzo.<\/p>\n<p>Pero el motociclista ya empez\u00f3 con los entrenamientos arriba de su moto en su Pampa del Infierno natal donde tiene un predio con circuito de tierra que se lo prestan para su puesta a punto. Cabe destacar que amigos y familiares son los que lo ayudan a mantener el lugar en las mejores condiciones posibles para la pr\u00e1ctica.<\/p>\n<p>Lo cierto es que el 21 de febrero, en la localidad santafesina de Totoras, Ezequiel Allende ir\u00e1 a competir en un torneo oficial de verano nocturno perteneciente a la Federaci\u00f3n Regional IV de Motociclismo Deportivo de Santa Fe y, de paso, probar la nueva motocicleta que sufri\u00f3 modificaciones por las nuevas reglas que tendr\u00e1 el campeonato.<\/p>\n<p>La temporada pasada, Allende se hizo presente en la categor\u00eda 450 Internacional del CAM y ahora tambi\u00e9n lo har\u00e1 en la nueva categor\u00eda de tierra arriba de su Yamaha YZF 450.<\/p>\n<p><img loading=\"lazy\" decoding=\"async\" class=\"aligncenter size-large wp-image-31632\" src=\"https:\/\/www.sportchaco.com.ar\/wp-content\/uploads\/2026\/01\/EMC_4593.jpg-1024x681.jpeg\" alt=\"\" width=\"1024\" height=\"681\" srcset=\"https:\/\/www.sportchaco.com.ar\/wp-content\/uploads\/2026\/01\/EMC_4593.jpg-1024x681.jpeg 1024w, https:\/\/www.sportchaco.com.ar\/wp-content\/uploads\/2026\/01\/EMC_4593.jpg-300x200.jpeg 300w, https:\/\/www.sportchaco.com.ar\/wp-content\/uploads\/2026\/01\/EMC_4593.jpg-768x511.jpeg 768w, https:\/\/www.sportchaco.com.ar\/wp-content\/uploads\/2026\/01\/EMC_4593.jpg-1536x1022.jpeg 1536w, https:\/\/www.sportchaco.com.ar\/wp-content\/uploads\/2026\/01\/EMC_4593.jpg-2048x1363.jpeg 2048w\" sizes=\"auto, (max-width: 1024px) 100vw, 1024px\" \/><\/p>\n<p>Ezequiel se supo reencontrar en el CAM luego de su paso por el SuperBike Argentino y un a\u00f1o de competencia en circuitos de Brasil, pero por diferentes motivos entre los cuales tambi\u00e9n estuvo lo econ\u00f3mico, tuvo que cambiar de rumbo y sigui\u00f3 arriba de su moto esperando la posibilidad de volver a correr en dichas categor\u00edas. \u201cAhora el CAM es el desaf\u00edo desde el a\u00f1o pasado y sigo trabajando en eso, para darlo todo ah\u00ed\u201d, declar\u00f3.<\/p>\n<p>Como toda competencia a nivel nacional tiene un costo econ\u00f3mico elevado, Eze Allende Competici\u00f3n cuenta con un joven equipo de trabajo del oeste chaque\u00f1o compuesto por Ale Mostos y AM Bancos de Pruebas que se encargan de la parte mec\u00e1nica del motor, +Power que se dedica a desarrollar los elementos de la moto y la suspensi\u00f3n de la misma es Amortiguadores Maip\u00fa. Todas empresas del oeste chaque\u00f1o y de localidades continuas a Pampa del Infierno.<\/p>\n<p>Adem\u00e1s de contar con sus sponsors que lo acompa\u00f1an desde sus inicios y varios a\u00f1os, incluso cuando supo ser campe\u00f3n argentino de Superbike 250cc, como Casa Wesolowski SRL, Supermercados \u201cEl Arriero\u201d, Municipalidad de Pampa del Infierno, Instituto del Deporte, Loter\u00eda Chaque\u00f1a, Ale Motos, HG Neum\u00e1ticos, Casinos GALA, Pampa del Infierno Combustibles, +Power, CAPI Repuestos, Nordemaq, TotoEgea, Chechip, AM Banco de Pruebas y EA38 Moto Parts.<\/p>\n<p><img loading=\"lazy\" decoding=\"async\" class=\"aligncenter size-large wp-image-31103\" src=\"https:\/\/www.sportchaco.com.ar\/wp-content\/uploads\/2026\/01\/1080x1350-819x1024.gif\" alt=\"\" width=\"819\" height=\"1024\" srcset=\"https:\/\/www.sportchaco.com.ar\/wp-content\/uploads\/2026\/01\/1080x1350-819x1024.gif 819w, https:\/\/www.sportchaco.com.ar\/wp-content\/uploads\/2026\/01\/1080x1350-240x300.gif 240w, https:\/\/www.sportchaco.com.ar\/wp-content\/uploads\/2026\/01\/1080x1350-768x960.gif 768w\" sizes=\"auto, (max-width: 819px) 100vw, 819px\" \/><\/p>\n","protected":false},"excerpt":{"rendered":"<p>21-01-2026 El a\u00f1o 2026 comenz\u00f3 para Ezequiel Allende que se prepara para afrontar una nueva temporada del Certamen Argentino de Motociclismo. El mismo tiene como fecha de inicio reci\u00e9n en el mes de marzo. Pero el motociclista ya empez\u00f3 con los entrenamientos arriba de su moto en su Pampa del Infierno natal donde tiene un &hellip;<\/p>\n","protected":false},"author":3,"featured_media":31631,"comment_status":"open","ping_status":"open","sticky":false,"template":"","format":"standard","meta":{"footnotes":""},"categories":[59],"tags":[],"class_list":["post-31630","post","type-post","status-publish","format-standard","has-post-thumbnail","hentry","category-motociclismo"],"_links":{"self":[{"href":"https:\/\/www.sportchaco.com.ar\/index.php?rest_route=\/wp\/v2\/posts\/31630","targetHints":{"allow":["GET"]}}],"collection":[{"href":"https:\/\/www.sportchaco.com.ar\/index.php?rest_route=\/wp\/v2\/posts"}],"about":[{"href":"https:\/\/www.sportchaco.com.ar\/index.php?rest_route=\/wp\/v2\/types\/post"}],"author":[{"embeddable":true,"href":"https:\/\/www.sportchaco.com.ar\/index.php?rest_route=\/wp\/v2\/users\/3"}],"replies":[{"embeddable":true,"href":"https:\/\/www.sportchaco.com.ar\/index.php?rest_route=%2Fwp%2Fv2%2Fcomments&post=31630"}],"version-history":[{"count":3,"href":"https:\/\/www.sportchaco.com.ar\/index.php?rest_route=\/wp\/v2\/posts\/31630\/revisions"}],"predecessor-version":[{"id":31635,"href":"https:\/\/www.sportchaco.com.ar\/index.php?rest_route=\/wp\/v2\/posts\/31630\/revisions\/31635"}],"wp:featuredmedia":[{"embeddable":true,"href":"https:\/\/www.sportchaco.com.ar\/index.php?rest_route=\/wp\/v2\/media\/31631"}],"wp:attachment":[{"href":"https:\/\/www.sportchaco.com.ar\/index.php?rest_route=%2Fwp%2Fv2%2Fmedia&parent=31630"}],"wp:term":[{"taxonomy":"category","embeddable":true,"href":"https:\/\/www.sportchaco.com.ar\/index.php?rest_route=%2Fwp%2Fv2%2Fcategories&post=31630"},{"taxonomy":"post_tag","embeddable":true,"href":"https:\/\/www.sportchaco.com.ar\/index.php?rest_route=%2Fwp%2Fv2%2Ftags&post=31630"}],"curies":[{"name":"wp","href":"https:\/\/api.w.org\/{rel}","templated":true}]}}