{"id":31646,"date":"2026-01-22T11:11:05","date_gmt":"2026-01-22T14:11:05","guid":{"rendered":"https:\/\/www.sportchaco.com.ar\/?p=31646"},"modified":"2026-01-22T11:35:06","modified_gmt":"2026-01-22T14:35:06","slug":"31646","status":"publish","type":"post","link":"https:\/\/www.sportchaco.com.ar\/?p=31646","title":{"rendered":"Pitu Ferraris habla de las expectativas con Don Bosco"},"content":{"rendered":"<h6><span class=\"post-date\"><time class=\"post-date updated\" datetime=\"2026-01-22\">22 enero 2026<\/time><\/span><\/h6>\n<h1 class=\"story-title entry-title\">Ferraris y Don Bosco en el Federal: \u201cLas expectativas m\u00e1s all\u00e1 de los resultados deportivos, es jerarquizar y profesionalizar el club\u201d<\/h1>\n<div id=\"right-content\" class=\"relative\">\n<div id=\"content-area\" class=\"left relative\">\n<div id=\"feat-img-reg\" class=\"relative\"><img decoding=\"async\" class=\" ls-is-cached lazyloaded\" src=\"https:\/\/baskettotal.com.ar\/wp-content\/uploads\/2026\/01\/DON-BOSCO-LFB-1000x580.jpg\" data-src=\"https:\/\/baskettotal.com.ar\/wp-content\/uploads\/2026\/01\/DON-BOSCO-LFB-1000x580.jpg\" \/><\/div>\n<div id=\"left-content-mobi\">\n<div class=\"author-info-mob-wrap\"><span class=\"vcard author\"><br \/>\n<\/span><\/p>\n<div class=\"post-date-wrap left relative post-date-mob\"><\/div>\n<\/div>\n<\/div>\n<div id=\"tps_slideContainer_29787\" class=\"theiaPostSlider_slides\">\n<div>\n<p><strong>De esta manera, el \u201cSalesiano\u201d capitalino volver\u00e1 a disputar una competencia nacional luego de m\u00e1s de cuarenta a\u00f1os, por aquel entonces \u201cLiga B\u201d, pero que por temas ajenos al b\u00e1squet solamente clasific\u00f3 y nunca pudo jugar y tener alg\u00fan minuto en competencia.<\/strong><\/p>\n<p>&nbsp;<\/p>\n<p>Hace pocas horas, el Centro Deportivo Don Bosco de Resistencia confirm\u00f3 su hist\u00f3rica participaci\u00f3n en la Liga Federal de B\u00e1squet, Temporada 2026. De esta manera, el \u201cSalesiano\u201d capitalino volver\u00e1 a disputar una competencia nacional luego de m\u00e1s de cuarenta a\u00f1os, por aquel entonces \u201cLiga B\u201d, pero que por temas ajenos al b\u00e1squet solamente clasific\u00f3 y nunca pudo jugar y tener alg\u00fan minuto en competencia.<\/p>\n<p>\u201cLas expectativas de uno siempre tienen que ser altas, sino no deber\u00edamos participar. Entramos a una competencia profesional y las expectativas m\u00e1s all\u00e1 de los resultados deportivos, tambi\u00e9n es jerarquizar y profesionalizar el club de arriba para abajo. Hoy creo que tenemos unos de los espacios deportivos (B\u00e1squet) Mas lindos de resisntencia y a eso no debemos quitarle m\u00e9ritos.. Con respecto al torneo uno entra a intentar lograr el ascenso, que se de es dif\u00edcil, pero uno entra al torneo a competir y estar a la altura de lo que es u n torneo Federal\u201d, expres\u00f3 el entrenador principal de la Primera de Don Bosco, Juan Marcos \u201cTungui\u201d Ferraris.<\/p>\n<p>Para poder tener derecho deportivo para jugar la Liga Federal, Don Bosco qued\u00f3 entre los cuatro mejores equipos del Pre \u2013 Federal 2025, cayendo en semifinales con el que fuese campe\u00f3n inobjetable del certamen, Regatas Resistencia. En este aspecto, el \u201cSalesiano\u201d no dej\u00f3 dudas del muy buen equipo que se arm\u00f3, estando a la altura de la competencia y siendo uno de los mejores equipos del certamen y provincia.Pero ahora, viene otro certamen distintos y de jerarqu\u00eda nacional.<\/p>\n<figure class=\"wp-block-image size-full\"><a href=\"https:\/\/baskettotal.com.ar\/wp-content\/uploads\/2026\/01\/larreta-696x392-3-1.webp\"><img loading=\"lazy\" decoding=\"async\" class=\"lazy wp-image-29788 lazy-loaded\" src=\"https:\/\/baskettotal.com.ar\/wp-content\/uploads\/2026\/01\/larreta-696x392-3-1.webp\" sizes=\"auto, (max-width: 999px) 100vw, 999px\" srcset=\"https:\/\/baskettotal.com.ar\/wp-content\/uploads\/2026\/01\/larreta-696x392-3-1.webp 999w, https:\/\/baskettotal.com.ar\/wp-content\/uploads\/2026\/01\/larreta-696x392-3-1-300x225.webp 300w, https:\/\/baskettotal.com.ar\/wp-content\/uploads\/2026\/01\/larreta-696x392-3-1-768x576.webp 768w\" alt=\"\" width=\"999\" height=\"749\" data-lazy-type=\"image\" data-lazy-src=\"https:\/\/baskettotal.com.ar\/wp-content\/uploads\/2026\/01\/larreta-696x392-3-1.webp\" data-lazy-srcset=\"https:\/\/baskettotal.com.ar\/wp-content\/uploads\/2026\/01\/larreta-696x392-3-1.webp 999w, https:\/\/baskettotal.com.ar\/wp-content\/uploads\/2026\/01\/larreta-696x392-3-1-300x225.webp 300w, https:\/\/baskettotal.com.ar\/wp-content\/uploads\/2026\/01\/larreta-696x392-3-1-768x576.webp 768w\" data-lazy-sizes=\"(max-width: 999px) 100vw, 999px\" \/><\/a><\/figure>\n<p>&nbsp;<\/p>\n<p>\u201cEl balance del semestre pasado en el club fue positivo, competimos en los dos torneos y hemos llegado hasta fechas festivas jugando baloncesto, donde el plantel, cuerpo t\u00e9cnico y dirigentes estuvieron a la altura\u201d, recordando que \u201cfalt\u00f3 poco para llevarnos el titulo local a casa, pero no podemos ser tan exigentes con uno mismo, sin reconocer de que hicimos todo y nos vaciamos para dejar al Don bosco en lo m\u00e1s alto y de nuevo compitiendo a nivel nacional\u201d, celebr\u00f3.<\/p>\n<p>\u201cCon respecto al equipo no puedo decir mucho, llevamos poco tiempo de que el club confirm\u00f3 su participaci\u00f3n y todav\u00eda no hemos tenido una reuni\u00f3n para saber el presupuesto con el que contamos para el armado del equipo\u201d, remarcando Ferraris que \u201csi dejar en claro que intentaremos armar el mejor equipo posible\u201d. (Por Santiago Waissmann\/ Basket Total)<\/p>\n<\/div>\n<p>Foto portada de Pitu Ferraris DT Don Bosco<\/p>\n<div>\n<p style=\"text-align: center;\"><img loading=\"lazy\" decoding=\"async\" class=\"alignnone size-medium wp-image-31302\" src=\"https:\/\/www.sportchaco.com.ar\/wp-content\/uploads\/2026\/01\/Agua-Segura_200x200-05-300x300.gif\" alt=\"\" width=\"300\" height=\"300\" srcset=\"https:\/\/www.sportchaco.com.ar\/wp-content\/uploads\/2026\/01\/Agua-Segura_200x200-05-300x300.gif 300w, https:\/\/www.sportchaco.com.ar\/wp-content\/uploads\/2026\/01\/Agua-Segura_200x200-05-150x150.gif 150w\" sizes=\"auto, (max-width: 300px) 100vw, 300px\" \/> <img loading=\"lazy\" decoding=\"async\" class=\"alignnone size-medium wp-image-31295\" src=\"https:\/\/www.sportchaco.com.ar\/wp-content\/uploads\/2026\/01\/Ahorros-de-Verano-BANNERS-WEB_1080x1350-28-240x300.gif\" alt=\"\" width=\"240\" height=\"300\" srcset=\"https:\/\/www.sportchaco.com.ar\/wp-content\/uploads\/2026\/01\/Ahorros-de-Verano-BANNERS-WEB_1080x1350-28-240x300.gif 240w, https:\/\/www.sportchaco.com.ar\/wp-content\/uploads\/2026\/01\/Ahorros-de-Verano-BANNERS-WEB_1080x1350-28-819x1024.gif 819w, https:\/\/www.sportchaco.com.ar\/wp-content\/uploads\/2026\/01\/Ahorros-de-Verano-BANNERS-WEB_1080x1350-28-768x960.gif 768w, https:\/\/www.sportchaco.com.ar\/wp-content\/uploads\/2026\/01\/Ahorros-de-Verano-BANNERS-WEB_1080x1350-28-1229x1536.gif 1229w, https:\/\/www.sportchaco.com.ar\/wp-content\/uploads\/2026\/01\/Ahorros-de-Verano-BANNERS-WEB_1080x1350-28-1639x2048.gif 1639w\" sizes=\"auto, (max-width: 240px) 100vw, 240px\" \/><\/p>\n<\/div>\n<\/div>\n<\/div>\n<\/div>\n","protected":false},"excerpt":{"rendered":"<p>22 enero 2026 Ferraris y Don Bosco en el Federal: \u201cLas expectativas m\u00e1s all\u00e1 de los resultados deportivos, es jerarquizar y profesionalizar el club\u201d De esta manera, el \u201cSalesiano\u201d capitalino volver\u00e1 a disputar una competencia nacional luego de m\u00e1s de cuarenta a\u00f1os, por aquel entonces \u201cLiga B\u201d, pero que por temas ajenos al b\u00e1squet solamente &hellip;<\/p>\n","protected":false},"author":2,"featured_media":31647,"comment_status":"open","ping_status":"open","sticky":false,"template":"","format":"standard","meta":{"footnotes":""},"categories":[3],"tags":[],"class_list":["post-31646","post","type-post","status-publish","format-standard","has-post-thumbnail","hentry","category-basquetbol"],"_links":{"self":[{"href":"https:\/\/www.sportchaco.com.ar\/index.php?rest_route=\/wp\/v2\/posts\/31646","targetHints":{"allow":["GET"]}}],"collection":[{"href":"https:\/\/www.sportchaco.com.ar\/index.php?rest_route=\/wp\/v2\/posts"}],"about":[{"href":"https:\/\/www.sportchaco.com.ar\/index.php?rest_route=\/wp\/v2\/types\/post"}],"author":[{"embeddable":true,"href":"https:\/\/www.sportchaco.com.ar\/index.php?rest_route=\/wp\/v2\/users\/2"}],"replies":[{"embeddable":true,"href":"https:\/\/www.sportchaco.com.ar\/index.php?rest_route=%2Fwp%2Fv2%2Fcomments&post=31646"}],"version-history":[{"count":2,"href":"https:\/\/www.sportchaco.com.ar\/index.php?rest_route=\/wp\/v2\/posts\/31646\/revisions"}],"predecessor-version":[{"id":31656,"href":"https:\/\/www.sportchaco.com.ar\/index.php?rest_route=\/wp\/v2\/posts\/31646\/revisions\/31656"}],"wp:featuredmedia":[{"embeddable":true,"href":"https:\/\/www.sportchaco.com.ar\/index.php?rest_route=\/wp\/v2\/media\/31647"}],"wp:attachment":[{"href":"https:\/\/www.sportchaco.com.ar\/index.php?rest_route=%2Fwp%2Fv2%2Fmedia&parent=31646"}],"wp:term":[{"taxonomy":"category","embeddable":true,"href":"https:\/\/www.sportchaco.com.ar\/index.php?rest_route=%2Fwp%2Fv2%2Fcategories&post=31646"},{"taxonomy":"post_tag","embeddable":true,"href":"https:\/\/www.sportchaco.com.ar\/index.php?rest_route=%2Fwp%2Fv2%2Ftags&post=31646"}],"curies":[{"name":"wp","href":"https:\/\/api.w.org\/{rel}","templated":true}]}}