{"id":31652,"date":"2026-01-22T11:32:15","date_gmt":"2026-01-22T14:32:15","guid":{"rendered":"https:\/\/www.sportchaco.com.ar\/?p=31652"},"modified":"2026-01-22T11:32:59","modified_gmt":"2026-01-22T14:32:59","slug":"federal-mensaje-critico-de-union-progresista","status":"publish","type":"post","link":"https:\/\/www.sportchaco.com.ar\/?p=31652","title":{"rendered":"Federal: mensaje cr\u00edtico de Uni\u00f3n Progresista"},"content":{"rendered":"<header>\n<h1><\/h1>\n<h4><strong><span style=\"font-size: 16px;\">El club de Villa \u00c1ngela descart\u00f3 de plano su participaci\u00f3n en la Liga Federal 2026. Sin respaldo econ\u00f3mico y tras un Prefederal que lo tuvo como candidato, la dirigencia apunta a una reestructuraci\u00f3n del calendario provincial como \u00fanica salida para sostener la actividad.<\/span><\/strong><\/h4>\n<div class=\"meta\"><\/div>\n<\/header>\n<section class=\"body\">\n<section class=\"content\">\n<div class=\"main-text\">\n<p>Progresista de Villa \u00c1ngela fue, durante buena parte de la \u00faltima temporada, uno de los nombres que aparec\u00eda con fuerza cuando se hablaba de posibles representantes chaque\u00f1os en la Liga Federal 2026. Sin embargo, NORTE pudo confirmar que la dirigencia decidi\u00f3 cerrar definitivamente esa puerta, incluso m\u00e1s all\u00e1 de no haber logrado la clasificaci\u00f3n por m\u00e9rito deportivo en el Prefederal provincial 2025.<\/p>\n<div class=\" large m_image\">\n<figure><figcaption><em><strong>Foto portada; A estadio lleno juega habitualmente Uni\u00f3n Progresista en Villa \u00c1ngela. Ahora, se baja del sue\u00f1o federal.<\/strong><\/em><\/figcaption><\/figure>\n<\/div>\n<p>El golpe deportivo lleg\u00f3 antes. Progre hab\u00eda sido el gran candidato a quedarse con el torneo chaque\u00f1o, pero en el camino se cruz\u00f3 Don Bosco, que lo elimin\u00f3 en cuartos de final y lo dej\u00f3 con las manos vac\u00edas. Aun as\u00ed, la expectativa de un posible Federal segu\u00eda latente en Villa \u00c1ngela, hasta que la realidad econ\u00f3mica termin\u00f3 imponi\u00e9ndose.<\/p>\n<p>\u00ab<strong><em>Descartamos la posibilidad de jugar<\/em><\/strong>\u00ab, fue la definici\u00f3n contundente desde la conducci\u00f3n del club. El motivo es claro y se repite en gran parte del interior provincial: la falta de recursos y de respuestas oficiales. \u00ab<strong><em>La cuesti\u00f3n es econ\u00f3mica y no tenemos respuesta del Gobierno. Todos los deportes y categor\u00edas de Resistencia tienen apoyo y nosotros, los clubes del interior, no tenemos nada<\/em><\/strong>\u00ab, expresaron.<\/p>\n<p>M\u00e1s all\u00e1 de la decisi\u00f3n puntual, desde Progresista dejaron una reflexi\u00f3n que apunta a una discusi\u00f3n m\u00e1s profunda sobre el futuro del b\u00e1squet chaque\u00f1o. Para la dirigencia, la Liga Federal no es hoy una soluci\u00f3n, sino un problema estructural: \u00ab<em>No sirve el Federal porque es un gastadero de mucha plata, la gente no va a la cancha y todos los clubes est\u00e1n igual\u00bb.<\/em><\/p>\n<p>La propuesta es concreta y apunta al \u00e1mbito local. Progre reclama que la Federaci\u00f3n Chaque\u00f1a de B\u00e1squet organice dos torneos Prefederal por a\u00f1o \u2014Apertura y Clausura\u2014 como una manera de generar competencia sostenida y recursos genuinos. \u00ab<strong><em>Es lo que se puede jugar para juntar fondos. Si el b\u00e1squet quiere revivir en el Chaco, tiene que haber de por vida dos Prefederales<\/em><\/strong>\u00ab, sostuvieron.<\/p>\n<p>As\u00ed, mientras otros clubes afinan detalles para competir a nivel nacional, Progresista opta por un paso al costado, con una postura cr\u00edtica y un mensaje que refleja la realidad del interior: sin estructura econ\u00f3mica, el sue\u00f1o Federal sigue siendo -para muchos-, un lujo imposible. Fuente Diario Norte.<\/p>\n<\/div>\n<p style=\"text-align: center;\"><img loading=\"lazy\" decoding=\"async\" class=\"alignnone size-medium wp-image-31295\" src=\"https:\/\/www.sportchaco.com.ar\/wp-content\/uploads\/2026\/01\/Ahorros-de-Verano-BANNERS-WEB_1080x1350-28-240x300.gif\" alt=\"\" width=\"240\" height=\"300\" srcset=\"https:\/\/www.sportchaco.com.ar\/wp-content\/uploads\/2026\/01\/Ahorros-de-Verano-BANNERS-WEB_1080x1350-28-240x300.gif 240w, https:\/\/www.sportchaco.com.ar\/wp-content\/uploads\/2026\/01\/Ahorros-de-Verano-BANNERS-WEB_1080x1350-28-819x1024.gif 819w, https:\/\/www.sportchaco.com.ar\/wp-content\/uploads\/2026\/01\/Ahorros-de-Verano-BANNERS-WEB_1080x1350-28-768x960.gif 768w, https:\/\/www.sportchaco.com.ar\/wp-content\/uploads\/2026\/01\/Ahorros-de-Verano-BANNERS-WEB_1080x1350-28-1229x1536.gif 1229w, https:\/\/www.sportchaco.com.ar\/wp-content\/uploads\/2026\/01\/Ahorros-de-Verano-BANNERS-WEB_1080x1350-28-1639x2048.gif 1639w\" sizes=\"auto, (max-width: 240px) 100vw, 240px\" \/> <img loading=\"lazy\" decoding=\"async\" class=\"alignnone size-medium wp-image-31276\" src=\"https:\/\/www.sportchaco.com.ar\/wp-content\/uploads\/2026\/01\/WhatsApp-Image-2026-01-13-at-10.45.08-3-300x300.jpeg\" alt=\"\" width=\"300\" height=\"300\" srcset=\"https:\/\/www.sportchaco.com.ar\/wp-content\/uploads\/2026\/01\/WhatsApp-Image-2026-01-13-at-10.45.08-3-300x300.jpeg 300w, https:\/\/www.sportchaco.com.ar\/wp-content\/uploads\/2026\/01\/WhatsApp-Image-2026-01-13-at-10.45.08-3-150x150.jpeg 150w, https:\/\/www.sportchaco.com.ar\/wp-content\/uploads\/2026\/01\/WhatsApp-Image-2026-01-13-at-10.45.08-3.jpeg 417w\" sizes=\"auto, (max-width: 300px) 100vw, 300px\" \/><\/p>\n<\/section>\n<\/section>\n","protected":false},"excerpt":{"rendered":"<p>El club de Villa \u00c1ngela descart\u00f3 de plano su participaci\u00f3n en la Liga Federal 2026. Sin respaldo econ\u00f3mico y tras un Prefederal que lo tuvo como candidato, la dirigencia apunta a una reestructuraci\u00f3n del calendario provincial como \u00fanica salida para sostener la actividad. Progresista de Villa \u00c1ngela fue, durante buena parte de la \u00faltima temporada, &hellip;<\/p>\n","protected":false},"author":2,"featured_media":31654,"comment_status":"open","ping_status":"open","sticky":false,"template":"","format":"standard","meta":{"footnotes":""},"categories":[3],"tags":[],"class_list":["post-31652","post","type-post","status-publish","format-standard","has-post-thumbnail","hentry","category-basquetbol"],"_links":{"self":[{"href":"https:\/\/www.sportchaco.com.ar\/index.php?rest_route=\/wp\/v2\/posts\/31652","targetHints":{"allow":["GET"]}}],"collection":[{"href":"https:\/\/www.sportchaco.com.ar\/index.php?rest_route=\/wp\/v2\/posts"}],"about":[{"href":"https:\/\/www.sportchaco.com.ar\/index.php?rest_route=\/wp\/v2\/types\/post"}],"author":[{"embeddable":true,"href":"https:\/\/www.sportchaco.com.ar\/index.php?rest_route=\/wp\/v2\/users\/2"}],"replies":[{"embeddable":true,"href":"https:\/\/www.sportchaco.com.ar\/index.php?rest_route=%2Fwp%2Fv2%2Fcomments&post=31652"}],"version-history":[{"count":2,"href":"https:\/\/www.sportchaco.com.ar\/index.php?rest_route=\/wp\/v2\/posts\/31652\/revisions"}],"predecessor-version":[{"id":31655,"href":"https:\/\/www.sportchaco.com.ar\/index.php?rest_route=\/wp\/v2\/posts\/31652\/revisions\/31655"}],"wp:featuredmedia":[{"embeddable":true,"href":"https:\/\/www.sportchaco.com.ar\/index.php?rest_route=\/wp\/v2\/media\/31654"}],"wp:attachment":[{"href":"https:\/\/www.sportchaco.com.ar\/index.php?rest_route=%2Fwp%2Fv2%2Fmedia&parent=31652"}],"wp:term":[{"taxonomy":"category","embeddable":true,"href":"https:\/\/www.sportchaco.com.ar\/index.php?rest_route=%2Fwp%2Fv2%2Fcategories&post=31652"},{"taxonomy":"post_tag","embeddable":true,"href":"https:\/\/www.sportchaco.com.ar\/index.php?rest_route=%2Fwp%2Fv2%2Ftags&post=31652"}],"curies":[{"name":"wp","href":"https:\/\/api.w.org\/{rel}","templated":true}]}}