{"id":31688,"date":"2026-01-22T22:32:12","date_gmt":"2026-01-23T01:32:12","guid":{"rendered":"https:\/\/www.sportchaco.com.ar\/?p=31688"},"modified":"2026-01-22T22:32:12","modified_gmt":"2026-01-23T01:32:12","slug":"federal-se-suma-regatas-y-solo-falta-confirmar-cultural","status":"publish","type":"post","link":"https:\/\/www.sportchaco.com.ar\/?p=31688","title":{"rendered":"Federal: Se  suma Regatas y solo falta confirmar Cultural"},"content":{"rendered":"<header class=\"with-person\">\n<div class=\"person\">\n<figure><\/figure>\n<figure>22-01-2026<\/figure>\n<\/div>\n<div>\n<h1>Regatas se sube al Federal y el Chaco sue\u00f1a en grande<\/h1>\n<div>\n<p>El campe\u00f3n del Prefederal 2025 Regatas Resistencia confirm\u00f3 su participaci\u00f3n en el Federal de B\u00e1squetbol, y la provincia se encamina a una presencia hist\u00f3rica en la tercera categor\u00eda del b\u00e1squet argentino.<\/p>\n<\/div>\n<div class=\"meta\"><img loading=\"lazy\" decoding=\"async\" src=\"https:\/\/www.diarionorte.com\/content\/bucket\/1\/422521w139h139c.jpg.webp\" alt=\"\" width=\"139\" height=\"139\" \/><strong>Guillermo Koster Columnista Gentileza<\/strong><\/div>\n<\/div>\n<\/header>\n<section class=\"body\">\n<section class=\"content\">\n<div class=\"main-text\">\n<div class=\"social\">\n<div class=\"share\"><\/div>\n<\/div>\n<p>El mapa del b\u00e1squet chaque\u00f1o empieza a tomar forma y la ilusi\u00f3n crece. De los cinco equipos anunciados oportunamente por NORTE con chances de disputar la Liga Federal de B\u00e1squet 2026, ya son cuatro los que confirmaron su participaci\u00f3n: Hind\u00fa Club, Don Bosco, H\u00e9rcules de Charata y ahora tambi\u00e9n Regatas de Resistencia. En las pr\u00f3ximas horas se sumar\u00eda Cultural de Santa Sylvina, lo que marcar\u00eda una presencia r\u00e9cord del Chaco en la tercera categor\u00eda del b\u00e1squet argentino.<\/p>\n<div class=\" large m_image\">\n<figure><picture><source srcset=\"https:\/\/www.diarionorte.com\/content\/bucket\/0\/444410w790h592c.jpg.webp\" type=\"image\/webp\" media=\"(min-width: 640px)\" \/><source srcset=\"https:\/\/www.diarionorte.com\/content\/bucket\/0\/444410w440h330c.jpg.webp\" type=\"image\/webp\" media=\"(min-width: 300px)\" \/><source srcset=\"https:\/\/www.diarionorte.com\/content\/bucket\/0\/444410w790h592c.jpg\" media=\"(min-width: 300px)\" \/><img loading=\"lazy\" decoding=\"async\" class=\"pic\" src=\"https:\/\/www.diarionorte.com\/content\/bucket\/0\/444410w790h592c.jpg.webp\" alt=\"\" width=\"790\" height=\"592\" \/><\/picture><\/figure>\n<\/div>\n<p>La confirmaci\u00f3n del \u00abremero\u00bb no sorprendi\u00f3 desde lo deportivo, pero s\u00ed por la firmeza del mensaje puertas adentro. \u00abVamos a jugar el Federal. Vamos a meternos\u00bb, fue la definici\u00f3n concreta desde la dirigencia, dejando en claro que la apuesta ser\u00e1 con identidad propia. Regatas afrontar\u00e1 el torneo con la base del equipo que disput\u00f3 el Prefederal, sin incorporaciones externas y con una sola baja: el alero-fuerte Bruno Galassi, quien se ausentar\u00e1 durante todo el a\u00f1o por motivos de estudio en Buenos Aires.<\/p>\n<p>La continuidad tambi\u00e9n se respeta en el banco. Juan Cruz Carrasco seguir\u00e1 al frente del primer equipo, ratificando un proceso que dio resultados y que hoy ilusiona al pueblo remero con medirse en el plano nacional. En paralelo, la dirigencia mantiene gestiones abiertas: este jueves habr\u00e1 una reuni\u00f3n con autoridades del \u00e1rea de Deportes en el polideportivo Jaime Zapata, en busca de respaldo institucional para afrontar el exigente desaf\u00edo econ\u00f3mico que implica la competencia.<\/p>\n<div class=\" large m_image\">\n<figure><picture><source srcset=\"https:\/\/www.diarionorte.com\/content\/bucket\/1\/444411w790h552c.jpg.webp\" type=\"image\/webp\" media=\"(min-width: 640px)\" \/><source srcset=\"https:\/\/www.diarionorte.com\/content\/bucket\/1\/444411w440h307c.jpg.webp\" type=\"image\/webp\" media=\"(min-width: 300px)\" \/><source srcset=\"https:\/\/www.diarionorte.com\/content\/bucket\/1\/444411w790h552c.jpg\" media=\"(min-width: 300px)\" \/><img loading=\"lazy\" decoding=\"async\" class=\"pic\" src=\"https:\/\/www.diarionorte.com\/content\/bucket\/1\/444411w790h552c.jpg.webp\" alt=\"\" width=\"790\" height=\"552\" \/><\/picture><\/figure>\n<\/div>\n<p>Entre los jugadores que continuar\u00e1n en la instituci\u00f3n, se destacan Carlos \u00abCharly\u00bb Banegas, \u00c1lbaro \u00abPupi\u00bb Magallanes, Maximiliano Barrios, Federico y Genaro Hoferek, Brian Maglier, Alexis y Gonzalo Garc\u00eda y el goleador Fernando \u00abFerchu\u00bb Margosa; junto a los juveniles Eliseo Llano y Lautaro De B\u00f3rtoli.<\/p>\n<p>Regatas llega al Federal con pergaminos recientes. Es el \u00faltimo campe\u00f3n del Prefederal provincial y en 2025 alcanz\u00f3 ambas finales: la de la Asociaci\u00f3n de B\u00e1squet de Resistencia y la del certamen chaque\u00f1o, donde se consagr\u00f3 campe\u00f3n al imponerse 3 a 2 como visitante ante Cultural de Santa Sylvina. Un recorrido que lo posiciona como el mejor representante provincial del momento y explica por qu\u00e9 su presencia en la cita federal era casi una obligaci\u00f3n deportiva.<\/p>\n<div class=\" large m_image\">\n<figure><picture><source srcset=\"https:\/\/www.diarionorte.com\/content\/bucket\/2\/444412w790h567c.jpg.webp\" type=\"image\/webp\" media=\"(min-width: 640px)\" \/><source srcset=\"https:\/\/www.diarionorte.com\/content\/bucket\/2\/444412w440h316c.jpg.webp\" type=\"image\/webp\" media=\"(min-width: 300px)\" \/><source srcset=\"https:\/\/www.diarionorte.com\/content\/bucket\/2\/444412w790h567c.jpg\" media=\"(min-width: 300px)\" \/><img loading=\"lazy\" decoding=\"async\" class=\"pic\" src=\"https:\/\/www.diarionorte.com\/content\/bucket\/2\/444412w790h567c.jpg.webp\" alt=\"\" width=\"790\" height=\"567\" \/><\/picture><\/figure>\n<\/div>\n<p>Con confirmaciones que se multiplican y proyectos que se animan a dar el salto, el b\u00e1squet chaque\u00f1o comienza a escribir una p\u00e1gina especial. El Federal 2026 aparece en el horizonte y el Chaco, esta vez, quiere ser protagonista.<\/p>\n<p><em><strong>Foto portada de Joaqu\u00edn Margosa<\/strong><\/em><\/p>\n<figure><picture><source srcset=\"https:\/\/www.diarionorte.com\/content\/bucket\/1\/422521w80h80c.jpg\" media=\"(min-width: 300px)\" \/><img loading=\"lazy\" decoding=\"async\" src=\"https:\/\/www.diarionorte.com\/content\/bucket\/1\/422521w80h80c.jpg.webp\" alt=\"\" width=\"80\" height=\"80\" \/><\/picture><\/figure>\n<h5 class=\"person-desc floatFix\"><em><strong><span class=\"name\">Por\u00a0Guillermo Koster<\/span><\/strong><\/em><\/h5>\n<\/div>\n<\/section>\n<\/section>\n","protected":false},"excerpt":{"rendered":"<p>22-01-2026 Regatas se sube al Federal y el Chaco sue\u00f1a en grande El campe\u00f3n del Prefederal 2025 Regatas Resistencia confirm\u00f3 su participaci\u00f3n en el Federal de B\u00e1squetbol, y la provincia se encamina a una presencia hist\u00f3rica en la tercera categor\u00eda del b\u00e1squet argentino. Guillermo Koster Columnista Gentileza El mapa del b\u00e1squet chaque\u00f1o empieza a tomar &hellip;<\/p>\n","protected":false},"author":2,"featured_media":31689,"comment_status":"open","ping_status":"open","sticky":false,"template":"","format":"standard","meta":{"footnotes":""},"categories":[3],"tags":[],"class_list":["post-31688","post","type-post","status-publish","format-standard","has-post-thumbnail","hentry","category-basquetbol"],"_links":{"self":[{"href":"https:\/\/www.sportchaco.com.ar\/index.php?rest_route=\/wp\/v2\/posts\/31688","targetHints":{"allow":["GET"]}}],"collection":[{"href":"https:\/\/www.sportchaco.com.ar\/index.php?rest_route=\/wp\/v2\/posts"}],"about":[{"href":"https:\/\/www.sportchaco.com.ar\/index.php?rest_route=\/wp\/v2\/types\/post"}],"author":[{"embeddable":true,"href":"https:\/\/www.sportchaco.com.ar\/index.php?rest_route=\/wp\/v2\/users\/2"}],"replies":[{"embeddable":true,"href":"https:\/\/www.sportchaco.com.ar\/index.php?rest_route=%2Fwp%2Fv2%2Fcomments&post=31688"}],"version-history":[{"count":1,"href":"https:\/\/www.sportchaco.com.ar\/index.php?rest_route=\/wp\/v2\/posts\/31688\/revisions"}],"predecessor-version":[{"id":31690,"href":"https:\/\/www.sportchaco.com.ar\/index.php?rest_route=\/wp\/v2\/posts\/31688\/revisions\/31690"}],"wp:featuredmedia":[{"embeddable":true,"href":"https:\/\/www.sportchaco.com.ar\/index.php?rest_route=\/wp\/v2\/media\/31689"}],"wp:attachment":[{"href":"https:\/\/www.sportchaco.com.ar\/index.php?rest_route=%2Fwp%2Fv2%2Fmedia&parent=31688"}],"wp:term":[{"taxonomy":"category","embeddable":true,"href":"https:\/\/www.sportchaco.com.ar\/index.php?rest_route=%2Fwp%2Fv2%2Fcategories&post=31688"},{"taxonomy":"post_tag","embeddable":true,"href":"https:\/\/www.sportchaco.com.ar\/index.php?rest_route=%2Fwp%2Fv2%2Ftags&post=31688"}],"curies":[{"name":"wp","href":"https:\/\/api.w.org\/{rel}","templated":true}]}}