{"id":31691,"date":"2026-01-22T22:36:08","date_gmt":"2026-01-23T01:36:08","guid":{"rendered":"https:\/\/www.sportchaco.com.ar\/?p=31691"},"modified":"2026-01-22T22:38:02","modified_gmt":"2026-01-23T01:38:02","slug":"31691","status":"publish","type":"post","link":"https:\/\/www.sportchaco.com.ar\/?p=31691","title":{"rendered":"David Trezeguet vuelve a River y asumir\u00e1 un rol clave en la parte institucional"},"content":{"rendered":"<div class=\"content-article-title\">\n<div class=\"wrapper-layout center-content center_story max-width\">\n<div class=\"col-content\">\n<h1 class=\"article__title font__display\"><span style=\"font-size: 16px; font-weight: 400;\">22-01-2026<\/span><\/h1>\n<h1><\/h1>\n<p><strong style=\"font-style: italic;\">Foto portada: David Trezeguet vuelve a River y asumir\u00e1 un rol clave en la parte institucional (Foto: Prensa River Plate)<\/strong><\/p>\n<h2 class=\"article__title font__display\">David Trezeguet <span style=\"font-size: 24px;\">exfutbolista del Millonario fue presentado en su nuevo cargo junto al presidente Stefano Di Carlo. Ejercer\u00e1 un cargo institucional, como encargada de la vinculaci\u00f3n y representaci\u00f3n del club.<\/span><\/h2>\n<\/div>\n<\/div>\n<\/div>\n<div class=\"common-layout wrapper-layout center-content center_story max-width story article\">\n<div class=\"col-content\">\n<p>&nbsp;<\/p>\n<div class=\"article__header article__story article__article\">\n<div class=\"article__head\">\n<div class=\"article__lead-art article__lead-art-photo\" data-testid=\"LeadArtPhoto\">\n<figure class=\"\" data-testid=\"figure-testid\">\n<div class=\"aspect_ratio__container\"><\/div>\n<\/figure>\n<\/div>\n<div class=\"horizontal-share__container\"><\/div>\n<div class=\"trinity-tts-placeholder-icon-player\"><\/div>\n<\/div>\n<\/div>\n<div class=\"default-article-color article__body article__article\">\n<p class=\"paragraph font__body-regular\"><a title=\"https:\/\/tn.com.ar\/deportes\/futbol\/2023\/08\/04\/david-trezeguet-contesto-si-es-peor-descender-que-perder-una-final-y-la-respuesta-sorprendio-a-todo-river\/\" href=\"https:\/\/tn.com.ar\/deportes\/futbol\/2023\/08\/04\/david-trezeguet-contesto-si-es-peor-descender-que-perder-una-final-y-la-respuesta-sorprendio-a-todo-river\/\" target=\"_blank\" rel=\"noopener noreferrer\"><b>David Trezeguet<\/b><\/a>\u00a0vuelve a\u00a0<b>River<\/b>, esta vez para ejercer un rol institucional. Ser\u00e1 el\u00a0<b>encargado de la vinculaci\u00f3n y representaci\u00f3n del club<\/b>.<\/p>\n<p class=\"paragraph font__body-regular\">La presentaci\u00f3n se hizo este jueves en el estadio Monumental junto al Stefano Di Carlo, presidente del Millonario, y desde el club explicaron que Trezeguet asumir\u00e1 su cargo \u201ccon el objetivo de acompa\u00f1ar la estrategia de relacionamiento, el desarrollo de alianzas y la proyecci\u00f3n institucional\u201d.<\/p>\n<p class=\"paragraph font__body-regular\">\u201cTrabajar\u00e1 de manera articulada con las \u00e1reas de Institucional, Marketing y Comercial, colaborando en el dise\u00f1o y la ejecuci\u00f3n de iniciativas que generen\u00a0<b>nuevas oportunidades de valor para la instituci\u00f3n<\/b>\u201d, precisaron desde River y recalcaron la experiencia que tiene el franco-argentino al haber ejercido este rol previamente en la Juventis de Italia. El objetivo final ser\u00e1 reforzar el posicionamiento del Millonario.<\/p>\n<figure class=\"\" data-testid=\"figure-testid\">\n<div class=\"aspect_ratio__container\"><picture class=\"responsive-image\"><source srcset=\"https:\/\/tn.com.ar\/resizer\/v2\/david-trezeguet-fue-clave-en-el-ascenso-de-river-foto-dyn-AATTFCLUTRBBFB22ET6JKVFM6A.jpg?auth=7608cd88fe8972f3cd63dc8cfb167a5cadf30be11383048e05b041f51f8d48fd&amp;width=767\" type=\"image\/jpg\" media=\"(max-width: 728px)\" \/><source srcset=\"https:\/\/tn.com.ar\/resizer\/v2\/david-trezeguet-fue-clave-en-el-ascenso-de-river-foto-dyn-AATTFCLUTRBBFB22ET6JKVFM6A.jpg?auth=7608cd88fe8972f3cd63dc8cfb167a5cadf30be11383048e05b041f51f8d48fd&amp;width=1023\" type=\"image\/jpg\" media=\"(max-width: 1023px)\" \/><source srcset=\"https:\/\/tn.com.ar\/resizer\/v2\/david-trezeguet-fue-clave-en-el-ascenso-de-river-foto-dyn-AATTFCLUTRBBFB22ET6JKVFM6A.jpg?auth=7608cd88fe8972f3cd63dc8cfb167a5cadf30be11383048e05b041f51f8d48fd&amp;width=1440\" type=\"image\/jpg\" \/><img loading=\"lazy\" decoding=\"async\" class=\"image content-image image_placeholder\" src=\"https:\/\/tn.com.ar\/resizer\/v2\/david-trezeguet-fue-clave-en-el-ascenso-de-river-foto-dyn-AATTFCLUTRBBFB22ET6JKVFM6A.jpg?auth=7608cd88fe8972f3cd63dc8cfb167a5cadf30be11383048e05b041f51f8d48fd&amp;width=767\" alt=\"David Trezeguet fue clave en el ascenso de River. (Foto: DYN)\" width=\"767\" height=\"430\" data-testid=\"loading-testid\" \/><\/picture><\/div><figcaption class=\"caption_image\" data-testid=\"figcaption-testid\">\n<div class=\"image_caption \">David Trezeguet fue clave en el ascenso de River. (Foto: DYN)<\/div>\n<\/figcaption><\/figure>\n<p class=\"paragraph font__body-regular\">Trezeguet, surgido de Platense y campe\u00f3n del mundo con la Selecci\u00f3n de Francia en 1998,\u00a0<b>fue futbolista de River<\/b>. Lleg\u00f3 al club en 2012, cuando el equipo estaba en la segunda categor\u00eda, y se qued\u00f3 hasta 2013. Actualmente tiene 48 a\u00f1os.<\/p>\n<h2 class=\"font--primary font__display\">Cu\u00e1les ser\u00e1n las funciones de David Trezeguet en River<\/h2>\n<p class=\"paragraph font__body-regular\"><i>En un comunicado oficial, el club de N\u00fa\u00f1ez inform\u00f3 que el exdelantero participar\u00e1 en:<\/i><\/p>\n<p class=\"paragraph font__body-regular\"><i>&#8211; El armado y la gesti\u00f3n de alianzas estrat\u00e9gicas con organizaciones, empresas e instituciones.<\/i><\/p>\n<p class=\"paragraph font__body-regular\"><i>&#8211; El acompa\u00f1amiento en acuerdos comerciales y activaciones vinculadas a sponsors y partners del Club, as\u00ed como en el desarrollo de programas de academias y experiencias formativas.<\/i><\/p>\n<p class=\"paragraph font__body-regular\"><i>&#8211; La representaci\u00f3n institucional y deportiva del Club en eventos oficiales, celebraciones, encuentros protocolares y acciones de vinculaci\u00f3n.<\/i><\/p>\n<p class=\"paragraph font__body-regular\"><i>&#8211; Instancias de relacionamiento con referentes del f\u00fatbol, la industria del deporte y actores clave (locales y, cuando corresponda, del exterior), en coordinaci\u00f3n con las \u00e1reas correspondientes del Club.<\/i><\/p>\n<\/div>\n<p><img loading=\"lazy\" decoding=\"async\" class=\"alignnone size-medium wp-image-31275\" src=\"https:\/\/www.sportchaco.com.ar\/wp-content\/uploads\/2026\/01\/WhatsApp-Image-2026-01-13-at-10.45.08-5-300x300.jpeg\" alt=\"\" width=\"300\" height=\"300\" srcset=\"https:\/\/www.sportchaco.com.ar\/wp-content\/uploads\/2026\/01\/WhatsApp-Image-2026-01-13-at-10.45.08-5-300x300.jpeg 300w, https:\/\/www.sportchaco.com.ar\/wp-content\/uploads\/2026\/01\/WhatsApp-Image-2026-01-13-at-10.45.08-5-150x150.jpeg 150w, https:\/\/www.sportchaco.com.ar\/wp-content\/uploads\/2026\/01\/WhatsApp-Image-2026-01-13-at-10.45.08-5.jpeg 521w\" sizes=\"auto, (max-width: 300px) 100vw, 300px\" \/> <img loading=\"lazy\" decoding=\"async\" class=\"alignnone size-full wp-image-31286\" src=\"https:\/\/www.sportchaco.com.ar\/wp-content\/uploads\/2026\/01\/WhatsApp-Image-2026-01-13-at-10.45.08-2.jpeg\" alt=\"\" width=\"201\" height=\"201\" srcset=\"https:\/\/www.sportchaco.com.ar\/wp-content\/uploads\/2026\/01\/WhatsApp-Image-2026-01-13-at-10.45.08-2.jpeg 201w, https:\/\/www.sportchaco.com.ar\/wp-content\/uploads\/2026\/01\/WhatsApp-Image-2026-01-13-at-10.45.08-2-150x150.jpeg 150w\" sizes=\"auto, (max-width: 201px) 100vw, 201px\" \/><\/p>\n<\/div>\n<\/div>\n","protected":false},"excerpt":{"rendered":"<p>22-01-2026 Foto portada: David Trezeguet vuelve a River y asumir\u00e1 un rol clave en la parte institucional (Foto: Prensa River Plate) David Trezeguet exfutbolista del Millonario fue presentado en su nuevo cargo junto al presidente Stefano Di Carlo. Ejercer\u00e1 un cargo institucional, como encargada de la vinculaci\u00f3n y representaci\u00f3n del club. &nbsp; David Trezeguet\u00a0vuelve a\u00a0River, &hellip;<\/p>\n","protected":false},"author":2,"featured_media":31692,"comment_status":"open","ping_status":"open","sticky":false,"template":"","format":"standard","meta":{"footnotes":""},"categories":[47],"tags":[],"class_list":["post-31691","post","type-post","status-publish","format-standard","has-post-thumbnail","hentry","category-nacionales"],"_links":{"self":[{"href":"https:\/\/www.sportchaco.com.ar\/index.php?rest_route=\/wp\/v2\/posts\/31691","targetHints":{"allow":["GET"]}}],"collection":[{"href":"https:\/\/www.sportchaco.com.ar\/index.php?rest_route=\/wp\/v2\/posts"}],"about":[{"href":"https:\/\/www.sportchaco.com.ar\/index.php?rest_route=\/wp\/v2\/types\/post"}],"author":[{"embeddable":true,"href":"https:\/\/www.sportchaco.com.ar\/index.php?rest_route=\/wp\/v2\/users\/2"}],"replies":[{"embeddable":true,"href":"https:\/\/www.sportchaco.com.ar\/index.php?rest_route=%2Fwp%2Fv2%2Fcomments&post=31691"}],"version-history":[{"count":4,"href":"https:\/\/www.sportchaco.com.ar\/index.php?rest_route=\/wp\/v2\/posts\/31691\/revisions"}],"predecessor-version":[{"id":31696,"href":"https:\/\/www.sportchaco.com.ar\/index.php?rest_route=\/wp\/v2\/posts\/31691\/revisions\/31696"}],"wp:featuredmedia":[{"embeddable":true,"href":"https:\/\/www.sportchaco.com.ar\/index.php?rest_route=\/wp\/v2\/media\/31692"}],"wp:attachment":[{"href":"https:\/\/www.sportchaco.com.ar\/index.php?rest_route=%2Fwp%2Fv2%2Fmedia&parent=31691"}],"wp:term":[{"taxonomy":"category","embeddable":true,"href":"https:\/\/www.sportchaco.com.ar\/index.php?rest_route=%2Fwp%2Fv2%2Fcategories&post=31691"},{"taxonomy":"post_tag","embeddable":true,"href":"https:\/\/www.sportchaco.com.ar\/index.php?rest_route=%2Fwp%2Fv2%2Ftags&post=31691"}],"curies":[{"name":"wp","href":"https:\/\/api.w.org\/{rel}","templated":true}]}}