{"id":31697,"date":"2026-01-22T22:42:09","date_gmt":"2026-01-23T01:42:09","guid":{"rendered":"https:\/\/www.sportchaco.com.ar\/?p=31697"},"modified":"2026-01-22T22:42:09","modified_gmt":"2026-01-23T01:42:09","slug":"efemerides-del-23-de-enero-3","status":"publish","type":"post","link":"https:\/\/www.sportchaco.com.ar\/?p=31697","title":{"rendered":"Efem\u00e9rides del 23 de enero"},"content":{"rendered":"<div class=\"container fullwidth-entry-title-wrapper\">\n<div class=\"container-wrapper fullwidth-entry-title\">\n<header class=\"entry-header-outer\">\n<div class=\"entry-header\">\n<h1 class=\"post-title entry-title\">Efem\u00e9rides del 23 de enero<\/h1>\n<div class=\"single-post-meta post-meta clearfix\"><\/div>\n<\/div>\n<\/header>\n<\/div>\n<\/div>\n<div id=\"content\" class=\"site-content container\">\n<div id=\"main-content-row\" class=\"tie-row main-content-row\">\n<div class=\"main-content tie-col-md-8 tie-col-xs-12\" role=\"main\">\n<article id=\"the-post\" class=\"container-wrapper post-content tie-standard\">\n<div class=\"featured-area\">\n<div class=\"featured-area-inner\">\n<figure class=\"single-featured-image\"><\/figure>\n<\/div>\n<\/div>\n<div class=\"entry-content entry clearfix\">\n<div class=\"container fullwidth-entry-title-wrapper\">\n<div class=\"container-wrapper fullwidth-entry-title\">\n<header class=\"entry-header-outer\">\n<div class=\"entry-header\">\n<h1 class=\"post-title entry-title\"><\/h1>\n<h5 class=\"single-post-meta post-meta clearfix\"><\/h5>\n<\/div>\n<\/header>\n<\/div>\n<\/div>\n<div id=\"content\" class=\"site-content container\">\n<div id=\"main-content-row\" class=\"tie-row main-content-row\">\n<div class=\"main-content tie-col-md-8 tie-col-xs-12\" role=\"main\">\n<article id=\"the-post\" class=\"container-wrapper post-content tie-standard\">\n<div class=\"featured-area-inner\"><\/div>\n<div class=\"entry-content entry clearfix\">\n<h5><strong>Esta es la Efem\u00e9rides del Deporte en el Chaco de un 23 de enero del periodista Luis Dar\u00edo Molodezky<\/strong><\/h5>\n<p>&nbsp;<\/p>\n<p><img loading=\"lazy\" decoding=\"async\" class=\"alignnone size-medium wp-image-31698 aligncenter\" src=\"https:\/\/www.sportchaco.com.ar\/wp-content\/uploads\/2026\/01\/Luis-y-Betty-2026-scaled-e1769132416903-221x300.jpg\" alt=\"\" width=\"221\" height=\"300\" srcset=\"https:\/\/www.sportchaco.com.ar\/wp-content\/uploads\/2026\/01\/Luis-y-Betty-2026-scaled-e1769132416903-221x300.jpg 221w, https:\/\/www.sportchaco.com.ar\/wp-content\/uploads\/2026\/01\/Luis-y-Betty-2026-scaled-e1769132416903-755x1024.jpg 755w, https:\/\/www.sportchaco.com.ar\/wp-content\/uploads\/2026\/01\/Luis-y-Betty-2026-scaled-e1769132416903-768x1042.jpg 768w, https:\/\/www.sportchaco.com.ar\/wp-content\/uploads\/2026\/01\/Luis-y-Betty-2026-scaled-e1769132416903.jpg 896w\" sizes=\"auto, (max-width: 221px) 100vw, 221px\" \/><\/p>\n<p><strong>1941\u00a0<\/strong>\/ Se funda el Club Atl\u00e9tico Villa Alvear, que con el tiempo se ir\u00eda constituyendo en la representaci\u00f3n de una gran barriada de Resistencia. La primera comisi\u00f3n directiva, qued\u00f3 conformada as\u00ed: presidente Secundino Ver\u00f3n, tesorero Armando Airala, secretario Arnaldo Balcaza, pro tesorero Rodolfo R\u00edos, vocales Demetrio Castillo, Alpidio G\u00f3mez, Ram\u00f3n Alarc\u00f3n, Leopoldo Alarc\u00f3n y Antonio Gonz\u00e1lez. En 1997 se inaugur\u00f3 su campo de f\u00fatbol y en 1998 el play\u00f3n de la cancha de b\u00e1squetbol. En 1954 logra ascender a primera divisi\u00f3n. Su primer t\u00edtulo lleg\u00f3 en 1985 cuando gan\u00f3 el selectivo.<\/p>\n<p>&nbsp;<\/p>\n<p><strong>1968\u00a0<\/strong>\/ Se funda la Federaci\u00f3n de Judo del Chaco.<\/p>\n<p>&nbsp;<\/p>\n<p>&nbsp;<\/p>\n<p><strong>1977 \/<\/strong>\u00a0Luis \u201cMojarrita\u201d Ag\u00fcero realiza una demostraci\u00f3n atado de pies y manos en la laguna de Puerto Tirol, ante una multitudinaria cantidad de pobladores de toda la zona. Se mantuvo en el agua desde las 20 del s\u00e1bado hasta las 22 del domingo.<\/p>\n<p>&nbsp;<\/p>\n<p><strong>2004 \/<\/strong>\u00a0Los jugadores de rugby chaque\u00f1os Eduardo Schanton, Paul M\u00e9ndez Morgan y Eduardo \u00c1lvarez, guiados por Daniel Pizarro arribaron a la cima del Aconcagua, cumpliendo el objetivo de lo que denominaron \u201cTocata 7000\u201d. Fue la primera vez que un grupo de chaque\u00f1os logr\u00f3 esta haza\u00f1a.<\/p>\n<p>&nbsp;<\/p>\n<p>&nbsp;<\/p>\n<h3><img loading=\"lazy\" decoding=\"async\" class=\"alignnone size-medium wp-image-31699 aligncenter\" src=\"https:\/\/www.sportchaco.com.ar\/wp-content\/uploads\/2026\/01\/Villa-Alvear-1985-300x222.jpg\" alt=\"\" width=\"300\" height=\"222\" srcset=\"https:\/\/www.sportchaco.com.ar\/wp-content\/uploads\/2026\/01\/Villa-Alvear-1985-300x222.jpg 300w, https:\/\/www.sportchaco.com.ar\/wp-content\/uploads\/2026\/01\/Villa-Alvear-1985.jpg 600w\" sizes=\"auto, (max-width: 300px) 100vw, 300px\" \/><\/h3>\n<h6>Foto de algunos de los jugadores del gran equipo de 1985, dirigido por Waldemar Santos Oliveira. Entre otros Jos\u00e9 Barrero, Jara, Balcaza, Rosales, comisario Aguirre, Julio Guti\u00e9rrez, Geiser, y el dirigente Papi Insaurralde.<\/h6>\n<p style=\"text-align: center;\"><img loading=\"lazy\" decoding=\"async\" class=\"alignnone size-medium wp-image-31276\" src=\"https:\/\/www.sportchaco.com.ar\/wp-content\/uploads\/2026\/01\/WhatsApp-Image-2026-01-13-at-10.45.08-3-300x300.jpeg\" alt=\"\" width=\"300\" height=\"300\" srcset=\"https:\/\/www.sportchaco.com.ar\/wp-content\/uploads\/2026\/01\/WhatsApp-Image-2026-01-13-at-10.45.08-3-300x300.jpeg 300w, https:\/\/www.sportchaco.com.ar\/wp-content\/uploads\/2026\/01\/WhatsApp-Image-2026-01-13-at-10.45.08-3-150x150.jpeg 150w, https:\/\/www.sportchaco.com.ar\/wp-content\/uploads\/2026\/01\/WhatsApp-Image-2026-01-13-at-10.45.08-3.jpeg 417w\" sizes=\"auto, (max-width: 300px) 100vw, 300px\" \/> <img loading=\"lazy\" decoding=\"async\" class=\"alignnone size-full wp-image-31287\" src=\"https:\/\/www.sportchaco.com.ar\/wp-content\/uploads\/2026\/01\/WhatsApp-Image-2026-01-13-at-10.45.08.jpeg\" alt=\"\" width=\"300\" height=\"300\" srcset=\"https:\/\/www.sportchaco.com.ar\/wp-content\/uploads\/2026\/01\/WhatsApp-Image-2026-01-13-at-10.45.08.jpeg 300w, https:\/\/www.sportchaco.com.ar\/wp-content\/uploads\/2026\/01\/WhatsApp-Image-2026-01-13-at-10.45.08-150x150.jpeg 150w\" sizes=\"auto, (max-width: 300px) 100vw, 300px\" \/><\/p>\n<\/div>\n<\/article>\n<\/div>\n<\/div>\n<\/div>\n<\/div>\n<\/article>\n<\/div>\n<\/div>\n<\/div>\n","protected":false},"excerpt":{"rendered":"<p>Efem\u00e9rides del 23 de enero Esta es la Efem\u00e9rides del Deporte en el Chaco de un 23 de enero del periodista Luis Dar\u00edo Molodezky &nbsp; 1941\u00a0\/ Se funda el Club Atl\u00e9tico Villa Alvear, que con el tiempo se ir\u00eda constituyendo en la representaci\u00f3n de una gran barriada de Resistencia. La primera comisi\u00f3n directiva, qued\u00f3 conformada &hellip;<\/p>\n","protected":false},"author":2,"featured_media":31700,"comment_status":"open","ping_status":"open","sticky":false,"template":"","format":"standard","meta":{"footnotes":""},"categories":[1],"tags":[],"class_list":["post-31697","post","type-post","status-publish","format-standard","has-post-thumbnail","hentry","category-fotos-del-recuerdo"],"_links":{"self":[{"href":"https:\/\/www.sportchaco.com.ar\/index.php?rest_route=\/wp\/v2\/posts\/31697","targetHints":{"allow":["GET"]}}],"collection":[{"href":"https:\/\/www.sportchaco.com.ar\/index.php?rest_route=\/wp\/v2\/posts"}],"about":[{"href":"https:\/\/www.sportchaco.com.ar\/index.php?rest_route=\/wp\/v2\/types\/post"}],"author":[{"embeddable":true,"href":"https:\/\/www.sportchaco.com.ar\/index.php?rest_route=\/wp\/v2\/users\/2"}],"replies":[{"embeddable":true,"href":"https:\/\/www.sportchaco.com.ar\/index.php?rest_route=%2Fwp%2Fv2%2Fcomments&post=31697"}],"version-history":[{"count":1,"href":"https:\/\/www.sportchaco.com.ar\/index.php?rest_route=\/wp\/v2\/posts\/31697\/revisions"}],"predecessor-version":[{"id":31701,"href":"https:\/\/www.sportchaco.com.ar\/index.php?rest_route=\/wp\/v2\/posts\/31697\/revisions\/31701"}],"wp:featuredmedia":[{"embeddable":true,"href":"https:\/\/www.sportchaco.com.ar\/index.php?rest_route=\/wp\/v2\/media\/31700"}],"wp:attachment":[{"href":"https:\/\/www.sportchaco.com.ar\/index.php?rest_route=%2Fwp%2Fv2%2Fmedia&parent=31697"}],"wp:term":[{"taxonomy":"category","embeddable":true,"href":"https:\/\/www.sportchaco.com.ar\/index.php?rest_route=%2Fwp%2Fv2%2Fcategories&post=31697"},{"taxonomy":"post_tag","embeddable":true,"href":"https:\/\/www.sportchaco.com.ar\/index.php?rest_route=%2Fwp%2Fv2%2Ftags&post=31697"}],"curies":[{"name":"wp","href":"https:\/\/api.w.org\/{rel}","templated":true}]}}