{"id":31712,"date":"2026-01-23T22:23:17","date_gmt":"2026-01-24T01:23:17","guid":{"rendered":"https:\/\/www.sportchaco.com.ar\/?p=31712"},"modified":"2026-01-23T22:25:54","modified_gmt":"2026-01-24T01:25:54","slug":"efemerides-del-24-de-enero-3","status":"publish","type":"post","link":"https:\/\/www.sportchaco.com.ar\/?p=31712","title":{"rendered":"Efem\u00e9rides del 24 de enero"},"content":{"rendered":"<div class=\"container fullwidth-entry-title-wrapper\">\n<div class=\"container-wrapper fullwidth-entry-title\">\n<header class=\"entry-header-outer\">\n<div class=\"entry-header\">\n<h6 class=\"post-title entry-title\">Foto portada: reconocimiento en Villa San Mart\u00edn a Osvaldo Bocky Carlen. Atr\u00e1s Ricardo Siiri, actual presidente e integrante del equipo campe\u00f3n de 1978<\/h6>\n<\/div>\n<\/header>\n<\/div>\n<\/div>\n<div id=\"content\" class=\"site-content container\">\n<div id=\"main-content-row\" class=\"tie-row main-content-row\">\n<div class=\"main-content tie-col-md-8 tie-col-xs-12\" role=\"main\">\n<article id=\"the-post\" class=\"container-wrapper post-content tie-standard\">\n<div class=\"entry-content entry clearfix\">\n<div class=\"container fullwidth-entry-title-wrapper\">\n<div class=\"container-wrapper fullwidth-entry-title\"><\/div>\n<\/div>\n<div id=\"content\" class=\"site-content container\">\n<div id=\"main-content-row\" class=\"tie-row main-content-row\">\n<div class=\"main-content tie-col-md-8 tie-col-xs-12\" role=\"main\">\n<article id=\"the-post\" class=\"container-wrapper post-content tie-standard\">\n<div class=\"entry-content entry clearfix\">\n<h4><strong>\u00a0<\/strong><\/h4>\n<h5><strong>Esta es la Efem\u00e9rides del Deporte en el Chaco de un 24 de enero del periodista Luis Dar\u00edo Molodezky<\/strong><\/h5>\n<p><img loading=\"lazy\" decoding=\"async\" class=\"alignnone size-medium wp-image-31698 aligncenter\" src=\"https:\/\/www.sportchaco.com.ar\/wp-content\/uploads\/2026\/01\/Luis-y-Betty-2026-scaled-e1769132416903-221x300.jpg\" alt=\"\" width=\"221\" height=\"300\" srcset=\"https:\/\/www.sportchaco.com.ar\/wp-content\/uploads\/2026\/01\/Luis-y-Betty-2026-scaled-e1769132416903-221x300.jpg 221w, https:\/\/www.sportchaco.com.ar\/wp-content\/uploads\/2026\/01\/Luis-y-Betty-2026-scaled-e1769132416903-755x1024.jpg 755w, https:\/\/www.sportchaco.com.ar\/wp-content\/uploads\/2026\/01\/Luis-y-Betty-2026-scaled-e1769132416903-768x1042.jpg 768w, https:\/\/www.sportchaco.com.ar\/wp-content\/uploads\/2026\/01\/Luis-y-Betty-2026-scaled-e1769132416903.jpg 896w\" sizes=\"auto, (max-width: 221px) 100vw, 221px\" \/><\/p>\n<p>&nbsp;<\/p>\n<p><strong>1946\u00a0<\/strong>\/ Por asamblea se ratifica la fusi\u00f3n para el nacimiento de V\u00e9lez Sarsfield Libertad, y se decide la compra del predio de la calle Marcelo T. de Alvear 845 (antes calle Buenos Aires), propiedad de Jos\u00e9 Sabadini, con dinero proporcionado por la presidenta del club, se\u00f1orita Anello. La sede ya funcionaba y hab\u00eda sido inaugurada en ese lugar el 14 de setiembre de 1940.<\/p>\n<p><strong>1979\u00a0<\/strong>\/ Villa San Mart\u00edn se consagra campe\u00f3n Oficial 1978 de la Asociaci\u00f3n de B\u00e1squetbol de Resistencia, tras vencer en la pen\u00faltima fecha a Hind\u00fa por 71 a 68, y donde la recaudaci\u00f3n alcanz\u00f3 a los 173.810 pesos viejos. Integraron el plantel tricolor Ricardo Siri, Daniel Toledo, Osvaldo Carlen, Jorge Cedaro, Enrique Ledesma, Carlos Toledo, Ricardo Rojas, Escalada, Oscar Jim\u00e9nez y Leo M\u00fcller y Rafael Garc\u00eda Sol\u00e1. DT: Oscar Valussi.<\/p>\n<p><strong>1986\u00a0<\/strong>\/ Fallece uno de los m\u00e1s grandes basquetbolistas que dio el Chaco: Carlos Lutringer, a los 48 a\u00f1os. Fue capit\u00e1n de Villa San Mart\u00edn, del seleccionado de Chaco y de la Argentina. Entre 1957 y 1971, como jugador del Chaco, particip\u00f3 en doce campeonatos argentinos. Jug\u00f3 los sudamericanos de C\u00f3rdoba, R\u00edo y Lima, pero siempre jugando en Villa San Mart\u00edn sin alejarse del Chaco.<\/p>\n<p><strong>2023 \/<\/strong>\u00a0Fallece a los 78 a\u00f1os Luis \u201cPuch\u00edn\u201d Marc\u00f3n, nacido en Machagai y que practic\u00f3 el b\u00e1squetbol en Resistencia desde 1971. \u00a0hasta los 25 a\u00f1os, cuando decidi\u00f3 dedicarse al arbitraje, llegando a ser juez nacional. Represent\u00f3 a la Federaci\u00f3n Chaque\u00f1o en los nacionales junto a Miguel Chaquirez, Antonio Forte y Ram\u00f3n Torres. En los \u00faltimos a\u00f1os se dedic\u00f3 a su otra pasi\u00f3n, las motos, que le permiti\u00f3 recorrer la Argentina y varios sudamericanos.<\/p>\n<h3><\/h3>\n<p>&nbsp;<\/p>\n<p style=\"text-align: center;\"><img loading=\"lazy\" decoding=\"async\" class=\"alignnone size-full wp-image-31287\" src=\"https:\/\/www.sportchaco.com.ar\/wp-content\/uploads\/2026\/01\/WhatsApp-Image-2026-01-13-at-10.45.08.jpeg\" alt=\"\" width=\"300\" height=\"300\" srcset=\"https:\/\/www.sportchaco.com.ar\/wp-content\/uploads\/2026\/01\/WhatsApp-Image-2026-01-13-at-10.45.08.jpeg 300w, https:\/\/www.sportchaco.com.ar\/wp-content\/uploads\/2026\/01\/WhatsApp-Image-2026-01-13-at-10.45.08-150x150.jpeg 150w\" sizes=\"auto, (max-width: 300px) 100vw, 300px\" \/> <img loading=\"lazy\" decoding=\"async\" class=\"alignnone size-medium wp-image-31275\" src=\"https:\/\/www.sportchaco.com.ar\/wp-content\/uploads\/2026\/01\/WhatsApp-Image-2026-01-13-at-10.45.08-5-300x300.jpeg\" alt=\"\" width=\"300\" height=\"300\" srcset=\"https:\/\/www.sportchaco.com.ar\/wp-content\/uploads\/2026\/01\/WhatsApp-Image-2026-01-13-at-10.45.08-5-300x300.jpeg 300w, https:\/\/www.sportchaco.com.ar\/wp-content\/uploads\/2026\/01\/WhatsApp-Image-2026-01-13-at-10.45.08-5-150x150.jpeg 150w, https:\/\/www.sportchaco.com.ar\/wp-content\/uploads\/2026\/01\/WhatsApp-Image-2026-01-13-at-10.45.08-5.jpeg 521w\" sizes=\"auto, (max-width: 300px) 100vw, 300px\" \/><\/p>\n<\/div>\n<\/article>\n<\/div>\n<\/div>\n<\/div>\n<div class=\"post-bottom-meta post-bottom-edit\">\n<div class=\"post-bottom-meta-title\"><\/div>\n<\/div>\n<\/div>\n<\/article>\n<\/div>\n<\/div>\n<\/div>\n","protected":false},"excerpt":{"rendered":"<p>Foto portada: reconocimiento en Villa San Mart\u00edn a Osvaldo Bocky Carlen. Atr\u00e1s Ricardo Siiri, actual presidente e integrante del equipo campe\u00f3n de 1978 \u00a0 Esta es la Efem\u00e9rides del Deporte en el Chaco de un 24 de enero del periodista Luis Dar\u00edo Molodezky &nbsp; 1946\u00a0\/ Por asamblea se ratifica la fusi\u00f3n para el nacimiento de &hellip;<\/p>\n","protected":false},"author":2,"featured_media":31714,"comment_status":"open","ping_status":"open","sticky":false,"template":"","format":"standard","meta":{"footnotes":""},"categories":[45,31],"tags":[],"class_list":["post-31712","post","type-post","status-publish","format-standard","has-post-thumbnail","hentry","category-efemerides-dia-por-dia","category-enero"],"_links":{"self":[{"href":"https:\/\/www.sportchaco.com.ar\/index.php?rest_route=\/wp\/v2\/posts\/31712","targetHints":{"allow":["GET"]}}],"collection":[{"href":"https:\/\/www.sportchaco.com.ar\/index.php?rest_route=\/wp\/v2\/posts"}],"about":[{"href":"https:\/\/www.sportchaco.com.ar\/index.php?rest_route=\/wp\/v2\/types\/post"}],"author":[{"embeddable":true,"href":"https:\/\/www.sportchaco.com.ar\/index.php?rest_route=\/wp\/v2\/users\/2"}],"replies":[{"embeddable":true,"href":"https:\/\/www.sportchaco.com.ar\/index.php?rest_route=%2Fwp%2Fv2%2Fcomments&post=31712"}],"version-history":[{"count":5,"href":"https:\/\/www.sportchaco.com.ar\/index.php?rest_route=\/wp\/v2\/posts\/31712\/revisions"}],"predecessor-version":[{"id":31728,"href":"https:\/\/www.sportchaco.com.ar\/index.php?rest_route=\/wp\/v2\/posts\/31712\/revisions\/31728"}],"wp:featuredmedia":[{"embeddable":true,"href":"https:\/\/www.sportchaco.com.ar\/index.php?rest_route=\/wp\/v2\/media\/31714"}],"wp:attachment":[{"href":"https:\/\/www.sportchaco.com.ar\/index.php?rest_route=%2Fwp%2Fv2%2Fmedia&parent=31712"}],"wp:term":[{"taxonomy":"category","embeddable":true,"href":"https:\/\/www.sportchaco.com.ar\/index.php?rest_route=%2Fwp%2Fv2%2Fcategories&post=31712"},{"taxonomy":"post_tag","embeddable":true,"href":"https:\/\/www.sportchaco.com.ar\/index.php?rest_route=%2Fwp%2Fv2%2Ftags&post=31712"}],"curies":[{"name":"wp","href":"https:\/\/api.w.org\/{rel}","templated":true}]}}