{"id":31720,"date":"2026-01-23T19:22:22","date_gmt":"2026-01-23T22:22:22","guid":{"rendered":"https:\/\/www.sportchaco.com.ar\/?p=31720"},"modified":"2026-01-23T19:22:22","modified_gmt":"2026-01-23T22:22:22","slug":"defensores-se-impuso-en-castelli","status":"publish","type":"post","link":"https:\/\/www.sportchaco.com.ar\/?p=31720","title":{"rendered":"Defensores se impuso en Castelli"},"content":{"rendered":"<p><strong>23-01-2026<\/strong><\/p>\n<p><img loading=\"lazy\" decoding=\"async\" class=\"aligncenter size-full wp-image-20491\" src=\"https:\/\/www.sportchaco.com.ar\/wp-content\/uploads\/2025\/06\/PARQUE-SOLAR_720x90-01.gif\" alt=\"\" width=\"720\" height=\"90\" \/><\/p>\n<p>Este viernes se jug\u00f3 la semifinal zonal de ida de la cuarta ronda de la Regi\u00f3n Litoral Norte del Regional Amateur entre Sportivo Cultural y Defensores, recordando que fue suspendida el fin de semana pasado por las lluvias en Juan Jos\u00e9 Castelli.<\/p>\n<p>Fue triunfo del \u00abverde\u00bb de Vilelas por 2 a 0 por los goles anotados por Jonat\u00e1n Canario y Gustavo Carballo, uno en cada tiempo. Ahora, la revancha ser\u00e1 el martes 27 en Barranqueras, cancha de Don Orione, donde el equipo de Joaqu\u00edn Esp\u00edndola hace de local. Ese partido se jugar\u00e1 desde las 19:30 y el \u00e1rbitro ser\u00e1 Leandro Aragno de Rafaela.<\/p>\n<p>Mientras que el domingo se disputar\u00e1 la revancha entre Guaran\u00ed y Mandiy\u00fa. En Corrientes, en la ida, se impuso el conjunto de Posadas por la m\u00ednima diferencia.<\/p>\n<p><strong>REGI\u00d3N LITORAL NORTE<\/strong><br \/>\n<strong>CUARTA RONDA \u2013 IDA<br \/>\nViernes 23-01<br \/>\n<\/strong>1. Sportivo Cultural de Castelli 0 \u2013 Defensores de Vilelas 2<\/p>\n<p><strong>CUARTA RONDA \u2013 VUELTA<br \/>\nDomingo 25-01<\/strong><br \/>\n2. A las 17:30, Guaran\u00ed Antonio Franco de Posadas (1) \u2013 Deportivo Mandiy\u00fa de Corrientes (0)<br \/>\n<strong>\u00c1rbitro:\u00a0<\/strong>Maximiliano Manduca.\u00a0<strong>Asistentes:<\/strong>\u00a0Nicol\u00e1s Mottier y Juan Bonnin.\u00a0<strong>Cuarto \u00e1rbitro:<\/strong>\u00a0Joaqu\u00edn Urbani (todos de Santa Fe)<br \/>\n<em>*entre par\u00e9ntesis el resultado de la ida<\/em><\/p>\n<p><strong>Martes 27-01<\/strong><br \/>\n1. A las 19:30, Defensores de Vilelas \u2013 Sportivo Cultural de Castelli<br \/>\n<strong>\u00c1rbitro:\u00a0<\/strong>Leandro Aragno.\u00a0<strong>Asistentes:<\/strong>\u00a0Franco Ceballos y Angelo Trucco.\u00a0<strong>Cuarto \u00e1rbitro:<\/strong>\u00a0Facundo Rodr\u00edguez (todos de Rafaela)<\/p>\n<p><strong>QUINTA RONDA<br \/>\n<u>Ida:<\/u>\u00a01 de febrero de 2026<\/strong><br \/>\n<strong><u>Vuelta:<\/u>\u00a08 de febrero de 2026<\/strong><br \/>\n<strong>FINAL DE REGI\u00d3N<br \/>\n<\/strong>Ganador de 2 \u2013 Ganador de 1<\/p>\n<p><em><strong>Foto: Defensores de Vilelas\u00a0<\/strong><\/em><\/p>\n<p><img loading=\"lazy\" decoding=\"async\" class=\"aligncenter size-full wp-image-31123\" src=\"https:\/\/www.sportchaco.com.ar\/wp-content\/uploads\/2026\/01\/Ahorros-de-Verano-BANNERS-WEB_300x250-11.gif\" alt=\"\" width=\"625\" height=\"521\" \/><\/p>\n","protected":false},"excerpt":{"rendered":"<p>23-01-2026 Este viernes se jug\u00f3 la semifinal zonal de ida de la cuarta ronda de la Regi\u00f3n Litoral Norte del Regional Amateur entre Sportivo Cultural y Defensores, recordando que fue suspendida el fin de semana pasado por las lluvias en Juan Jos\u00e9 Castelli. Fue triunfo del \u00abverde\u00bb de Vilelas por 2 a 0 por los &hellip;<\/p>\n","protected":false},"author":3,"featured_media":31723,"comment_status":"open","ping_status":"open","sticky":false,"template":"","format":"standard","meta":{"footnotes":""},"categories":[5],"tags":[],"class_list":["post-31720","post","type-post","status-publish","format-standard","has-post-thumbnail","hentry","category-futbol"],"_links":{"self":[{"href":"https:\/\/www.sportchaco.com.ar\/index.php?rest_route=\/wp\/v2\/posts\/31720","targetHints":{"allow":["GET"]}}],"collection":[{"href":"https:\/\/www.sportchaco.com.ar\/index.php?rest_route=\/wp\/v2\/posts"}],"about":[{"href":"https:\/\/www.sportchaco.com.ar\/index.php?rest_route=\/wp\/v2\/types\/post"}],"author":[{"embeddable":true,"href":"https:\/\/www.sportchaco.com.ar\/index.php?rest_route=\/wp\/v2\/users\/3"}],"replies":[{"embeddable":true,"href":"https:\/\/www.sportchaco.com.ar\/index.php?rest_route=%2Fwp%2Fv2%2Fcomments&post=31720"}],"version-history":[{"count":2,"href":"https:\/\/www.sportchaco.com.ar\/index.php?rest_route=\/wp\/v2\/posts\/31720\/revisions"}],"predecessor-version":[{"id":31722,"href":"https:\/\/www.sportchaco.com.ar\/index.php?rest_route=\/wp\/v2\/posts\/31720\/revisions\/31722"}],"wp:featuredmedia":[{"embeddable":true,"href":"https:\/\/www.sportchaco.com.ar\/index.php?rest_route=\/wp\/v2\/media\/31723"}],"wp:attachment":[{"href":"https:\/\/www.sportchaco.com.ar\/index.php?rest_route=%2Fwp%2Fv2%2Fmedia&parent=31720"}],"wp:term":[{"taxonomy":"category","embeddable":true,"href":"https:\/\/www.sportchaco.com.ar\/index.php?rest_route=%2Fwp%2Fv2%2Fcategories&post=31720"},{"taxonomy":"post_tag","embeddable":true,"href":"https:\/\/www.sportchaco.com.ar\/index.php?rest_route=%2Fwp%2Fv2%2Ftags&post=31720"}],"curies":[{"name":"wp","href":"https:\/\/api.w.org\/{rel}","templated":true}]}}