{"id":31756,"date":"2026-01-25T18:30:58","date_gmt":"2026-01-25T21:30:58","guid":{"rendered":"https:\/\/www.sportchaco.com.ar\/?p=31756"},"modified":"2026-01-25T18:47:26","modified_gmt":"2026-01-25T21:47:26","slug":"juan-foyth-fuera-del-mundial","status":"publish","type":"post","link":"https:\/\/www.sportchaco.com.ar\/?p=31756","title":{"rendered":"Juan Foyth fuera del Mundial"},"content":{"rendered":"<header>\n<h1><span style=\"font-size: 16px; font-weight: 400;\">25 Enero, 2026<\/span><\/h1>\n<h1>Juan Foyth que en el 2022 qued\u00f3 fuera del grupo campeon del mundo en Qatar, tampoco podr\u00e1 estar en\u00a0 el Mundial 2026 ya que\u00a0 sufri\u00f3 una grave lesi\u00f3n en el tend\u00f3n de aquiles y no llega\u00a0 a Estados Unidos.<\/h1>\n<div>\n<p>Un defensor, habitual convocado a la Selecci\u00f3n Argentina por Lionel Scaloni<a target=\"_blank\">\u00a0<\/a><a target=\"_blank\">\u00a0<\/a>se rompi\u00f3 el tend\u00f3n de Aquiles. Estar\u00e1 un a\u00f1o fuera y no llegar\u00e1 al Mundial 2026.<\/p>\n<\/div>\n<\/header>\n<section class=\"body\">\n<section class=\"content\">\n<div class=\"main-text\">\n<div class=\"social\">\n<div class=\"share\"><\/div>\n<\/div>\n<p>El entrenador Lionel Scaloni recibi\u00f3 este domingo la peor noticia posible desde Espa\u00f1a. El defensor Juan Foyth, una pieza de recambio constante en las convocatorias de la Selecci\u00f3n Argentina, sufri\u00f3 una lesi\u00f3n devastadora que lo marginar\u00e1 de los terrenos de juego por un per\u00edodo prolongado y complica seriamente sus chances de estar en la pr\u00f3xima cita m\u00e1xima. El lateral y zaguero del Villarreal tuvo que retirarse del campo de juego el pasado s\u00e1bado durante el encuentro ante el Real Madrid.<\/p>\n<div class=\" original m_image\">\n<figure><picture><source srcset=\"https:\/\/www.diarionorte.com\/content\/bucket\/9\/444699w609h349c.jpg.webp\" type=\"image\/webp\" media=\"(min-width: 640px)\" \/><source srcset=\"https:\/\/www.diarionorte.com\/content\/bucket\/9\/444699w440h252c.jpg.webp\" type=\"image\/webp\" media=\"(min-width: 300px)\" \/><source srcset=\"https:\/\/www.diarionorte.com\/content\/bucket\/9\/444699w609h349c.jpg\" media=\"(min-width: 300px)\" \/><img loading=\"lazy\" decoding=\"async\" class=\"pic\" src=\"https:\/\/www.diarionorte.com\/content\/bucket\/9\/444699w609h349c.jpg.webp\" alt=\"\" width=\"609\" height=\"349\" \/><\/picture><\/figure>\n<\/div>\n<p>Tras someterse a las pruebas m\u00e9dicas correspondientes, la entidad castellonense confirm\u00f3 el diagn\u00f3stico m\u00e1s temido: una rotura del tend\u00f3n de Aquiles de la pierna izquierda. Esta noticia cae como un balde de agua fr\u00eda no solo para el club espa\u00f1ol, sino para el cuerpo t\u00e9cnico de la albiceleste, que lo ten\u00eda en consideraci\u00f3n para el proceso eliminatorio.<\/p>\n<p><strong>El sue\u00f1o del Mundial 2026, pr\u00e1cticamente descartado<\/strong><\/p>\n<p>El parte m\u00e9dico oficial indica que el jugador ser\u00e1 operado pr\u00f3ximamente. Si bien el club no especific\u00f3 plazos, los especialistas advierten que, en caso de tratarse de una rotura completa, el tiempo de recuperaci\u00f3n para este tipo de lesiones oscila el a\u00f1o. Esto significa que Juan Foyth no tendr\u00eda el rodaje necesario ni los tiempos f\u00edsicos para llegar en condiciones al Mundial 2026 que se disputar\u00e1 en Estados Unidos, M\u00e9xico y Canad\u00e1.<\/p>\n<p>Incluso si la rotura fuera parcial, los tiempos de rehabilitaci\u00f3n son extensos y la puesta a punto futbol\u00edstica demandar\u00eda meses, dej\u00e1ndolo con un margen casi nulo para pelear un lugar en la lista definitiva de Lionel Scaloni.<\/p>\n<div class=\" original m_image\">\n<figure><picture><source srcset=\"https:\/\/www.diarionorte.com\/content\/bucket\/0\/444700w613h349c.jpg.webp\" type=\"image\/webp\" media=\"(min-width: 640px)\" \/><source srcset=\"https:\/\/www.diarionorte.com\/content\/bucket\/0\/444700w440h251c.jpg.webp\" type=\"image\/webp\" media=\"(min-width: 300px)\" \/><source srcset=\"https:\/\/www.diarionorte.com\/content\/bucket\/0\/444700w613h349c.jpg\" media=\"(min-width: 300px)\" \/><img loading=\"lazy\" decoding=\"async\" class=\"pic\" src=\"https:\/\/www.diarionorte.com\/content\/bucket\/0\/444700w613h349c.jpg.webp\" alt=\"\" width=\"613\" height=\"349\" \/><\/picture><\/figure>\n<\/div>\n<p>El recuerdo del Papu G\u00f3mez sobre los d\u00edas con Lionel Scaloni como compa\u00f1ero: \u00abEra insoportable\u00bb<\/p>\n<h5>Un historial de lesiones que preocupa<\/h5>\n<p>Esta no es la primera vez que el f\u00edsico le juega una mala pasada al ex Estudiantes de La Plata. Se trata de la tercera lesi\u00f3n de larga duraci\u00f3n que sufre con la camiseta del Villarreal, sum\u00e1ndose a problemas previos en su rodilla y en el hombro derecho que tambi\u00e9n le quitaron continuidad en momentos claves de su carrera.<\/p>\n<p>Marcelino Garc\u00eda Toral, t\u00e9cnico del Submarino Amarillo, lament\u00f3 profundamente la baja tras el partido: \u00abEs un futbolista muy importante. Tenemos una defensa joven, \u00e9l es el que m\u00e1s experiencia y jerarqu\u00eda tiene. Perderlo es un golpe duro\u00bb. Ahora, tanto el club como la Selecci\u00f3n Argentina deber\u00e1n rearmar sus esquemas defensivos ante la ausencia de un jugador polifuncional que, lamentablemente, mirar\u00e1 la pr\u00f3xima Copa del Mundo desde afuera.<\/p>\n<p>Fuente: minutouno.com<\/p>\n<p><img loading=\"lazy\" decoding=\"async\" class=\"alignnone size-full wp-image-31769\" src=\"https:\/\/www.sportchaco.com.ar\/wp-content\/uploads\/2026\/01\/BANNER-WEB-MOSQUITOS-SALUD_200x200-05.gif\" alt=\"\" width=\"300\" height=\"300\" \/> <img loading=\"lazy\" decoding=\"async\" class=\"alignnone size-medium wp-image-31770\" src=\"https:\/\/www.sportchaco.com.ar\/wp-content\/uploads\/2026\/01\/200x200.gif\" alt=\"\" width=\"201\" height=\"201\" \/><\/p>\n<\/div>\n<\/section>\n<\/section>\n","protected":false},"excerpt":{"rendered":"<p>25 Enero, 2026 Juan Foyth que en el 2022 qued\u00f3 fuera del grupo campeon del mundo en Qatar, tampoco podr\u00e1 estar en\u00a0 el Mundial 2026 ya que\u00a0 sufri\u00f3 una grave lesi\u00f3n en el tend\u00f3n de aquiles y no llega\u00a0 a Estados Unidos. Un defensor, habitual convocado a la Selecci\u00f3n Argentina por Lionel Scaloni\u00a0\u00a0se rompi\u00f3 el &hellip;<\/p>\n","protected":false},"author":2,"featured_media":31757,"comment_status":"open","ping_status":"open","sticky":false,"template":"","format":"standard","meta":{"footnotes":""},"categories":[6],"tags":[],"class_list":["post-31756","post","type-post","status-publish","format-standard","has-post-thumbnail","hentry","category-internacionales"],"_links":{"self":[{"href":"https:\/\/www.sportchaco.com.ar\/index.php?rest_route=\/wp\/v2\/posts\/31756","targetHints":{"allow":["GET"]}}],"collection":[{"href":"https:\/\/www.sportchaco.com.ar\/index.php?rest_route=\/wp\/v2\/posts"}],"about":[{"href":"https:\/\/www.sportchaco.com.ar\/index.php?rest_route=\/wp\/v2\/types\/post"}],"author":[{"embeddable":true,"href":"https:\/\/www.sportchaco.com.ar\/index.php?rest_route=\/wp\/v2\/users\/2"}],"replies":[{"embeddable":true,"href":"https:\/\/www.sportchaco.com.ar\/index.php?rest_route=%2Fwp%2Fv2%2Fcomments&post=31756"}],"version-history":[{"count":4,"href":"https:\/\/www.sportchaco.com.ar\/index.php?rest_route=\/wp\/v2\/posts\/31756\/revisions"}],"predecessor-version":[{"id":31771,"href":"https:\/\/www.sportchaco.com.ar\/index.php?rest_route=\/wp\/v2\/posts\/31756\/revisions\/31771"}],"wp:featuredmedia":[{"embeddable":true,"href":"https:\/\/www.sportchaco.com.ar\/index.php?rest_route=\/wp\/v2\/media\/31757"}],"wp:attachment":[{"href":"https:\/\/www.sportchaco.com.ar\/index.php?rest_route=%2Fwp%2Fv2%2Fmedia&parent=31756"}],"wp:term":[{"taxonomy":"category","embeddable":true,"href":"https:\/\/www.sportchaco.com.ar\/index.php?rest_route=%2Fwp%2Fv2%2Fcategories&post=31756"},{"taxonomy":"post_tag","embeddable":true,"href":"https:\/\/www.sportchaco.com.ar\/index.php?rest_route=%2Fwp%2Fv2%2Ftags&post=31756"}],"curies":[{"name":"wp","href":"https:\/\/api.w.org\/{rel}","templated":true}]}}