{"id":31779,"date":"2026-01-25T21:07:20","date_gmt":"2026-01-26T00:07:20","guid":{"rendered":"https:\/\/www.sportchaco.com.ar\/?p=31779"},"modified":"2026-01-25T21:07:20","modified_gmt":"2026-01-26T00:07:20","slug":"altamirano-y-un-recuerdo-que-volvio-kesqui-y-franco","status":"publish","type":"post","link":"https:\/\/www.sportchaco.com.ar\/?p=31779","title":{"rendered":"Altamirano y un recuerdo que volvi\u00f3: Kesqui y Franco"},"content":{"rendered":"<h3 data-start=\"186\" data-end=\"246\"><\/h3>\n<p data-start=\"248\" data-end=\"407\">Cre\u00ed que la hab\u00eda extraviado, pero volvi\u00f3 a mis manos. Y con ella, regres\u00f3 una historia que s\u00f3lo una foto puede contar\u2026 y que yo guardo como <strong data-start=\"389\" data-end=\"406\">\u00fanico testigo<\/strong>.<\/p>\n<p data-start=\"409\" data-end=\"736\">La imagen tiene detr\u00e1s muchos a\u00f1os de pasi\u00f3n, rivalidad y fierros. A\u00f1os en los que los hermanos <strong data-start=\"505\" data-end=\"539\">Armando Mauricio y Juan Franco<\/strong>, y el equipo de <strong data-start=\"556\" data-end=\"580\">Manuel Antonio Silva<\/strong>, no se sabe bien por qu\u00e9, se hab\u00edan declarado una verdadera guerra deportiva en las pistas del zonal, con aquellos inolvidables <strong data-start=\"709\" data-end=\"735\">Fiat 128 de la Clase B<\/strong>.<\/p>\n<p data-start=\"738\" data-end=\"1132\">Recuerdo claramente una jornada en el <strong data-start=\"776\" data-end=\"813\">Democr\u00e1tico Espa\u00f1ol de S\u00e1enz Pe\u00f1a<\/strong>, donde el \u201cGringo\u201d Silva y el \u201cGordo\u201d Armando se cruzaron fuerte en pista, mientras en otra batalla paralela <strong data-start=\"923\" data-end=\"945\">Juan Carlos Kesqui<\/strong> tomaba la posta del equipo Silva, dej\u00e1ndole mucho trabajo posterior al chapista. Eran duelos sin concesiones, de esos que se graban para siempre en la memoria del automovilismo chaque\u00f1o.<\/p>\n<p data-start=\"1134\" data-end=\"1222\">Pasaron los a\u00f1os. Muchos. Pero est\u00e1 claro que ninguno de ellos olvid\u00f3 aquellas batallas.<\/p>\n<p data-start=\"1224\" data-end=\"1530\">Hasta que un d\u00eda, en una prueba de <strong data-start=\"1259\" data-end=\"1267\">APAC<\/strong>, me acerco al <strong data-start=\"1282\" data-end=\"1310\">aut\u00f3dromo Yaco Guarnieri<\/strong> y me encuentro con <strong data-start=\"1330\" data-end=\"1347\">Juanki Kesqui<\/strong> arriba, en la oficina de cronometraje. Todo transcurr\u00eda con normalidad hasta que, al bajar, veo con estupor que el \u201cLagarto\u201d <strong data-start=\"1473\" data-end=\"1488\">Juan Franco<\/strong> comenzaba a subir hacia la misma oficina.<\/p>\n<p data-start=\"1532\" data-end=\"1645\">\u2014\u201cEsper\u00e1 Juan\u2026 no subas\u201d, atin\u00e9 a advertirle.<br data-start=\"1577\" data-end=\"1580\" \/>\u2014\u201c\u00bfPor qu\u00e9?\u2026 \u00bfqui\u00e9n est\u00e1?\u201d, me pregunt\u00f3.<br data-start=\"1620\" data-end=\"1623\" \/>Me anim\u00e9 y se lo dije.<\/p>\n<p data-start=\"1647\" data-end=\"1688\">\u2014\u201cAh, mir\u00e1\u2026 lo ando buscando\u201d, respondi\u00f3.<\/p>\n<p data-start=\"1690\" data-end=\"1837\">Confieso que pens\u00e9 lo peor. Prepar\u00e9 mi c\u00e1mara para dejar constancia de lo que pudiera ocurrir. Juanki, mientras tanto, no sab\u00eda absolutamente nada.<\/p>\n<p data-start=\"1839\" data-end=\"1915\">Me adelant\u00e9, abr\u00ed la puerta y le avis\u00e9:<br data-start=\"1878\" data-end=\"1881\" \/>\u2014\u201cJuanki, ac\u00e1 te andan buscando\u2026\u201d.<\/p>\n<p data-start=\"1917\" data-end=\"2011\">La mirada de Kesqui fue de sorpresa total. Silencio. Tensi\u00f3n. Historia acumulada durante a\u00f1os.<\/p>\n<p data-start=\"2013\" data-end=\"2043\">Pero ocurri\u00f3 lo <strong data-start=\"2029\" data-end=\"2042\">impensado<\/strong>.<\/p>\n<p data-start=\"2045\" data-end=\"2333\">El \u201cLagarto\u201d Juan Franco abri\u00f3 los brazos y avanz\u00f3 decidido. No hubo reproches ni cuentas pendientes. Hubo un <strong data-start=\"2155\" data-end=\"2173\">abrazo sincero<\/strong>, largo, definitivo. Un gesto que cerr\u00f3 para siempre una rivalidad feroz y sell\u00f3 una paz que s\u00f3lo los que compartieron tantas batallas en pista pueden entender.<\/p>\n<p data-start=\"2335\" data-end=\"2607\">Ese abrazo \u2014el de <strong data-start=\"2353\" data-end=\"2370\">Juanki Kesqui<\/strong> con los hermanos <strong data-start=\"2388\" data-end=\"2398\">Franco<\/strong>\u2014 qued\u00f3 inmortalizado en esta foto. Una imagen que habla de automovilismo, s\u00ed, pero sobre todo de <strong data-start=\"2496\" data-end=\"2508\">personas<\/strong>, de tiempos que pasan y de pasiones que, al final, encuentran su lugar en la memoria y el respeto.<\/p>\n<p data-start=\"2609\" data-end=\"2722\">Por eso esta foto volvi\u00f3. Porque algunas historias no se pierden: <strong data-start=\"2675\" data-end=\"2721\">esperan el momento justo para ser contadas<\/strong>.<\/p>\n<h3 data-start=\"186\" data-end=\"246\">Fuente: Jorge Altamirano en Face<\/h3>\n<p style=\"text-align: center;\"><img loading=\"lazy\" decoding=\"async\" class=\"alignnone size-medium wp-image-31773\" src=\"https:\/\/www.sportchaco.com.ar\/wp-content\/uploads\/2026\/01\/MERCADO-LIBRE_250x250-09-300x300.gif\" alt=\"\" width=\"300\" height=\"300\" srcset=\"https:\/\/www.sportchaco.com.ar\/wp-content\/uploads\/2026\/01\/MERCADO-LIBRE_250x250-09-300x300.gif 300w, https:\/\/www.sportchaco.com.ar\/wp-content\/uploads\/2026\/01\/MERCADO-LIBRE_250x250-09-150x150.gif 150w\" sizes=\"auto, (max-width: 300px) 100vw, 300px\" \/> <img loading=\"lazy\" decoding=\"async\" class=\"alignnone size-full wp-image-31765\" src=\"https:\/\/www.sportchaco.com.ar\/wp-content\/uploads\/2026\/01\/Agua-Segura_250x250-09.gif\" alt=\"\" width=\"300\" height=\"300\" \/><\/p>\n","protected":false},"excerpt":{"rendered":"<p>Cre\u00ed que la hab\u00eda extraviado, pero volvi\u00f3 a mis manos. Y con ella, regres\u00f3 una historia que s\u00f3lo una foto puede contar\u2026 y que yo guardo como \u00fanico testigo. La imagen tiene detr\u00e1s muchos a\u00f1os de pasi\u00f3n, rivalidad y fierros. A\u00f1os en los que los hermanos Armando Mauricio y Juan Franco, y el equipo de &hellip;<\/p>\n","protected":false},"author":2,"featured_media":31780,"comment_status":"open","ping_status":"open","sticky":false,"template":"","format":"standard","meta":{"footnotes":""},"categories":[2],"tags":[],"class_list":["post-31779","post","type-post","status-publish","format-standard","has-post-thumbnail","hentry","category-automovilismo"],"_links":{"self":[{"href":"https:\/\/www.sportchaco.com.ar\/index.php?rest_route=\/wp\/v2\/posts\/31779","targetHints":{"allow":["GET"]}}],"collection":[{"href":"https:\/\/www.sportchaco.com.ar\/index.php?rest_route=\/wp\/v2\/posts"}],"about":[{"href":"https:\/\/www.sportchaco.com.ar\/index.php?rest_route=\/wp\/v2\/types\/post"}],"author":[{"embeddable":true,"href":"https:\/\/www.sportchaco.com.ar\/index.php?rest_route=\/wp\/v2\/users\/2"}],"replies":[{"embeddable":true,"href":"https:\/\/www.sportchaco.com.ar\/index.php?rest_route=%2Fwp%2Fv2%2Fcomments&post=31779"}],"version-history":[{"count":1,"href":"https:\/\/www.sportchaco.com.ar\/index.php?rest_route=\/wp\/v2\/posts\/31779\/revisions"}],"predecessor-version":[{"id":31781,"href":"https:\/\/www.sportchaco.com.ar\/index.php?rest_route=\/wp\/v2\/posts\/31779\/revisions\/31781"}],"wp:featuredmedia":[{"embeddable":true,"href":"https:\/\/www.sportchaco.com.ar\/index.php?rest_route=\/wp\/v2\/media\/31780"}],"wp:attachment":[{"href":"https:\/\/www.sportchaco.com.ar\/index.php?rest_route=%2Fwp%2Fv2%2Fmedia&parent=31779"}],"wp:term":[{"taxonomy":"category","embeddable":true,"href":"https:\/\/www.sportchaco.com.ar\/index.php?rest_route=%2Fwp%2Fv2%2Fcategories&post=31779"},{"taxonomy":"post_tag","embeddable":true,"href":"https:\/\/www.sportchaco.com.ar\/index.php?rest_route=%2Fwp%2Fv2%2Ftags&post=31779"}],"curies":[{"name":"wp","href":"https:\/\/api.w.org\/{rel}","templated":true}]}}