{"id":31811,"date":"2026-01-26T10:49:59","date_gmt":"2026-01-26T13:49:59","guid":{"rendered":"https:\/\/www.sportchaco.com.ar\/?p=31811"},"modified":"2026-01-26T10:50:37","modified_gmt":"2026-01-26T13:50:37","slug":"31811","status":"publish","type":"post","link":"https:\/\/www.sportchaco.com.ar\/?p=31811","title":{"rendered":"Jos\u00e9 \u201cChavo\u201d Na\u00f3n, la vuelta a casa: emoci\u00f3n, memoria y legado en Charata"},"content":{"rendered":"<div class=\"html-div xdj266r x14z9mp xat24cr x1lziwak xexx8yu xyri2b x18d9i69 x1c1uobl\" dir=\"auto\">\n<div class=\"html-div xdj266r x14z9mp xat24cr x1lziwak xexx8yu xyri2b x18d9i69 x1c1uobl\" data-ad-rendering-role=\"story_message\">\n<div class=\"x1l90r2v x1iorvi4 x1g0dm76 xpdmqnj\" data-ad-comet-preview=\"message\" data-ad-preview=\"message\">\n<div class=\"x78zum5 xdt5ytf xz62fqu x16ldp7u\">\n<div class=\"xu06os2 x1ok221b\">\n<div class=\"html-div xdj266r x14z9mp xat24cr x1lziwak xexx8yu xyri2b x18d9i69 x1c1uobl\">\n<div class=\"xdj266r x14z9mp xat24cr x1lziwak x1vvkbs x126k92a\">\n<div dir=\"auto\">\n<div class=\"flex flex-col text-sm pb-25\">\n<article class=\"text-token-text-primary w-full focus:outline-none [--shadow-height:45px] has-data-writing-block:pointer-events-none has-data-writing-block:-mt-(--shadow-height) has-data-writing-block:pt-(--shadow-height) [&amp;:has([data-writing-block])&gt;*]:pointer-events-auto scroll-mt-[calc(var(--header-height)+min(200px,max(70px,20svh)))]\" dir=\"auto\" tabindex=\"-1\" data-turn-id=\"request-69723e1e-29d8-832a-bea1-8e13c14abe74-10\" data-testid=\"conversation-turn-40\" data-scroll-anchor=\"true\" data-turn=\"assistant\">\n<div class=\"text-base my-auto mx-auto pb-10 [--thread-content-margin:--spacing(4)] @w-sm\/main:[--thread-content-margin:--spacing(6)] @w-lg\/main:[--thread-content-margin:--spacing(16)] px-(--thread-content-margin)\">\n<div class=\"[--thread-content-max-width:40rem] @w-lg\/main:[--thread-content-max-width:48rem] mx-auto max-w-(--thread-content-max-width) flex-1 group\/turn-messages focus-visible:outline-hidden relative flex w-full min-w-0 flex-col agent-turn\" tabindex=\"-1\">\n<div class=\"flex max-w-full flex-col grow\">\n<div class=\"min-h-8 text-message relative flex w-full flex-col items-end gap-2 text-start break-words whitespace-normal [.text-message+&amp;]:mt-1\" dir=\"auto\" data-message-author-role=\"assistant\" data-message-id=\"b881d180-e464-41ad-839c-3a42836956d7\" data-message-model-slug=\"gpt-5-2\">\n<div class=\"flex w-full flex-col gap-1 empty:hidden first:pt-[1px]\">\n<div class=\"markdown prose dark:prose-invert w-full wrap-break-word light markdown-new-styling\">\n<p data-start=\"0\" data-end=\"77\"><strong data-start=\"0\" data-end=\"77\">Jos\u00e9 \u201cChavo\u201d Na\u00f3n, la vuelta a casa: emoci\u00f3n, memoria y legado en Charata<\/strong><\/p>\n<p data-start=\"79\" data-end=\"427\">Charata volvi\u00f3 a recibir a uno de sus grandes referentes del b\u00e1squet. Jos\u00e9 \u201cChavo\u201d Na\u00f3n, hist\u00f3rico jugador de Asociaci\u00f3n Espa\u00f1ola, regres\u00f3 a la ciudad luego de varios a\u00f1os para participar de un campus de b\u00e1squet destinado a chicos y chicas, en una visita que fue mucho m\u00e1s que deportiva: fue un reencuentro cargado de recuerdos, afecto y emociones.<\/p>\n<p data-start=\"429\" data-end=\"819\">Invitado especialmente para compartir su experiencia, Na\u00f3n no solo brind\u00f3 conceptos t\u00e9cnicos y consejos formativos, sino que dej\u00f3 una huella profunda desde lo humano. En di\u00e1logo con <em data-start=\"611\" data-end=\"621\">InfoPlus<\/em>, evoc\u00f3 su etapa en Espa\u00f1ola, el clima de familia que siempre rode\u00f3 al club y la calidez de la gente de Charata, un v\u00ednculo que \u2014como \u00e9l mismo lo expres\u00f3\u2014 nunca se cort\u00f3, aun con el paso del tiempo.<\/p>\n<p data-start=\"429\" data-end=\"819\"><img loading=\"lazy\" decoding=\"async\" class=\"alignnone size-medium wp-image-31814 aligncenter\" src=\"https:\/\/www.sportchaco.com.ar\/wp-content\/uploads\/2026\/01\/Jose-Naon-2-300x270.jpg\" alt=\"\" width=\"300\" height=\"270\" srcset=\"https:\/\/www.sportchaco.com.ar\/wp-content\/uploads\/2026\/01\/Jose-Naon-2-300x270.jpg 300w, https:\/\/www.sportchaco.com.ar\/wp-content\/uploads\/2026\/01\/Jose-Naon-2.jpg 307w\" sizes=\"auto, (max-width: 300px) 100vw, 300px\" \/><\/p>\n<p data-start=\"821\" data-end=\"1120\">Durante la charla, el exjugador repas\u00f3 momentos de su carrera y dej\u00f3 en claro que hay camisetas y ciudades que se llevan para siempre. Cada palabra reflej\u00f3 el fuerte sentido de pertenencia que lo une a Espa\u00f1ola y a la comunidad que lo acompa\u00f1\u00f3 en una de las etapas m\u00e1s importantes de su trayectoria.<\/p>\n<p data-start=\"1122\" data-end=\"1518\">El punto m\u00e1s emotivo lleg\u00f3 sobre el final, cuando inevitablemente apareci\u00f3 el recuerdo del <strong data-start=\"1213\" data-end=\"1234\">5 de mayo de 2006<\/strong>. Aquella noche inolvidable, con el estadio colmado, Asociaci\u00f3n Espa\u00f1ola consigui\u00f3 el hist\u00f3rico ascenso al <strong data-start=\"1341\" data-end=\"1377\">Torneo Nacional de Ascenso (TNA)<\/strong>, escribiendo una de las p\u00e1ginas m\u00e1s gloriosas del deporte charatense. Un logro que a\u00fan hoy vibra en la memoria del club y de toda la ciudad.<\/p>\n<p data-start=\"1520\" data-end=\"1749\">La visita del \u201cChavo\u201d Na\u00f3n fue, en definitiva, el regreso de un \u00eddolo a su casa. Un referente que volvi\u00f3 para transmitir valores, compartir experiencias y reafirmar que las grandes historias no terminan: se transforman en legado.<\/p>\n<p data-start=\"1751\" data-end=\"1826\" data-is-last-node=\"\" data-is-only-node=\"\">Un aplauso que se renueva con cada recuerdo.<br data-start=\"1795\" data-end=\"1798\" \/>Una historia que sigue viva.<\/p>\n<\/div>\n<\/div>\n<\/div>\n<\/div>\n<div class=\"z-0 flex min-h-[46px] justify-start\"><\/div>\n<div class=\"mt-3 w-full empty:hidden\">\n<div class=\"text-center\"><\/div>\n<\/div>\n<\/div>\n<\/div>\n<\/article>\n<\/div>\n<div class=\"pointer-events-none h-px w-px absolute bottom-0\" style=\"text-align: center;\" aria-hidden=\"true\" data-edge=\"true\"><img loading=\"lazy\" decoding=\"async\" class=\"alignnone size-full wp-image-31799\" src=\"https:\/\/www.sportchaco.com.ar\/wp-content\/uploads\/2026\/01\/120x200.gif\" alt=\"\" width=\"121\" height=\"201\" \/> <img loading=\"lazy\" decoding=\"async\" class=\"alignnone size-medium wp-image-31800\" src=\"https:\/\/www.sportchaco.com.ar\/wp-content\/uploads\/2026\/01\/Agua-Segura_120x200-01-180x300.gif\" alt=\"\" width=\"180\" height=\"300\" \/><\/div>\n<\/div>\n<\/div>\n<\/div>\n<\/div>\n<\/div>\n<\/div>\n<\/div>\n<\/div>\n<div class=\"html-div xdj266r x14z9mp xat24cr x1lziwak xexx8yu xyri2b x18d9i69 x1c1uobl x1n2onr6\">\n<div class=\"html-div xdj266r x14z9mp xat24cr x1lziwak xexx8yu xyri2b x18d9i69 x1c1uobl x1n2onr6\">\n<div class=\"x1ypdohk x78zum5 xl56j7k x1n2onr6\" data-visualcompletion=\"ignore-dynamic\">\n<div class=\"x1us6l5c x5yr21d x10l6tqk xh8yej3\">\n<div class=\"x5yr21d xh8yej3\"><\/div>\n<\/div>\n<div class=\"x6s0dn4 x18l40ae x5yr21d x6ikm8r x10wlt62 xh8yej3\" data-visualcompletion=\"ignore-dynamic\">\n<div class=\"x6s0dn4 x1jx94hy x78zum5 xdt5ytf x6ikm8r x10wlt62 x1n2onr6 xh8yej3\">\n<div>\n<div class=\"html-div xdj266r x14z9mp xat24cr x1lziwak xyri2b x18d9i69 x1c1uobl xqtp20y x1n2onr6 xh8yej3 x1jm3axb\">\n<div class=\"html-div x1qjc9v5 x1q0q8m5 x1qhh985 x18b5jzi x10w94by x1t7ytsu x14e42zd x13fuv20 x972fbf x1ey2m1c x9f619 x78zum5 xdt5ytf x1iyjqo2 xs83m0k xtijo5x x1o0tod x1qughib xat24cr x14z9mp x1lziwak xdj266r x2lwn1j xeuugli x18d9i69 xyri2b x1c1uobl xexx8yu x10l6tqk x13vifvy x1ja2u2z\">\n<div class=\"html-div xdj266r x14z9mp xat24cr x1lziwak xexx8yu xyri2b x18d9i69 x1c1uobl xamitd3 x9f619 x1n2onr6 x5lhr3w\">\n<div class=\"xqtp20y x6ikm8r x10wlt62 x1n2onr6\">\n<div class=\"x10l6tqk x13vifvy\"><\/div>\n<\/div>\n<\/div>\n<\/div>\n<\/div>\n<\/div>\n<\/div>\n<div class=\"x1ey2m1c x5yr21d xtijo5x x1o0tod x10l6tqk x13vifvy xh8yej3\" data-visualcompletion=\"ignore\">\n<div class=\"x1lliihq x5yr21d x1n2onr6 xh8yej3 x1ja2u2z\">\n<div class=\"x1lliihq x5yr21d x1n2onr6 xh8yej3 x1ja2u2z\">\n<div class=\"x1lliihq x5yr21d x1n2onr6 xh8yej3 x1ja2u2z\">\n<div class=\"x1lliihq x5yr21d x1n2onr6 xh8yej3 x1ja2u2z\">\n<div class=\"x1lliihq x5yr21d x1n2onr6 xh8yej3 x1ja2u2z\">\n<div class=\"x5yr21d x1n2onr6 xh8yej3\">\n<div class=\"x5yr21d x1n2onr6 xh8yej3\">\n<div class=\"x5yr21d x1uhb9sk xh8yej3\"><\/div>\n<\/div>\n<\/div>\n<\/div>\n<\/div>\n<\/div>\n<\/div>\n<div data-instancekey=\"id-vpuid-fb539a6e1dc209747\">\n<div class=\"x5yr21d x10l6tqk x13vifvy xh8yej3\" role=\"group\" aria-label=\"Video player\" data-visualcompletion=\"ignore\">\n<div class=\"xc9qbxq xbudbmw x10l6tqk xwa60dl x11lhmoz x14qfxbe xg01cxk x13dflua x1jl3cmp xl405pv xlshs6z x1ahifba\"><\/div>\n<\/div>\n<\/div>\n<\/div>\n<\/div>\n<\/div>\n<\/div>\n<\/div>\n<\/div>\n","protected":false},"excerpt":{"rendered":"<p>Jos\u00e9 \u201cChavo\u201d Na\u00f3n, la vuelta a casa: emoci\u00f3n, memoria y legado en Charata Charata volvi\u00f3 a recibir a uno de sus grandes referentes del b\u00e1squet. Jos\u00e9 \u201cChavo\u201d Na\u00f3n, hist\u00f3rico jugador de Asociaci\u00f3n Espa\u00f1ola, regres\u00f3 a la ciudad luego de varios a\u00f1os para participar de un campus de b\u00e1squet destinado a chicos y chicas, en una &hellip;<\/p>\n","protected":false},"author":2,"featured_media":31812,"comment_status":"open","ping_status":"open","sticky":false,"template":"","format":"standard","meta":{"footnotes":""},"categories":[3],"tags":[],"class_list":["post-31811","post","type-post","status-publish","format-standard","has-post-thumbnail","hentry","category-basquetbol"],"_links":{"self":[{"href":"https:\/\/www.sportchaco.com.ar\/index.php?rest_route=\/wp\/v2\/posts\/31811","targetHints":{"allow":["GET"]}}],"collection":[{"href":"https:\/\/www.sportchaco.com.ar\/index.php?rest_route=\/wp\/v2\/posts"}],"about":[{"href":"https:\/\/www.sportchaco.com.ar\/index.php?rest_route=\/wp\/v2\/types\/post"}],"author":[{"embeddable":true,"href":"https:\/\/www.sportchaco.com.ar\/index.php?rest_route=\/wp\/v2\/users\/2"}],"replies":[{"embeddable":true,"href":"https:\/\/www.sportchaco.com.ar\/index.php?rest_route=%2Fwp%2Fv2%2Fcomments&post=31811"}],"version-history":[{"count":2,"href":"https:\/\/www.sportchaco.com.ar\/index.php?rest_route=\/wp\/v2\/posts\/31811\/revisions"}],"predecessor-version":[{"id":31815,"href":"https:\/\/www.sportchaco.com.ar\/index.php?rest_route=\/wp\/v2\/posts\/31811\/revisions\/31815"}],"wp:featuredmedia":[{"embeddable":true,"href":"https:\/\/www.sportchaco.com.ar\/index.php?rest_route=\/wp\/v2\/media\/31812"}],"wp:attachment":[{"href":"https:\/\/www.sportchaco.com.ar\/index.php?rest_route=%2Fwp%2Fv2%2Fmedia&parent=31811"}],"wp:term":[{"taxonomy":"category","embeddable":true,"href":"https:\/\/www.sportchaco.com.ar\/index.php?rest_route=%2Fwp%2Fv2%2Fcategories&post=31811"},{"taxonomy":"post_tag","embeddable":true,"href":"https:\/\/www.sportchaco.com.ar\/index.php?rest_route=%2Fwp%2Fv2%2Ftags&post=31811"}],"curies":[{"name":"wp","href":"https:\/\/api.w.org\/{rel}","templated":true}]}}