{"id":31829,"date":"2026-01-26T14:28:41","date_gmt":"2026-01-26T17:28:41","guid":{"rendered":"https:\/\/www.sportchaco.com.ar\/?p=31829"},"modified":"2026-01-26T14:28:41","modified_gmt":"2026-01-26T17:28:41","slug":"cultural-de-sylvina-tambien-disputara-la-liga-federal","status":"publish","type":"post","link":"https:\/\/www.sportchaco.com.ar\/?p=31829","title":{"rendered":"Cultural de Sylvina tambi\u00e9n disputar\u00e1 La Liga Federal"},"content":{"rendered":"<p><strong>26-01-2026<\/strong><\/p>\n<p><img loading=\"lazy\" decoding=\"async\" class=\"aligncenter size-large wp-image-31297\" src=\"https:\/\/www.sportchaco.com.ar\/wp-content\/uploads\/2026\/01\/Ahorros-de-Verano-BANNERS-WEB_720x90-20-1024x128.gif\" alt=\"\" width=\"1024\" height=\"128\" srcset=\"https:\/\/www.sportchaco.com.ar\/wp-content\/uploads\/2026\/01\/Ahorros-de-Verano-BANNERS-WEB_720x90-20-1024x128.gif 1024w, https:\/\/www.sportchaco.com.ar\/wp-content\/uploads\/2026\/01\/Ahorros-de-Verano-BANNERS-WEB_720x90-20-300x38.gif 300w, https:\/\/www.sportchaco.com.ar\/wp-content\/uploads\/2026\/01\/Ahorros-de-Verano-BANNERS-WEB_720x90-20-768x96.gif 768w\" sizes=\"auto, (max-width: 1024px) 100vw, 1024px\" \/><\/p>\n<p>Desde las distintas redes sociales del Club Cultural de Santa Sylvina se confirm\u00f3 la participaci\u00f3n en la Liga Federal de Basquetbol Temporada 2026. \u201cEs un nuevo desaf\u00edo y un paso importante para para nuestra historia. Ser parte de la Liga Federal confirma el trabajo, el esfuerzo y la convicci\u00f3n de seguir creciendo dentro del b\u00e1squet nacional. Con la misma pasi\u00f3n de siempre, vamos por m\u00e1s. Vamos Cultural. \u00a1Si queres sumarte como sponsors comun\u00edcate con nosotros! Forma parte de la familia roja\u201d; dice el comunicado de la confirmaci\u00f3n de Cultural para su cuarta participaci\u00f3n en la tercera categor\u00eda del basquetbol nacional.<\/p>\n<p>La dirigencia de la instituci\u00f3n sylvinense tuvo esta \u00faltima semana varias reuniones para decidir la participaci\u00f3n en el Federal, siendo precavidos del patrimonio de la instituci\u00f3n, especialmente del econ\u00f3mico, con el compromiso de seguir creciendo y proyectando su potencial capital humano, que son los jugadores, un plantel que tendr\u00e1 nuevamente a su mayor\u00eda formados en la instituci\u00f3n, incluido el cuerpo t\u00e9cnico.<\/p>\n<p>Para dicha participaci\u00f3n el \u201crojo\u00bb sylvinense contar\u00e1 con el apoyo del Gobierno de la Provincia, Loter\u00eda Chaque\u00f1a, Instituto del Deporte Chaque\u00f1o, Municipalidad de Santa Sylvina, quienes en contacto con dirigentes le confirmaron su acompa\u00f1amiento, algo fundamental que llev\u00f3 y determin\u00f3 la decisi\u00f3n de decir presente en el certamen organizado por la Confederaci\u00f3n Argentina de B\u00e1squet (CAB). Adem\u00e1s del firme compromiso de casas comerciales, particulares y sponsors que acompa\u00f1an este proyecto nacional.<\/p>\n<p><img loading=\"lazy\" decoding=\"async\" class=\"aligncenter size-large wp-image-31831\" src=\"https:\/\/www.sportchaco.com.ar\/wp-content\/uploads\/2026\/01\/cultural-hinchada-1024x768.jpg\" alt=\"\" width=\"1024\" height=\"768\" srcset=\"https:\/\/www.sportchaco.com.ar\/wp-content\/uploads\/2026\/01\/cultural-hinchada-1024x768.jpg 1024w, https:\/\/www.sportchaco.com.ar\/wp-content\/uploads\/2026\/01\/cultural-hinchada-300x225.jpg 300w, https:\/\/www.sportchaco.com.ar\/wp-content\/uploads\/2026\/01\/cultural-hinchada-768x576.jpg 768w, https:\/\/www.sportchaco.com.ar\/wp-content\/uploads\/2026\/01\/cultural-hinchada-1536x1152.jpg 1536w, https:\/\/www.sportchaco.com.ar\/wp-content\/uploads\/2026\/01\/cultural-hinchada.jpg 1600w\" sizes=\"auto, (max-width: 1024px) 100vw, 1024px\" \/><\/p>\n<p>En total, son cinco equipos chaque\u00f1os que estar\u00e1n, hasta el momento, en la zona NEA del certamen m\u00e1s federal de todos: Regatas, Hind\u00fa, Don Bosco, H\u00e9rcules y ahora Cultural. Todav\u00eda no se habla de nombres en la instituci\u00f3n de Santa Sylvina, pero si hay muchas ganas de continuar por el camino del \u00e9xito de esta instituci\u00f3n con historia.<\/p>\n<p>Por estas horas la dirigencia trabaja pensando en los posibles refuerzos que podr\u00edan llegar a la entidad de la avenida San Mart\u00edn, teniendo en cuenta la conformaci\u00f3n del roster (5 fichas mayores, 5 U21 y 2 juveniles). Al plantel que logr\u00f3 el subcampeonato Pre Federal del a\u00f1o pasado, cabe la posibilidad de la llegada de uno o dos mayores y un par de U21, esta semana se estar\u00eda definiendo dicha cuesti\u00f3n e incluso la conformaci\u00f3n del cuerpo t\u00e9cnico.<\/p>\n<p>Cultural est\u00e1 ante un gran desaf\u00edo, pero con el acampamiento de una comunidad que ve con bueno ojos su participaci\u00f3n, adem\u00e1s de mostrar a Santa Sylvina, a la regi\u00f3n y el pa\u00eds deportivamente hablando, hace al crecimiento instituci\u00f3n de un equipo con ADN sylvinense y proyecci\u00f3n a j\u00f3venes jugadores que integran categor\u00edas formativas.<\/p>\n<p><strong>AGRADECIMIENTO<br \/>\n<\/strong>Este muy buen presente y trabajo hace a\u00f1os con resultados a la vista, se deben a la gran gesti\u00f3n y compromiso de la Municipalidad de Santa Sylvina a cargo del intendente Diego Calder\u00f3n, a la diputada provincial Susana Maggio, al Gobierno provincial a trav\u00e9s de Loter\u00eda Chaque\u00f1a, Instituto del Deporte y Ministerio de Infraestructura, organismos privados y dem\u00e1s colaboradores.<\/p>\n<p><img loading=\"lazy\" decoding=\"async\" class=\"aligncenter size-large wp-image-31104\" src=\"https:\/\/www.sportchaco.com.ar\/wp-content\/uploads\/2026\/01\/Agua-Segura_1080x1350-37-819x1024.gif\" alt=\"\" width=\"819\" height=\"1024\" srcset=\"https:\/\/www.sportchaco.com.ar\/wp-content\/uploads\/2026\/01\/Agua-Segura_1080x1350-37-819x1024.gif 819w, https:\/\/www.sportchaco.com.ar\/wp-content\/uploads\/2026\/01\/Agua-Segura_1080x1350-37-240x300.gif 240w, https:\/\/www.sportchaco.com.ar\/wp-content\/uploads\/2026\/01\/Agua-Segura_1080x1350-37-768x960.gif 768w\" sizes=\"auto, (max-width: 819px) 100vw, 819px\" \/><\/p>\n","protected":false},"excerpt":{"rendered":"<p>26-01-2026 Desde las distintas redes sociales del Club Cultural de Santa Sylvina se confirm\u00f3 la participaci\u00f3n en la Liga Federal de Basquetbol Temporada 2026. \u201cEs un nuevo desaf\u00edo y un paso importante para para nuestra historia. Ser parte de la Liga Federal confirma el trabajo, el esfuerzo y la convicci\u00f3n de seguir creciendo dentro del &hellip;<\/p>\n","protected":false},"author":3,"featured_media":31830,"comment_status":"open","ping_status":"open","sticky":false,"template":"","format":"standard","meta":{"footnotes":""},"categories":[3],"tags":[],"class_list":["post-31829","post","type-post","status-publish","format-standard","has-post-thumbnail","hentry","category-basquetbol"],"_links":{"self":[{"href":"https:\/\/www.sportchaco.com.ar\/index.php?rest_route=\/wp\/v2\/posts\/31829","targetHints":{"allow":["GET"]}}],"collection":[{"href":"https:\/\/www.sportchaco.com.ar\/index.php?rest_route=\/wp\/v2\/posts"}],"about":[{"href":"https:\/\/www.sportchaco.com.ar\/index.php?rest_route=\/wp\/v2\/types\/post"}],"author":[{"embeddable":true,"href":"https:\/\/www.sportchaco.com.ar\/index.php?rest_route=\/wp\/v2\/users\/3"}],"replies":[{"embeddable":true,"href":"https:\/\/www.sportchaco.com.ar\/index.php?rest_route=%2Fwp%2Fv2%2Fcomments&post=31829"}],"version-history":[{"count":1,"href":"https:\/\/www.sportchaco.com.ar\/index.php?rest_route=\/wp\/v2\/posts\/31829\/revisions"}],"predecessor-version":[{"id":31832,"href":"https:\/\/www.sportchaco.com.ar\/index.php?rest_route=\/wp\/v2\/posts\/31829\/revisions\/31832"}],"wp:featuredmedia":[{"embeddable":true,"href":"https:\/\/www.sportchaco.com.ar\/index.php?rest_route=\/wp\/v2\/media\/31830"}],"wp:attachment":[{"href":"https:\/\/www.sportchaco.com.ar\/index.php?rest_route=%2Fwp%2Fv2%2Fmedia&parent=31829"}],"wp:term":[{"taxonomy":"category","embeddable":true,"href":"https:\/\/www.sportchaco.com.ar\/index.php?rest_route=%2Fwp%2Fv2%2Fcategories&post=31829"},{"taxonomy":"post_tag","embeddable":true,"href":"https:\/\/www.sportchaco.com.ar\/index.php?rest_route=%2Fwp%2Fv2%2Ftags&post=31829"}],"curies":[{"name":"wp","href":"https:\/\/api.w.org\/{rel}","templated":true}]}}