{"id":31844,"date":"2026-01-26T15:42:24","date_gmt":"2026-01-26T18:42:24","guid":{"rendered":"https:\/\/www.sportchaco.com.ar\/?p=31844"},"modified":"2026-01-26T23:33:46","modified_gmt":"2026-01-27T02:33:46","slug":"con-javier-fernandez-san-fernando-inicio-su-pretemporada","status":"publish","type":"post","link":"https:\/\/www.sportchaco.com.ar\/?p=31844","title":{"rendered":"Con Javier Fern\u00e1ndez, San Fernando inici\u00f3 su pretemporada"},"content":{"rendered":"<p><strong>26-01-2026<\/strong><\/p>\n<p><img loading=\"lazy\" decoding=\"async\" class=\"aligncenter size-full wp-image-31301\" src=\"https:\/\/www.sportchaco.com.ar\/wp-content\/uploads\/2026\/01\/BANNER-WEB-MOSQUITOS-SALUD_728x90-29.gif\" alt=\"\" width=\"726\" height=\"90\" \/><\/p>\n<p>El Club Atletico San Fernando convoc\u00f3 a todos sus jugadores de Primera, Tercera y Quinta Divisi\u00f3n, y a todos aquellos jugadores que se encuentran libres y quieran defender los colores de nuestra instituci\u00f3n, para el d\u00eda lunes 26 de enero a las 15 horas en su predio de Combate de Obligado para dar inicio a la pretemporada junto al cuerpo t\u00e9cnico que ser\u00e1 responsable de la conducci\u00f3n t\u00e9cnica para este nuevo desaf\u00edo.<\/p>\n<p>\u00abEl objetivo principal es lograr el ansiado ascenso a la divisional A de la Liga Chaque\u00f1a. Conformado por Javier Fern\u00e1ndez como t\u00e9cnico, acompa\u00f1ado por Mauro L\u00f3pez como preparador f\u00edsico y t\u00e9cnico de Tercera, y Ramiro G\u00f3mez como entrenador de arqueros\u00bb, remarc\u00f3 el presidente de la instituci\u00f3n \u00abSanta\u00bb, Miguel \u00c1ngel \u00abChito\u00bb Sol\u00eds.<\/p>\n<p><strong>ACTUALIDAD DEPORTIVA<br \/>\n<\/strong>En f\u00fatbol, el Club San Fernando compite en la Segunda Divisi\u00f3n de la Liga Chaque\u00f1a de F\u00fatbol. Para la temporada 2026, las inscripciones para divisiones inferiores y actividades comenzar\u00e1n a principios de febrero.<\/p>\n<p>En tanto que en h\u00f3ckey, el club se destaca como una de las disciplinas m\u00e1s exitosas, habi\u00e9ndose consagrado campe\u00f3n en la rama masculina a finales de 2025, lo que le permite disputar la Liga Nacional en 2026.<\/p>\n<p>En b\u00e1squet, la instituci\u00f3n \u00abSanta\u00bb trabaja en todo el minib\u00e1squet y en formativas hasta U15; y este a\u00f1o, pretende incorporar la rama femenina a su nutritiva propuesta deportiva.<\/p>\n<p>Y en p\u00e1del, cuenta con un complejo de canchas techadas y microestadio de blindex bajo el nombre San Fernando P\u00e1del.<\/p>\n<p><strong>M\u00c1S PROPUESTAS<\/strong><br \/>\nAdem\u00e1s, San Fernando ofrece otros deportes, tales como newcom, patinaje art\u00edstico,, squash, jiu-jitsu, karate, taekwondo, yoga y un centro de aprendizaje motriz.<\/p>\n<p><strong>EL CLUB<\/strong><br \/>\nEl Club Atl\u00e9tico San Fernando es una instituci\u00f3n deportiva hist\u00f3rica de Resistencia, Chaco, fundada el 15 de junio de 1943. Conocido popularmente como \u00abEl Santo\u00bb, el club celebra su 83\u00ba aniversario en 2026 como un referente social y deportivo en la ciudad.<\/p>\n<p><img loading=\"lazy\" decoding=\"async\" class=\"size-medium wp-image-31856 alignleft\" src=\"https:\/\/www.sportchaco.com.ar\/wp-content\/uploads\/2026\/01\/Ahorros-de-Verano-BANNERS-WEB_250x250-08-300x300.gif\" alt=\"\" width=\"300\" height=\"300\" srcset=\"https:\/\/www.sportchaco.com.ar\/wp-content\/uploads\/2026\/01\/Ahorros-de-Verano-BANNERS-WEB_250x250-08-300x300.gif 300w, https:\/\/www.sportchaco.com.ar\/wp-content\/uploads\/2026\/01\/Ahorros-de-Verano-BANNERS-WEB_250x250-08-150x150.gif 150w\" sizes=\"auto, (max-width: 300px) 100vw, 300px\" \/><img loading=\"lazy\" decoding=\"async\" class=\"alignnone size-medium wp-image-31798 alignleft\" src=\"https:\/\/www.sportchaco.com.ar\/wp-content\/uploads\/2026\/01\/BANNER-WEB-MOSQUITOS-SALUD_120x200-01-180x300.gif\" alt=\"\" width=\"180\" height=\"300\" \/><\/p>\n","protected":false},"excerpt":{"rendered":"<p>26-01-2026 El Club Atletico San Fernando convoc\u00f3 a todos sus jugadores de Primera, Tercera y Quinta Divisi\u00f3n, y a todos aquellos jugadores que se encuentran libres y quieran defender los colores de nuestra instituci\u00f3n, para el d\u00eda lunes 26 de enero a las 15 horas en su predio de Combate de Obligado para dar inicio &hellip;<\/p>\n","protected":false},"author":3,"featured_media":31845,"comment_status":"open","ping_status":"open","sticky":false,"template":"","format":"standard","meta":{"footnotes":""},"categories":[5],"tags":[],"class_list":["post-31844","post","type-post","status-publish","format-standard","has-post-thumbnail","hentry","category-futbol"],"_links":{"self":[{"href":"https:\/\/www.sportchaco.com.ar\/index.php?rest_route=\/wp\/v2\/posts\/31844","targetHints":{"allow":["GET"]}}],"collection":[{"href":"https:\/\/www.sportchaco.com.ar\/index.php?rest_route=\/wp\/v2\/posts"}],"about":[{"href":"https:\/\/www.sportchaco.com.ar\/index.php?rest_route=\/wp\/v2\/types\/post"}],"author":[{"embeddable":true,"href":"https:\/\/www.sportchaco.com.ar\/index.php?rest_route=\/wp\/v2\/users\/3"}],"replies":[{"embeddable":true,"href":"https:\/\/www.sportchaco.com.ar\/index.php?rest_route=%2Fwp%2Fv2%2Fcomments&post=31844"}],"version-history":[{"count":3,"href":"https:\/\/www.sportchaco.com.ar\/index.php?rest_route=\/wp\/v2\/posts\/31844\/revisions"}],"predecessor-version":[{"id":31876,"href":"https:\/\/www.sportchaco.com.ar\/index.php?rest_route=\/wp\/v2\/posts\/31844\/revisions\/31876"}],"wp:featuredmedia":[{"embeddable":true,"href":"https:\/\/www.sportchaco.com.ar\/index.php?rest_route=\/wp\/v2\/media\/31845"}],"wp:attachment":[{"href":"https:\/\/www.sportchaco.com.ar\/index.php?rest_route=%2Fwp%2Fv2%2Fmedia&parent=31844"}],"wp:term":[{"taxonomy":"category","embeddable":true,"href":"https:\/\/www.sportchaco.com.ar\/index.php?rest_route=%2Fwp%2Fv2%2Fcategories&post=31844"},{"taxonomy":"post_tag","embeddable":true,"href":"https:\/\/www.sportchaco.com.ar\/index.php?rest_route=%2Fwp%2Fv2%2Ftags&post=31844"}],"curies":[{"name":"wp","href":"https:\/\/api.w.org\/{rel}","templated":true}]}}