{"id":31863,"date":"2026-01-26T23:15:33","date_gmt":"2026-01-27T02:15:33","guid":{"rendered":"https:\/\/www.sportchaco.com.ar\/?p=31863"},"modified":"2026-01-27T09:51:11","modified_gmt":"2026-01-27T12:51:11","slug":"doctor-francisco-marcico-prieto-la-huella-imborrable-de-una-vida-al-servicio-del-deporte","status":"publish","type":"post","link":"https:\/\/www.sportchaco.com.ar\/?p=31863","title":{"rendered":"Doctor Francisco M\u00e1rcico Prieto: la huella imborrable de una vida al servicio del deporte"},"content":{"rendered":"<p><strong>27-01-2026<\/strong><\/p>\n<p>&nbsp;<\/p>\n<h5>A seis a\u00f1os de su fallecimiento, el recuerdo del <strong>doctor Francisco M\u00e1rcico Prieto<\/strong> sigue vivo, firme y presente en la memoria de quienes compartieron con \u00e9l el ejercicio profesional, la amistad, la vida cotidiana y el compromiso con la comunidad. El tiempo no logr\u00f3 borrar su huella; por el contrario, la reafirm\u00f3. Porque hay personas cuya ausencia se transforma en legado.<\/h5>\n<p>&nbsp;<\/p>\n<p><img loading=\"lazy\" decoding=\"async\" class=\"alignnone wp-image-31852\" src=\"https:\/\/www.sportchaco.com.ar\/wp-content\/uploads\/2026\/01\/Luis-2025-marzo-carita-sonriente-1-300x287.jpg\" alt=\"\" width=\"87\" height=\"83\" srcset=\"https:\/\/www.sportchaco.com.ar\/wp-content\/uploads\/2026\/01\/Luis-2025-marzo-carita-sonriente-1-300x287.jpg 300w, https:\/\/www.sportchaco.com.ar\/wp-content\/uploads\/2026\/01\/Luis-2025-marzo-carita-sonriente-1.jpg 383w\" sizes=\"auto, (max-width: 87px) 100vw, 87px\" \/> <em><strong>POR LUIS DARIO MOLODEZKY<\/strong><\/em><\/p>\n<p>No solo fue el m\u00e9dico en la hist\u00f3rica primera participaci\u00f3n del negro en el Naciona 1967, sino que fue el facultativo que acompa\u00f1\u00f3 al plantel de la Liga Chaque\u00f1a de F\u00fatbol en el hist\u00f3rico logro del Campeonato Argentino en Mendoza en el a\u00f1o 1968.<\/p>\n<p>Hablar del doctor Prieto es evocar una forma de ejercer la medicina que hoy resulta ejemplar. Su vocaci\u00f3n no se limit\u00f3 nunca al diagn\u00f3stico o al tratamiento cl\u00ednico: entendi\u00f3 la salud como un acto profundamente humano, donde la escucha, la palabra justa y la cercan\u00eda eran tan importantes como el conocimiento cient\u00edfico. Para \u00e9l, cada paciente era una persona con nombre, historia y contexto, nunca un n\u00famero ni un tr\u00e1mite.<\/p>\n<p>Durante d\u00e9cadas, Francisco M\u00e1rcico Prieto desarroll\u00f3 su labor con una \u00e9tica inquebrantable, marcada por la responsabilidad, el respeto y una dedicaci\u00f3n que trascend\u00eda horarios y obligaciones formales. Fue m\u00e9dico en el sentido m\u00e1s amplio del t\u00e9rmino: comprometido, presente y confiable. En cada consulta dejaba algo m\u00e1s que una indicaci\u00f3n; dejaba tranquilidad, contenci\u00f3n y la certeza de haber sido atendido con genuino inter\u00e9s.<\/p>\n<p><img loading=\"lazy\" decoding=\"async\" class=\"alignnone size-medium wp-image-31865 aligncenter\" src=\"https:\/\/www.sportchaco.com.ar\/wp-content\/uploads\/2026\/01\/Marcico-Prieto-Francisco-dr-300x296.jpg\" alt=\"\" width=\"300\" height=\"296\" srcset=\"https:\/\/www.sportchaco.com.ar\/wp-content\/uploads\/2026\/01\/Marcico-Prieto-Francisco-dr-300x296.jpg 300w, https:\/\/www.sportchaco.com.ar\/wp-content\/uploads\/2026\/01\/Marcico-Prieto-Francisco-dr-1024x1009.jpg 1024w, https:\/\/www.sportchaco.com.ar\/wp-content\/uploads\/2026\/01\/Marcico-Prieto-Francisco-dr-768x757.jpg 768w, https:\/\/www.sportchaco.com.ar\/wp-content\/uploads\/2026\/01\/Marcico-Prieto-Francisco-dr.jpg 1100w\" sizes=\"auto, (max-width: 300px) 100vw, 300px\" \/><\/p>\n<p style=\"text-align: center;\"><em><strong>Recibiendo un reconocmiento del C\u00edrculo de Periodsitas Deportivos del Chaco<\/strong><\/em><\/p>\n<p>No solo fue el m\u00e9dico en la hist\u00f3rica primera participaci\u00f3n del negro en el Nacional 1967, sino que fue el facultativo que acompa\u00f1\u00f3 al plantel de la Liga Chaque\u00f1a de F\u00fatbol en el hist\u00f3rico logro del Campeonato Argentino en Mendoza en el a\u00f1o 1968.<\/p>\n<p>Su amor fue por Chaco For Ever y la medicina. Sin embargo, atend\u00eda a pacientes que lo necesitaban de todos los clubes. Siempre prest\u00f3. Fue el primero en hacer una artroscopia en Resistencia, acompa\u00f1ado por su hijo, el doctor Carlos M\u00e1rcico. El paciente fue el destacado basquetbolista Marcelo Pl\u00e1ceres.<\/p>\n<p>Sus colegas lo recuerdan como un profesional s\u00f3lido, estudioso y prudente, siempre dispuesto a compartir saberes y a colaborar. Nunca busc\u00f3 destacarse ni ocupar lugares de privilegio. Su prestigio fue consecuencia natural de su conducta, de su coherencia y de una trayectoria construida sin estridencias, pero con enorme consistencia.<\/p>\n<p><img loading=\"lazy\" decoding=\"async\" class=\"size-medium wp-image-31868 aligncenter\" src=\"https:\/\/www.sportchaco.com.ar\/wp-content\/uploads\/2026\/01\/Marcico-Francisco-Eudlado-Garayo-768x457-1-300x179.jpg\" alt=\"\" width=\"300\" height=\"179\" srcset=\"https:\/\/www.sportchaco.com.ar\/wp-content\/uploads\/2026\/01\/Marcico-Francisco-Eudlado-Garayo-768x457-1-300x179.jpg 300w, https:\/\/www.sportchaco.com.ar\/wp-content\/uploads\/2026\/01\/Marcico-Francisco-Eudlado-Garayo-768x457-1.jpg 768w\" sizes=\"auto, (max-width: 300px) 100vw, 300px\" \/><\/p>\n<p style=\"text-align: center;\"><em><strong>Historicos de For Ever, el doctor Francisco M\u00e1rcico Prieto y Edualdo Garayo, preparado f\u00edsico.<\/strong><\/em><\/p>\n<p>M\u00e1s all\u00e1 de su rol en la salud, el doctor Prieto fue un hombre profundamente ligado a su comunidad. Particip\u00f3 activamente en espacios sociales e institucionales, convencido de que el bienestar colectivo se construye con compromiso, presencia y responsabilidad c\u00edvica. Supo entender las problem\u00e1ticas sociales de su entorno y acompa\u00f1arlas desde su lugar, con sensibilidad y vocaci\u00f3n de servicio.<\/p>\n<p>Quienes lo conocieron en el trato cotidiano destacan su sencillez, su calidez y su trato respetuoso. Ten\u00eda la virtud de generar confianza, de escuchar sin juzgar y de aconsejar sin imponer. Era de esos profesionales que dejan marca no solo por lo que saben, sino por c\u00f3mo son.<\/p>\n<p><img loading=\"lazy\" decoding=\"async\" class=\"alignnone size-medium wp-image-31879 aligncenter\" src=\"https:\/\/www.sportchaco.com.ar\/wp-content\/uploads\/2026\/01\/gARAYO-lESTANI-Y-mARCICO-300x202.jpg\" alt=\"\" width=\"300\" height=\"202\" srcset=\"https:\/\/www.sportchaco.com.ar\/wp-content\/uploads\/2026\/01\/gARAYO-lESTANI-Y-mARCICO-300x202.jpg 300w, https:\/\/www.sportchaco.com.ar\/wp-content\/uploads\/2026\/01\/gARAYO-lESTANI-Y-mARCICO.jpg 512w\" sizes=\"auto, (max-width: 300px) 100vw, 300px\" \/><\/p>\n<p><em><strong>Eudaldo Garayo prepardor f\u00edsico, Jos\u00e9 Lestani director t\u00e9cnico y Francisco M\u00e1rcico Prieto m\u00e9dico de Chaco For Ever en la d\u00e9cada del 70<\/strong><\/em><\/p>\n<p>El 26 de enero de 2020 marc\u00f3 una fecha dolorosa para su familia, sus amigos, sus pacientes y toda la comunidad que lo reconoc\u00eda como un referente. Su partida dej\u00f3 un vac\u00edo dif\u00edcil de llenar, pero tambi\u00e9n una ense\u00f1anza profunda: la de vivir y ejercer una profesi\u00f3n con honestidad, compromiso y humanidad.<\/p>\n<p>A seis a\u00f1os de su fallecimiento, recordar al doctor Francisco M\u00e1rcico Prieto no es un gesto protocolar ni un simple acto de memoria. Es un ejercicio de gratitud. Es poner en valor una vida dedicada al servicio, al cuidado del otro y al respeto por la dignidad humana.<\/p>\n<p>Su legado permanece en cada historia compartida, en cada recuerdo agradecido, en cada ense\u00f1anza transmitida a nuevas generaciones de profesionales. Porque hay hombres que, aun en la ausencia, siguen estando presentes. Y el doctor Francisco M\u00e1rcico Prieto es, sin dudas, uno de ellos.<\/p>\n<p><img loading=\"lazy\" decoding=\"async\" class=\"alignnone wp-image-31852\" src=\"https:\/\/www.sportchaco.com.ar\/wp-content\/uploads\/2026\/01\/Luis-2025-marzo-carita-sonriente-1-300x287.jpg\" alt=\"\" width=\"87\" height=\"83\" srcset=\"https:\/\/www.sportchaco.com.ar\/wp-content\/uploads\/2026\/01\/Luis-2025-marzo-carita-sonriente-1-300x287.jpg 300w, https:\/\/www.sportchaco.com.ar\/wp-content\/uploads\/2026\/01\/Luis-2025-marzo-carita-sonriente-1.jpg 383w\" sizes=\"auto, (max-width: 87px) 100vw, 87px\" \/> <em><strong>POR LUIS DARIO MOLODEZKY<\/strong><\/em><\/p>\n<p style=\"text-align: center;\"><img loading=\"lazy\" decoding=\"async\" class=\"alignnone size-medium wp-image-31855\" src=\"https:\/\/www.sportchaco.com.ar\/wp-content\/uploads\/2026\/01\/MERCADO-LIBRE_250x250-09-1-300x300.gif\" alt=\"\" width=\"300\" height=\"300\" srcset=\"https:\/\/www.sportchaco.com.ar\/wp-content\/uploads\/2026\/01\/MERCADO-LIBRE_250x250-09-1-300x300.gif 300w, https:\/\/www.sportchaco.com.ar\/wp-content\/uploads\/2026\/01\/MERCADO-LIBRE_250x250-09-1-150x150.gif 150w\" sizes=\"auto, (max-width: 300px) 100vw, 300px\" \/> <img loading=\"lazy\" decoding=\"async\" class=\"alignnone size-medium wp-image-31856\" src=\"https:\/\/www.sportchaco.com.ar\/wp-content\/uploads\/2026\/01\/Ahorros-de-Verano-BANNERS-WEB_250x250-08-300x300.gif\" alt=\"\" width=\"300\" height=\"300\" srcset=\"https:\/\/www.sportchaco.com.ar\/wp-content\/uploads\/2026\/01\/Ahorros-de-Verano-BANNERS-WEB_250x250-08-300x300.gif 300w, https:\/\/www.sportchaco.com.ar\/wp-content\/uploads\/2026\/01\/Ahorros-de-Verano-BANNERS-WEB_250x250-08-150x150.gif 150w\" sizes=\"auto, (max-width: 300px) 100vw, 300px\" \/><\/p>\n<p>&nbsp;<\/p>\n","protected":false},"excerpt":{"rendered":"<p>27-01-2026 &nbsp; A seis a\u00f1os de su fallecimiento, el recuerdo del doctor Francisco M\u00e1rcico Prieto sigue vivo, firme y presente en la memoria de quienes compartieron con \u00e9l el ejercicio profesional, la amistad, la vida cotidiana y el compromiso con la comunidad. El tiempo no logr\u00f3 borrar su huella; por el contrario, la reafirm\u00f3. Porque &hellip;<\/p>\n","protected":false},"author":2,"featured_media":31866,"comment_status":"open","ping_status":"open","sticky":false,"template":"","format":"standard","meta":{"footnotes":""},"categories":[78,8],"tags":[],"class_list":["post-31863","post","type-post","status-publish","format-standard","has-post-thumbnail","hentry","category-historias","category-sport-nea"],"_links":{"self":[{"href":"https:\/\/www.sportchaco.com.ar\/index.php?rest_route=\/wp\/v2\/posts\/31863","targetHints":{"allow":["GET"]}}],"collection":[{"href":"https:\/\/www.sportchaco.com.ar\/index.php?rest_route=\/wp\/v2\/posts"}],"about":[{"href":"https:\/\/www.sportchaco.com.ar\/index.php?rest_route=\/wp\/v2\/types\/post"}],"author":[{"embeddable":true,"href":"https:\/\/www.sportchaco.com.ar\/index.php?rest_route=\/wp\/v2\/users\/2"}],"replies":[{"embeddable":true,"href":"https:\/\/www.sportchaco.com.ar\/index.php?rest_route=%2Fwp%2Fv2%2Fcomments&post=31863"}],"version-history":[{"count":4,"href":"https:\/\/www.sportchaco.com.ar\/index.php?rest_route=\/wp\/v2\/posts\/31863\/revisions"}],"predecessor-version":[{"id":31880,"href":"https:\/\/www.sportchaco.com.ar\/index.php?rest_route=\/wp\/v2\/posts\/31863\/revisions\/31880"}],"wp:featuredmedia":[{"embeddable":true,"href":"https:\/\/www.sportchaco.com.ar\/index.php?rest_route=\/wp\/v2\/media\/31866"}],"wp:attachment":[{"href":"https:\/\/www.sportchaco.com.ar\/index.php?rest_route=%2Fwp%2Fv2%2Fmedia&parent=31863"}],"wp:term":[{"taxonomy":"category","embeddable":true,"href":"https:\/\/www.sportchaco.com.ar\/index.php?rest_route=%2Fwp%2Fv2%2Fcategories&post=31863"},{"taxonomy":"post_tag","embeddable":true,"href":"https:\/\/www.sportchaco.com.ar\/index.php?rest_route=%2Fwp%2Fv2%2Ftags&post=31863"}],"curies":[{"name":"wp","href":"https:\/\/api.w.org\/{rel}","templated":true}]}}