{"id":31881,"date":"2026-01-27T23:09:11","date_gmt":"2026-01-28T02:09:11","guid":{"rendered":"https:\/\/www.sportchaco.com.ar\/?p=31881"},"modified":"2026-01-27T23:09:24","modified_gmt":"2026-01-28T02:09:24","slug":"efemerides-del-28-de-enero-3","status":"publish","type":"post","link":"https:\/\/www.sportchaco.com.ar\/?p=31881","title":{"rendered":"Efem\u00e9rides del 28 de enero"},"content":{"rendered":"<div class=\"container fullwidth-entry-title-wrapper\">\n<div class=\"container-wrapper fullwidth-entry-title\">\n<header class=\"entry-header-outer\">\n<div class=\"entry-header\">\n<h1 class=\"post-title entry-title\"><\/h1>\n<div class=\"single-post-meta post-meta clearfix\"><\/div>\n<\/div>\n<\/header>\n<\/div>\n<\/div>\n<div id=\"content\" class=\"site-content container\">\n<div id=\"main-content-row\" class=\"tie-row main-content-row\">\n<div class=\"main-content tie-col-md-8 tie-col-xs-12\" role=\"main\">\n<article id=\"the-post\" class=\"container-wrapper post-content tie-standard\">\n<div class=\"featured-area\">\n<div class=\"featured-area-inner\"><\/div>\n<\/div>\n<div class=\"entry-content entry clearfix\">\n<div class=\"container fullwidth-entry-title-wrapper\">\n<div class=\"container-wrapper fullwidth-entry-title\">\n<header class=\"entry-header-outer\">\n<div class=\"entry-header\">\n<h1 class=\"post-title entry-title\"><\/h1>\n<div class=\"single-post-meta post-meta clearfix\"><\/div>\n<\/div>\n<\/header>\n<\/div>\n<\/div>\n<div id=\"content\" class=\"site-content container\">\n<div id=\"main-content-row\" class=\"tie-row main-content-row\">\n<div class=\"main-content tie-col-md-8 tie-col-xs-12\" role=\"main\">\n<article id=\"the-post\" class=\"container-wrapper post-content tie-standard\">\n<div class=\"featured-area\">\n<div class=\"featured-area-inner\"><\/div>\n<\/div>\n<div class=\"entry-content entry clearfix\">\n<h3><\/h3>\n<h5><strong>Esta es la Efem\u00e9rides del Deporte en el Chaco de un 26 de enero del periodista Luis Dar\u00edo Molodezky.<\/strong><\/h5>\n<\/div>\n<p>&nbsp;<\/p>\n<div class=\"entry-content entry clearfix\">\n<p style=\"text-align: center;\"><img loading=\"lazy\" decoding=\"async\" class=\"alignnone size-medium wp-image-31852\" src=\"https:\/\/www.sportchaco.com.ar\/wp-content\/uploads\/2026\/01\/Luis-2025-marzo-carita-sonriente-1-300x287.jpg\" alt=\"\" width=\"300\" height=\"287\" srcset=\"https:\/\/www.sportchaco.com.ar\/wp-content\/uploads\/2026\/01\/Luis-2025-marzo-carita-sonriente-1-300x287.jpg 300w, https:\/\/www.sportchaco.com.ar\/wp-content\/uploads\/2026\/01\/Luis-2025-marzo-carita-sonriente-1.jpg 383w\" sizes=\"auto, (max-width: 300px) 100vw, 300px\" \/><\/p>\n<p><strong>1968 \/\u00a0<\/strong>Enrique\u00a0Salvador Chazarreta de 20 a\u00f1os es transferido a San Lorenzo de Almagro. La operaci\u00f3n se hizo en 5 millones de pesos y un partido amistoso a jugarse en Resistencia. El jugador pas\u00f3 a despedirse de sus compa\u00f1eros una semana despu\u00e9s. Chazarreta fue campe\u00f3n con San Lorenzo Metropolitano y Nacional 72 y el Nacional 74. Integr\u00f3 la Selecci\u00f3n Argentina que jug\u00f3 el Mundial de Alemania en 1974. Hab\u00eda nacido en coronel Du Graty un 29 de julio de 1947 y falleci\u00f3 en Buenos Aires el 24 de marzo del 2021.<\/p>\n<p><strong>1973 \/\u00a0<\/strong>LT5 Radio Chaco con el equipo Acelerando transmite la carrera de F\u00f3rmula 1 disputada en el Aut\u00f3dromo de Buenos Aires Encabezado por Eduardo Rub\u00e9n Ferreyra participaron Ricardo C\u00e1rdenas, Adolfo Antonio Carrara, Alfredo Flores y Ricardo \u00abCoco\u00bb Ruiz. En estudios centrales Miguel Omar Salvador Di Giussepe .\u00a0 Emerson Fittipaldi ganaba el GP de Argentina. La carrera fue ganada por Emerson Fittipaldi con el Lorus 72.<\/p>\n<p><img loading=\"lazy\" decoding=\"async\" class=\"size-medium wp-image-5125 aligncenter\" src=\"https:\/\/www.sportchaco.com.ar\/wp-content\/uploads\/2024\/01\/Acelerando-300x111.jpg\" sizes=\"auto, (max-width: 300px) 100vw, 300px\" srcset=\"https:\/\/www.sportchaco.com.ar\/wp-content\/uploads\/2024\/01\/Acelerando-300x111.jpg 300w, https:\/\/www.sportchaco.com.ar\/wp-content\/uploads\/2024\/01\/Acelerando-1024x380.jpg 1024w, https:\/\/www.sportchaco.com.ar\/wp-content\/uploads\/2024\/01\/Acelerando-768x285.jpg 768w, https:\/\/www.sportchaco.com.ar\/wp-content\/uploads\/2024\/01\/Acelerando.jpg 1080w\" alt=\"\" width=\"300\" height=\"111\" \/><\/p>\n<p><strong>1974\u00a0<\/strong>\/ De la fusi\u00f3n de Centro Social y Cultural y el Club Sportivo Castelli, nace el Club Sportivo Cultural.<\/p>\n<p><strong>1980\u00a0<\/strong>\/ Queda inaugurado el natatorio de Centro de Educaci\u00f3n F\u00edsica N\u00ba 1 de Presidencia Roque S\u00e1enz Pe\u00f1a. Presidi\u00f3 el acto el presidente de la Cooperadora profesor Pedro G\u00f3mez.<\/p>\n<p><strong>1985\u00a0<\/strong>\/ Vito Moser, un italiano radicado en nuestra provincia desde hace 36 a\u00f1os, es uno de los ganadores del juego de los Pron\u00f3sticos Deportivos (PRODE) con un premio de 10 millones de pesos. Vive en el barrio Provincias Unidas de Resistencia y es pensionado.<\/p>\n<p>&nbsp;<\/p>\n<p><img loading=\"lazy\" decoding=\"async\" class=\"size-medium wp-image-5128 aligncenter\" src=\"https:\/\/www.sportchaco.com.ar\/wp-content\/uploads\/2024\/01\/Cendra-68-Fiesta-CN-300x225.jpg\" sizes=\"auto, (max-width: 300px) 100vw, 300px\" srcset=\"https:\/\/www.sportchaco.com.ar\/wp-content\/uploads\/2024\/01\/Cendra-68-Fiesta-CN-300x225.jpg 300w, https:\/\/www.sportchaco.com.ar\/wp-content\/uploads\/2024\/01\/Cendra-68-Fiesta-CN-1024x768.jpg 1024w, https:\/\/www.sportchaco.com.ar\/wp-content\/uploads\/2024\/01\/Cendra-68-Fiesta-CN-768x576.jpg 768w, https:\/\/www.sportchaco.com.ar\/wp-content\/uploads\/2024\/01\/Cendra-68-Fiesta-CN-1536x1152.jpg 1536w, https:\/\/www.sportchaco.com.ar\/wp-content\/uploads\/2024\/01\/Cendra-68-Fiesta-CN-2048x1536.jpg 2048w\" alt=\"\" width=\"300\" height=\"225\" \/><\/p>\n<h1 class=\"post-title entry-title\"><img loading=\"lazy\" decoding=\"async\" class=\"alignnone size-medium wp-image-31885\" src=\"https:\/\/www.sportchaco.com.ar\/wp-content\/uploads\/2026\/01\/Raul-Cendra-280x300.jpg\" alt=\"\" width=\"280\" height=\"300\" srcset=\"https:\/\/www.sportchaco.com.ar\/wp-content\/uploads\/2026\/01\/Raul-Cendra-280x300.jpg 280w, https:\/\/www.sportchaco.com.ar\/wp-content\/uploads\/2026\/01\/Raul-Cendra.jpg 439w\" sizes=\"auto, (max-width: 280px) 100vw, 280px\" \/><\/h1>\n<p style=\"text-align: center;\"><em><strong>Murgu\u00eda, Bernasconi, Molodezky, Rosales, Gamarra y Cendra<\/strong><\/em><\/p>\n<p><strong>2022<\/strong>\u00a0\/ Fallece a los 79 a\u00f1os Ra\u00fal Cendra, quien en su \u00e9poca de futbolista se destac\u00f3 como centro half. Se inici\u00f3 en San Fernando donde pudo dar la vuelta ol\u00edmpica, siendo campe\u00f3n tambi\u00e9n con Fontana. Fue refuerzo de Don Orione 71 jugando el Nacional, donde marc\u00f3 un gol hist\u00f3rico a La Volpe de Banfield desde mitad de cancha. Reforz\u00f3 a For Ever en el Nacional 73 y vivi\u00f3 grandes momentos futbol\u00edsticos con Fontana, especialmente con el campe\u00f3n 1969. Integr\u00f3 el plantel campe\u00f3n argentino de la Liga Chaque\u00f1a en 1968. En su vida laboral trabaj\u00f3 40 a\u00f1os en el Correo Argentino hasta su jubilaci\u00f3n. Hab\u00eda nacido en Resistencia un 27 de abril de 1942.<\/p>\n<p>&nbsp;<\/p>\n<h3>Foto: Eduardo Rub\u00e9n Ferreyra, director general del programa Acelerando, con el periodista Luis Dar\u00edo Molodezky<\/h3>\n<\/div>\n<\/article>\n<\/div>\n<\/div>\n<\/div>\n<\/div>\n<\/article>\n<\/div>\n<\/div>\n<\/div>\n","protected":false},"excerpt":{"rendered":"<p>Esta es la Efem\u00e9rides del Deporte en el Chaco de un 26 de enero del periodista Luis Dar\u00edo Molodezky. &nbsp; 1968 \/\u00a0Enrique\u00a0Salvador Chazarreta de 20 a\u00f1os es transferido a San Lorenzo de Almagro. La operaci\u00f3n se hizo en 5 millones de pesos y un partido amistoso a jugarse en Resistencia. El jugador pas\u00f3 a despedirse &hellip;<\/p>\n","protected":false},"author":2,"featured_media":31887,"comment_status":"open","ping_status":"open","sticky":false,"template":"","format":"standard","meta":{"footnotes":""},"categories":[45,31],"tags":[],"class_list":["post-31881","post","type-post","status-publish","format-standard","has-post-thumbnail","hentry","category-efemerides-dia-por-dia","category-enero"],"_links":{"self":[{"href":"https:\/\/www.sportchaco.com.ar\/index.php?rest_route=\/wp\/v2\/posts\/31881","targetHints":{"allow":["GET"]}}],"collection":[{"href":"https:\/\/www.sportchaco.com.ar\/index.php?rest_route=\/wp\/v2\/posts"}],"about":[{"href":"https:\/\/www.sportchaco.com.ar\/index.php?rest_route=\/wp\/v2\/types\/post"}],"author":[{"embeddable":true,"href":"https:\/\/www.sportchaco.com.ar\/index.php?rest_route=\/wp\/v2\/users\/2"}],"replies":[{"embeddable":true,"href":"https:\/\/www.sportchaco.com.ar\/index.php?rest_route=%2Fwp%2Fv2%2Fcomments&post=31881"}],"version-history":[{"count":3,"href":"https:\/\/www.sportchaco.com.ar\/index.php?rest_route=\/wp\/v2\/posts\/31881\/revisions"}],"predecessor-version":[{"id":31888,"href":"https:\/\/www.sportchaco.com.ar\/index.php?rest_route=\/wp\/v2\/posts\/31881\/revisions\/31888"}],"wp:featuredmedia":[{"embeddable":true,"href":"https:\/\/www.sportchaco.com.ar\/index.php?rest_route=\/wp\/v2\/media\/31887"}],"wp:attachment":[{"href":"https:\/\/www.sportchaco.com.ar\/index.php?rest_route=%2Fwp%2Fv2%2Fmedia&parent=31881"}],"wp:term":[{"taxonomy":"category","embeddable":true,"href":"https:\/\/www.sportchaco.com.ar\/index.php?rest_route=%2Fwp%2Fv2%2Fcategories&post=31881"},{"taxonomy":"post_tag","embeddable":true,"href":"https:\/\/www.sportchaco.com.ar\/index.php?rest_route=%2Fwp%2Fv2%2Ftags&post=31881"}],"curies":[{"name":"wp","href":"https:\/\/api.w.org\/{rel}","templated":true}]}}