{"id":31889,"date":"2026-01-27T22:10:55","date_gmt":"2026-01-28T01:10:55","guid":{"rendered":"https:\/\/www.sportchaco.com.ar\/?p=31889"},"modified":"2026-01-27T23:32:31","modified_gmt":"2026-01-28T02:32:31","slug":"defensores-se-clasifico-a-la-final-zonal","status":"publish","type":"post","link":"https:\/\/www.sportchaco.com.ar\/?p=31889","title":{"rendered":"Defensores se clasific\u00f3 a la final zonal"},"content":{"rendered":"<p><strong>27-01-2026<\/strong><\/p>\n<p><img loading=\"lazy\" decoding=\"async\" class=\"aligncenter size-full wp-image-20491\" src=\"https:\/\/www.sportchaco.com.ar\/wp-content\/uploads\/2025\/06\/PARQUE-SOLAR_720x90-01.gif\" alt=\"\" width=\"720\" height=\"90\" \/><\/p>\n<p>Este martes se llev\u00f3 a cabo el partido revancha de la cuarta ronda de la Regi\u00f3n Litoral Norte del Regional Amateur entre Defensores y Sportivo Cultural en el estadio \u00abPedro Biolchi\u00bb de Don Orione.<\/p>\n<p>Fue triunfo, con goleada incluida, para el \u00abverde\u00bb de Vilelas. Gustavo Carballo, marc\u00f3 un doblete, Leonel Niz y Jonat\u00e1n Canario los cuatro goles del equipo de Joaqu\u00edn Esp\u00edndola que cerr\u00f3 un resultado global de 6-0 a su favor ante los de Castelli.<\/p>\n<p>Ahora el equipo chaque\u00f1o jugar\u00e1 la final zonal ante Guaran\u00ed Antonio Franco de Posadas. El primer encuentro ser\u00e1 en Misiones y la revancha en Chaco.<\/p>\n<p><strong>REGI\u00d3N LITORAL NORTE<\/strong><br \/>\n<strong>CUARTA RONDA \u2013 VUELTA<br \/>\nDomingo 25-01<\/strong><br \/>\nGuaran\u00ed Antonio Franco de Posadas 2 (3) \u2013 Deportivo Mandiy\u00fa de Corrientes 0 (0)<br \/>\n<em>*entre par\u00e9ntesis el resultado de la ida<\/em><\/p>\n<p><strong>Martes 27-01<\/strong><br \/>\nDefensores de Vilelas 4 (6) \u2013 Sportivo Cultural de Castelli 0 (0)<br \/>\n<em>*entre par\u00e9ntesis el resultado de la ida<\/em><\/p>\n<p><strong>QUINTA RONDA<br \/>\n<u>Ida:<\/u>\u00a01 de febrero de 2026<\/strong><br \/>\n<strong><u>Vuelta:<\/u>\u00a08 de febrero de 2026<\/strong><br \/>\n<strong>FINAL DE REGI\u00d3N<br \/>\n<\/strong>Guaran\u00ed Antonio Franco de Posadas \u2013 Defensores de Vilelas<\/p>\n<p><em><strong>Foto: Prensa Defensores<\/strong><\/em><\/p>\n<p><img loading=\"lazy\" decoding=\"async\" class=\"aligncenter size-full wp-image-31123\" src=\"https:\/\/www.sportchaco.com.ar\/wp-content\/uploads\/2026\/01\/Ahorros-de-Verano-BANNERS-WEB_300x250-11.gif\" alt=\"\" width=\"625\" height=\"521\" \/><\/p>\n","protected":false},"excerpt":{"rendered":"<p>27-01-2026 Este martes se llev\u00f3 a cabo el partido revancha de la cuarta ronda de la Regi\u00f3n Litoral Norte del Regional Amateur entre Defensores y Sportivo Cultural en el estadio \u00abPedro Biolchi\u00bb de Don Orione. Fue triunfo, con goleada incluida, para el \u00abverde\u00bb de Vilelas. Gustavo Carballo, marc\u00f3 un doblete, Leonel Niz y Jonat\u00e1n Canario &hellip;<\/p>\n","protected":false},"author":3,"featured_media":31891,"comment_status":"open","ping_status":"open","sticky":false,"template":"","format":"standard","meta":{"footnotes":""},"categories":[5],"tags":[],"class_list":["post-31889","post","type-post","status-publish","format-standard","has-post-thumbnail","hentry","category-futbol"],"_links":{"self":[{"href":"https:\/\/www.sportchaco.com.ar\/index.php?rest_route=\/wp\/v2\/posts\/31889","targetHints":{"allow":["GET"]}}],"collection":[{"href":"https:\/\/www.sportchaco.com.ar\/index.php?rest_route=\/wp\/v2\/posts"}],"about":[{"href":"https:\/\/www.sportchaco.com.ar\/index.php?rest_route=\/wp\/v2\/types\/post"}],"author":[{"embeddable":true,"href":"https:\/\/www.sportchaco.com.ar\/index.php?rest_route=\/wp\/v2\/users\/3"}],"replies":[{"embeddable":true,"href":"https:\/\/www.sportchaco.com.ar\/index.php?rest_route=%2Fwp%2Fv2%2Fcomments&post=31889"}],"version-history":[{"count":4,"href":"https:\/\/www.sportchaco.com.ar\/index.php?rest_route=\/wp\/v2\/posts\/31889\/revisions"}],"predecessor-version":[{"id":31912,"href":"https:\/\/www.sportchaco.com.ar\/index.php?rest_route=\/wp\/v2\/posts\/31889\/revisions\/31912"}],"wp:featuredmedia":[{"embeddable":true,"href":"https:\/\/www.sportchaco.com.ar\/index.php?rest_route=\/wp\/v2\/media\/31891"}],"wp:attachment":[{"href":"https:\/\/www.sportchaco.com.ar\/index.php?rest_route=%2Fwp%2Fv2%2Fmedia&parent=31889"}],"wp:term":[{"taxonomy":"category","embeddable":true,"href":"https:\/\/www.sportchaco.com.ar\/index.php?rest_route=%2Fwp%2Fv2%2Fcategories&post=31889"},{"taxonomy":"post_tag","embeddable":true,"href":"https:\/\/www.sportchaco.com.ar\/index.php?rest_route=%2Fwp%2Fv2%2Ftags&post=31889"}],"curies":[{"name":"wp","href":"https:\/\/api.w.org\/{rel}","templated":true}]}}