{"id":31928,"date":"2026-01-28T12:41:48","date_gmt":"2026-01-28T15:41:48","guid":{"rendered":"https:\/\/www.sportchaco.com.ar\/?p=31928"},"modified":"2026-01-28T12:41:48","modified_gmt":"2026-01-28T15:41:48","slug":"1978-comercio-campeon-del-basquetbol-local-en-plaza","status":"publish","type":"post","link":"https:\/\/www.sportchaco.com.ar\/?p=31928","title":{"rendered":"1978: Comercio, campe\u00f3n del b\u00e1squetbol local en Plaza"},"content":{"rendered":"<h3 data-start=\"787\" data-end=\"838\"><\/h3>\n<h5 data-start=\"840\" data-end=\"1150\">En <strong data-start=\"843\" data-end=\"860\">marzo de 1978<\/strong>, el Club Comercio de Presidencia de la Plaza escribi\u00f3 una p\u00e1gina imborrable en la historia deportiva de la localidad al consagrarse campe\u00f3n del <strong data-start=\"1005\" data-end=\"1041\">Campeonato Oficial de B\u00e1squetbol<\/strong>, tras vencer ajustadamente a Cooperativa en un encuentro que qued\u00f3 grabado en la memoria de los aficionados.<\/h5>\n<p data-start=\"1152\" data-end=\"1436\">Fue un partido vibrante, \u201cno apto para card\u00edacos\u201d, como lo reflej\u00f3 la cr\u00f3nica de la \u00e9poca. La definici\u00f3n se dio por una diferencia m\u00ednima, en un duelo cargado de tensi\u00f3n, entrega y emoci\u00f3n, que tuvo al p\u00fablico como testigo de una de las finales m\u00e1s disputadas del b\u00e1squetbol placense.<\/p>\n<p data-start=\"1438\" data-end=\"1804\">El equipo campe\u00f3n fue conducido t\u00e9cnicamente por <strong data-start=\"1487\" data-end=\"1500\">Juan Meana<\/strong>, quien supo amalgamar un plantel s\u00f3lido y comprometido. De pie posaron para la historia <strong data-start=\"1589\" data-end=\"1673\">Carlos Liva, Hugo Torres, Carlos Armada, Jos\u00e9 Miguel Cortez y Juan Carlos Moreno<\/strong>, mientras que completaron la formaci\u00f3n, hincados, <strong data-start=\"1724\" data-end=\"1803\">H\u00e9ctor S\u00e1nchez, V\u00edctor Moreno, Hern\u00e1n Cort\u00e9s, Pino Lombardo y Jorge Maltuff<\/strong>.<\/p>\n<p data-start=\"1806\" data-end=\"2160\">Aquella consagraci\u00f3n no solo signific\u00f3 un t\u00edtulo m\u00e1s para Comercio, sino que reafirm\u00f3 el lugar del b\u00e1squetbol como una de las disciplinas centrales en la vida social y deportiva de Presidencia de la Plaza. A m\u00e1s de cuatro d\u00e9cadas de aquel logro, la imagen y los nombres de sus protagonistas siguen siendo parte del patrimonio hist\u00f3rico del deporte local.<\/p>\n<p data-start=\"1806\" data-end=\"2160\">\n<p data-start=\"1806\" data-end=\"2160\">\n<p data-start=\"1806\" data-end=\"2160\">Foto portada:<\/p>\n<p data-start=\"521\" data-end=\"654\">Parados: Juan Mema (director t\u00e9cnico); jugadores: Carlos Liva; Hugo Torres; Carlos Armada; Jos\u00e9 Miguel Cortez y Juan Carlos Moreno.<\/p>\n<p data-start=\"656\" data-end=\"742\">Hincados: H\u00e9ctor S\u00e1nchez, V\u00edctor Moreno, Hern\u00e1n Cort\u00e9s, Pino Lombardo y Jorge Maltuff.<\/p>\n<p data-start=\"656\" data-end=\"742\"><img loading=\"lazy\" decoding=\"async\" class=\"alignnone size-medium wp-image-31907\" src=\"https:\/\/www.sportchaco.com.ar\/wp-content\/uploads\/2026\/01\/Agua-Segura_200x200-05-1-300x300.gif\" alt=\"\" width=\"300\" height=\"300\" srcset=\"https:\/\/www.sportchaco.com.ar\/wp-content\/uploads\/2026\/01\/Agua-Segura_200x200-05-1-300x300.gif 300w, https:\/\/www.sportchaco.com.ar\/wp-content\/uploads\/2026\/01\/Agua-Segura_200x200-05-1-150x150.gif 150w\" sizes=\"auto, (max-width: 300px) 100vw, 300px\" \/> <img loading=\"lazy\" decoding=\"async\" class=\"alignnone size-medium wp-image-31908\" src=\"https:\/\/www.sportchaco.com.ar\/wp-content\/uploads\/2026\/01\/Ahorros-de-Verano-BANNERS-WEB_200x200-04-1-300x300.gif\" alt=\"\" width=\"300\" height=\"300\" srcset=\"https:\/\/www.sportchaco.com.ar\/wp-content\/uploads\/2026\/01\/Ahorros-de-Verano-BANNERS-WEB_200x200-04-1-300x300.gif 300w, https:\/\/www.sportchaco.com.ar\/wp-content\/uploads\/2026\/01\/Ahorros-de-Verano-BANNERS-WEB_200x200-04-1-150x150.gif 150w\" sizes=\"auto, (max-width: 300px) 100vw, 300px\" \/><\/p>\n","protected":false},"excerpt":{"rendered":"<p>En marzo de 1978, el Club Comercio de Presidencia de la Plaza escribi\u00f3 una p\u00e1gina imborrable en la historia deportiva de la localidad al consagrarse campe\u00f3n del Campeonato Oficial de B\u00e1squetbol, tras vencer ajustadamente a Cooperativa en un encuentro que qued\u00f3 grabado en la memoria de los aficionados. Fue un partido vibrante, \u201cno apto para &hellip;<\/p>\n","protected":false},"author":2,"featured_media":31929,"comment_status":"open","ping_status":"open","sticky":false,"template":"","format":"standard","meta":{"footnotes":""},"categories":[1,78],"tags":[],"class_list":["post-31928","post","type-post","status-publish","format-standard","has-post-thumbnail","hentry","category-fotos-del-recuerdo","category-historias"],"_links":{"self":[{"href":"https:\/\/www.sportchaco.com.ar\/index.php?rest_route=\/wp\/v2\/posts\/31928","targetHints":{"allow":["GET"]}}],"collection":[{"href":"https:\/\/www.sportchaco.com.ar\/index.php?rest_route=\/wp\/v2\/posts"}],"about":[{"href":"https:\/\/www.sportchaco.com.ar\/index.php?rest_route=\/wp\/v2\/types\/post"}],"author":[{"embeddable":true,"href":"https:\/\/www.sportchaco.com.ar\/index.php?rest_route=\/wp\/v2\/users\/2"}],"replies":[{"embeddable":true,"href":"https:\/\/www.sportchaco.com.ar\/index.php?rest_route=%2Fwp%2Fv2%2Fcomments&post=31928"}],"version-history":[{"count":1,"href":"https:\/\/www.sportchaco.com.ar\/index.php?rest_route=\/wp\/v2\/posts\/31928\/revisions"}],"predecessor-version":[{"id":31930,"href":"https:\/\/www.sportchaco.com.ar\/index.php?rest_route=\/wp\/v2\/posts\/31928\/revisions\/31930"}],"wp:featuredmedia":[{"embeddable":true,"href":"https:\/\/www.sportchaco.com.ar\/index.php?rest_route=\/wp\/v2\/media\/31929"}],"wp:attachment":[{"href":"https:\/\/www.sportchaco.com.ar\/index.php?rest_route=%2Fwp%2Fv2%2Fmedia&parent=31928"}],"wp:term":[{"taxonomy":"category","embeddable":true,"href":"https:\/\/www.sportchaco.com.ar\/index.php?rest_route=%2Fwp%2Fv2%2Fcategories&post=31928"},{"taxonomy":"post_tag","embeddable":true,"href":"https:\/\/www.sportchaco.com.ar\/index.php?rest_route=%2Fwp%2Fv2%2Ftags&post=31928"}],"curies":[{"name":"wp","href":"https:\/\/api.w.org\/{rel}","templated":true}]}}