{"id":31951,"date":"2026-01-29T23:59:33","date_gmt":"2026-01-30T02:59:33","guid":{"rendered":"https:\/\/www.sportchaco.com.ar\/?p=31951"},"modified":"2026-01-30T00:04:25","modified_gmt":"2026-01-30T03:04:25","slug":"efemerides-del-30-de-enero-2","status":"publish","type":"post","link":"https:\/\/www.sportchaco.com.ar\/?p=31951","title":{"rendered":"Efem\u00e9rides del 30 de enero"},"content":{"rendered":"<div class=\"container fullwidth-entry-title-wrapper\">\n<div class=\"container-wrapper fullwidth-entry-title\">\n<header class=\"entry-header-outer\">\n<div class=\"entry-header\"><\/div>\n<\/header>\n<\/div>\n<\/div>\n<div id=\"content\" class=\"site-content container\">\n<div id=\"main-content-row\" class=\"tie-row main-content-row\">\n<div class=\"main-content tie-col-md-8 tie-col-xs-12\" role=\"main\">\n<article id=\"the-post\" class=\"container-wrapper post-content tie-standard\">\n<div class=\"featured-area\">\n<div class=\"featured-area-inner\">\n<figure class=\"single-featured-image\"><em><strong>Foto portada de Mario Peredo<\/strong><\/em><\/figure>\n<\/div>\n<\/div>\n<div class=\"entry-content entry clearfix\">\n<h5><strong>Esta es la Efem\u00e9rides del Deporte en el Chaco de un 30 de enero del periodista Luis Dar\u00edo Molodezky.<\/strong><\/h5>\n<p>&nbsp;<\/p>\n<p>&nbsp;<\/p>\n<p style=\"text-align: center;\"><img loading=\"lazy\" decoding=\"async\" class=\"alignnone size-medium wp-image-31852\" src=\"https:\/\/www.sportchaco.com.ar\/wp-content\/uploads\/2026\/01\/Luis-2025-marzo-carita-sonriente-1-300x287.jpg\" alt=\"\" width=\"300\" height=\"287\" srcset=\"https:\/\/www.sportchaco.com.ar\/wp-content\/uploads\/2026\/01\/Luis-2025-marzo-carita-sonriente-1-300x287.jpg 300w, https:\/\/www.sportchaco.com.ar\/wp-content\/uploads\/2026\/01\/Luis-2025-marzo-carita-sonriente-1.jpg 383w\" sizes=\"auto, (max-width: 300px) 100vw, 300px\" \/><\/p>\n<p>&nbsp;<\/p>\n<p>&nbsp;<\/p>\n<p><strong>1929 \/<\/strong>\u00a0Nace en Resistencia Mario Ra\u00fal Peredo, el jugador m\u00e1s destacado de tenis de su \u00e9poca, la raqueta N\u00b0 1 del Chaco durante 25 a\u00f1os. Fue un intuitivo, ya que no hab\u00eda maestros por aquellos a\u00f1os. Aprendi\u00f3 de los mayores el saque, la volea, el rev\u00e9s y toda la variedad de golpes. Con Olga Pisarello formaron una dupla de ensue\u00f1os. Mario Peredo se jubil\u00f3 como director de Tr\u00e1nsito y de Personal de la Municipalidad de Resistencia.\u00a0Falleci\u00f3 con 73 a\u00f1os.<\/p>\n<p><strong>1979\u00a0<\/strong>\/ Orlando Salinas y Roberto Bonfanti, de Uni\u00f3n Progresista de Villa \u00c1ngela, son preseleccionado para integrar el elenco de la Confederaci\u00f3n Argentina de B\u00e1squetbol.<\/p>\n<p><strong>1979\u00a0<\/strong>\/ El entrenador Oscar\u00a0<em>Caeco\u00a0<\/em>Valussi, es expulsado de por vida por la Confederaci\u00f3n Argentina de B\u00e1squetbol, por no haber informado del curso realizado en M\u00e9xico, enviado por esa entidad a sugerencia de la Federaci\u00f3n Chaque\u00f1a. La sanci\u00f3n le imped\u00eda dirigir, jugar y ser dirigente del b\u00e1squetbol.<\/p>\n<p><strong>1985\u00a0<\/strong>\/ El nadador chaque\u00f1o Carlos Castellari, campe\u00f3n argentino y sudamericano, se hace cargo de la ense\u00f1anza de nataci\u00f3n en el Club Nacional de Regatas Mbigu\u00e1 de Asunci\u00f3n de Paraguay\u00a0<strong>(foto).<\/strong><\/p>\n<p style=\"text-align: center;\"><strong><em><img loading=\"lazy\" decoding=\"async\" class=\"attachment-jannah-image-post size-jannah-image-post wp-post-image\" src=\"https:\/\/www.sportchaco.com.ar\/wp-content\/uploads\/2025\/01\/Carlos-Castellari.jpg\" sizes=\"auto, (max-width: 600px) 100vw, 600px\" srcset=\"https:\/\/www.sportchaco.com.ar\/wp-content\/uploads\/2025\/01\/Carlos-Castellari.jpg 600w, https:\/\/www.sportchaco.com.ar\/wp-content\/uploads\/2025\/01\/Carlos-Castellari-300x203.jpg 300w, https:\/\/www.sportchaco.com.ar\/wp-content\/uploads\/2025\/01\/Carlos-Castellari-220x150.jpg 220w\" alt=\"\" width=\"600\" height=\"405\" data-main-img=\"1\" \/><\/em><\/strong><\/p>\n<\/div>\n<p><img loading=\"lazy\" decoding=\"async\" class=\"alignnone size-medium wp-image-31908\" src=\"https:\/\/www.sportchaco.com.ar\/wp-content\/uploads\/2026\/01\/Ahorros-de-Verano-BANNERS-WEB_200x200-04-1-300x300.gif\" alt=\"\" width=\"300\" height=\"300\" srcset=\"https:\/\/www.sportchaco.com.ar\/wp-content\/uploads\/2026\/01\/Ahorros-de-Verano-BANNERS-WEB_200x200-04-1-300x300.gif 300w, https:\/\/www.sportchaco.com.ar\/wp-content\/uploads\/2026\/01\/Ahorros-de-Verano-BANNERS-WEB_200x200-04-1-150x150.gif 150w\" sizes=\"auto, (max-width: 300px) 100vw, 300px\" \/> <img loading=\"lazy\" decoding=\"async\" class=\"alignnone size-full wp-image-31906\" src=\"https:\/\/www.sportchaco.com.ar\/wp-content\/uploads\/2026\/01\/200x200-1.gif\" alt=\"\" width=\"201\" height=\"201\" \/><\/p>\n<\/article>\n<\/div>\n<\/div>\n<\/div>\n","protected":false},"excerpt":{"rendered":"<p>Foto portada de Mario Peredo Esta es la Efem\u00e9rides del Deporte en el Chaco de un 30 de enero del periodista Luis Dar\u00edo Molodezky. &nbsp; &nbsp; &nbsp; &nbsp; 1929 \/\u00a0Nace en Resistencia Mario Ra\u00fal Peredo, el jugador m\u00e1s destacado de tenis de su \u00e9poca, la raqueta N\u00b0 1 del Chaco durante 25 a\u00f1os. Fue un &hellip;<\/p>\n","protected":false},"author":2,"featured_media":31956,"comment_status":"open","ping_status":"open","sticky":false,"template":"","format":"standard","meta":{"footnotes":""},"categories":[45,31],"tags":[],"class_list":["post-31951","post","type-post","status-publish","format-standard","has-post-thumbnail","hentry","category-efemerides-dia-por-dia","category-enero"],"_links":{"self":[{"href":"https:\/\/www.sportchaco.com.ar\/index.php?rest_route=\/wp\/v2\/posts\/31951","targetHints":{"allow":["GET"]}}],"collection":[{"href":"https:\/\/www.sportchaco.com.ar\/index.php?rest_route=\/wp\/v2\/posts"}],"about":[{"href":"https:\/\/www.sportchaco.com.ar\/index.php?rest_route=\/wp\/v2\/types\/post"}],"author":[{"embeddable":true,"href":"https:\/\/www.sportchaco.com.ar\/index.php?rest_route=\/wp\/v2\/users\/2"}],"replies":[{"embeddable":true,"href":"https:\/\/www.sportchaco.com.ar\/index.php?rest_route=%2Fwp%2Fv2%2Fcomments&post=31951"}],"version-history":[{"count":4,"href":"https:\/\/www.sportchaco.com.ar\/index.php?rest_route=\/wp\/v2\/posts\/31951\/revisions"}],"predecessor-version":[{"id":31957,"href":"https:\/\/www.sportchaco.com.ar\/index.php?rest_route=\/wp\/v2\/posts\/31951\/revisions\/31957"}],"wp:featuredmedia":[{"embeddable":true,"href":"https:\/\/www.sportchaco.com.ar\/index.php?rest_route=\/wp\/v2\/media\/31956"}],"wp:attachment":[{"href":"https:\/\/www.sportchaco.com.ar\/index.php?rest_route=%2Fwp%2Fv2%2Fmedia&parent=31951"}],"wp:term":[{"taxonomy":"category","embeddable":true,"href":"https:\/\/www.sportchaco.com.ar\/index.php?rest_route=%2Fwp%2Fv2%2Fcategories&post=31951"},{"taxonomy":"post_tag","embeddable":true,"href":"https:\/\/www.sportchaco.com.ar\/index.php?rest_route=%2Fwp%2Fv2%2Ftags&post=31951"}],"curies":[{"name":"wp","href":"https:\/\/api.w.org\/{rel}","templated":true}]}}