{"id":31952,"date":"2026-01-29T11:54:24","date_gmt":"2026-01-29T14:54:24","guid":{"rendered":"https:\/\/www.sportchaco.com.ar\/?p=31952"},"modified":"2026-01-29T12:07:31","modified_gmt":"2026-01-29T15:07:31","slug":"defensores-visita-el-domingo-a-guarani","status":"publish","type":"post","link":"https:\/\/www.sportchaco.com.ar\/?p=31952","title":{"rendered":"Defensores visita el domingo a Guaran\u00ed"},"content":{"rendered":"<p><strong>29-01-2026<\/strong><\/p>\n<p><img loading=\"lazy\" decoding=\"async\" class=\"aligncenter size-full wp-image-20491\" src=\"https:\/\/www.sportchaco.com.ar\/wp-content\/uploads\/2025\/06\/PARQUE-SOLAR_720x90-01.gif\" alt=\"\" width=\"720\" height=\"90\" \/><\/p>\n<p>El Consejo Federal de AFA estableci\u00f3 d\u00eda y horario para la final de la Regi\u00f3n Litoral Norte del Regional Amateur, la cual disputar\u00e1n Defensores de Vilelas y Guaran\u00ed Antonio Franco de Posadas.<\/p>\n<p>La misma se jugar\u00e1 este domingo 1 de febrero en Villa Sarita, en la provincia de Misiones, desde las 17:30 horas. El grupo de \u00e1rbitros estar\u00e1 encabezado por el cordob\u00e9s Fernando Rekers.<\/p>\n<p>El equipo de Joaqu\u00edn Esp\u00edndola, que viene de eliminar el pasado martes a Sportivo Cultural de Castelli, es el \u00fanico representante chaque\u00f1o que qued\u00f3 tras la eliminaci\u00f3n de los restantes 11 equipos de nuestra provincia. Por su parte, el \u00abfranjeado\u00bb misionero elimin\u00f3 en la ronda anterior a Deportivo Mandiy\u00fa de Corrientes.<\/p>\n<p>La revancha de esta final zonal se jugar\u00e1 el fin de semana del 7 y 8 de febrero en Barranqueras, donde el \u00abverde\u00bb de Vilelas hace de local. Luego, quien resulte ganador de la Regi\u00f3n Litoral Norte jugar\u00e1 la final, a partido \u00fanico, ante el ganador de otra regi\u00f3n (se define por sorteo) por el ascenso al torneo Federal \u00abA\u00bb.<\/p>\n<p><strong>REGI\u00d3N LITORAL NORTE<\/strong><br \/>\n<strong>QUINTA RONDA &#8211; FINAL DE REGI\u00d3N \u2013 IDA<br \/>\nDomingo 01-02<\/strong><br \/>\nA las 17:30, Guaran\u00ed Antonio Franco de Posadas\u00a0 \u2013 Defensores de Vilelas<br \/>\n<strong>\u00c1rbitro:\u00a0<\/strong>Fernando Rekers. <strong>Asistentes:<\/strong> Luciano Morello y Brian Rekers. <strong>Cuarto \u00e1rbitro:<\/strong> Gast\u00f3n Ambrosino (todos de C\u00f3rdoba)<\/p>\n<p><img loading=\"lazy\" decoding=\"async\" class=\"aligncenter size-full wp-image-31123\" src=\"https:\/\/www.sportchaco.com.ar\/wp-content\/uploads\/2026\/01\/Ahorros-de-Verano-BANNERS-WEB_300x250-11.gif\" alt=\"\" width=\"625\" height=\"521\" \/><\/p>\n","protected":false},"excerpt":{"rendered":"<p>29-01-2026 El Consejo Federal de AFA estableci\u00f3 d\u00eda y horario para la final de la Regi\u00f3n Litoral Norte del Regional Amateur, la cual disputar\u00e1n Defensores de Vilelas y Guaran\u00ed Antonio Franco de Posadas. La misma se jugar\u00e1 este domingo 1 de febrero en Villa Sarita, en la provincia de Misiones, desde las 17:30 horas. El &hellip;<\/p>\n","protected":false},"author":3,"featured_media":31962,"comment_status":"open","ping_status":"open","sticky":false,"template":"","format":"standard","meta":{"footnotes":""},"categories":[5],"tags":[],"class_list":["post-31952","post","type-post","status-publish","format-standard","has-post-thumbnail","hentry","category-futbol"],"_links":{"self":[{"href":"https:\/\/www.sportchaco.com.ar\/index.php?rest_route=\/wp\/v2\/posts\/31952","targetHints":{"allow":["GET"]}}],"collection":[{"href":"https:\/\/www.sportchaco.com.ar\/index.php?rest_route=\/wp\/v2\/posts"}],"about":[{"href":"https:\/\/www.sportchaco.com.ar\/index.php?rest_route=\/wp\/v2\/types\/post"}],"author":[{"embeddable":true,"href":"https:\/\/www.sportchaco.com.ar\/index.php?rest_route=\/wp\/v2\/users\/3"}],"replies":[{"embeddable":true,"href":"https:\/\/www.sportchaco.com.ar\/index.php?rest_route=%2Fwp%2Fv2%2Fcomments&post=31952"}],"version-history":[{"count":2,"href":"https:\/\/www.sportchaco.com.ar\/index.php?rest_route=\/wp\/v2\/posts\/31952\/revisions"}],"predecessor-version":[{"id":31977,"href":"https:\/\/www.sportchaco.com.ar\/index.php?rest_route=\/wp\/v2\/posts\/31952\/revisions\/31977"}],"wp:featuredmedia":[{"embeddable":true,"href":"https:\/\/www.sportchaco.com.ar\/index.php?rest_route=\/wp\/v2\/media\/31962"}],"wp:attachment":[{"href":"https:\/\/www.sportchaco.com.ar\/index.php?rest_route=%2Fwp%2Fv2%2Fmedia&parent=31952"}],"wp:term":[{"taxonomy":"category","embeddable":true,"href":"https:\/\/www.sportchaco.com.ar\/index.php?rest_route=%2Fwp%2Fv2%2Fcategories&post=31952"},{"taxonomy":"post_tag","embeddable":true,"href":"https:\/\/www.sportchaco.com.ar\/index.php?rest_route=%2Fwp%2Fv2%2Ftags&post=31952"}],"curies":[{"name":"wp","href":"https:\/\/api.w.org\/{rel}","templated":true}]}}