{"id":32080,"date":"2026-02-01T22:11:56","date_gmt":"2026-02-02T01:11:56","guid":{"rendered":"https:\/\/www.sportchaco.com.ar\/?p=32080"},"modified":"2026-02-02T00:36:07","modified_gmt":"2026-02-02T03:36:07","slug":"cara-y-ceca-del-deporte-arranca-su-temporada-2026","status":"publish","type":"post","link":"https:\/\/www.sportchaco.com.ar\/?p=32080","title":{"rendered":"Cara y Ceca del Deporte arranca su temporada 2026"},"content":{"rendered":"<hr \/>\n<p><strong>01-02-2026<\/strong><\/p>\n<p><img loading=\"lazy\" decoding=\"async\" class=\"aligncenter size-full wp-image-31296\" src=\"https:\/\/www.sportchaco.com.ar\/wp-content\/uploads\/2026\/01\/Ahorros-de-Verano-BANNERS-WEB_320x50.gif\" alt=\"\" width=\"667\" height=\"104\" \/><\/p>\n<p>Desde este lunes, el deporte se vivir\u00e1 a trav\u00e9s de Cara y Ceca del Deporte por la frecuencia radial FM 101.5 de Radio Provincia de 12 a 13 horas en su temporada 36 ininterrumpidas en el aire. Sus conductores son Luis Dar\u00edo Molodezky, Facundo Maciel Del R\u00edo, Edgar Quintero y Marcos Daniel Acosta.<\/p>\n<p>Para esta temporada habr\u00e1 mucha informaci\u00f3n de For Ever en la Primera Nacional, Sarmiento en el Federal A, el Regional Amateur y todo sobre los equipos que est\u00e1n en la Primera \u201cA\u201d y \u00abB\u00bb de la Liga Chaque\u00f1a de F\u00fatbol m\u00e1s el Femenino. Adem\u00e1s, columnas de b\u00e1squet y rugby y un recorrido por diversas disciplinas tanto a nivel regional, nacional como internacional.<\/p>\n<p>Cara y Ceca del Deporte cuenta con su p\u00e1gina digital: <a href=\"http:\/\/sportchaco.com.ar\">sportchaco.com.ar<\/a> donde se comparten las notas realizadas en el programa y brinda novedades de todo el deporte chaque\u00f1o. Tambi\u00e9n se lo puede seguir a trav\u00e9s de sus redes sociales: <strong>cycdeldeporte<\/strong> en Facebook, Instagram y Twitter.<\/p>\n<p><img loading=\"lazy\" decoding=\"async\" class=\"aligncenter size-full wp-image-31855\" src=\"https:\/\/www.sportchaco.com.ar\/wp-content\/uploads\/2026\/01\/MERCADO-LIBRE_250x250-09-1.gif\" alt=\"\" width=\"417\" height=\"417\" \/><\/p>\n","protected":false},"excerpt":{"rendered":"<p>01-02-2026 Desde este lunes, el deporte se vivir\u00e1 a trav\u00e9s de Cara y Ceca del Deporte por la frecuencia radial FM 101.5 de Radio Provincia de 12 a 13 horas en su temporada 36 ininterrumpidas en el aire. Sus conductores son Luis Dar\u00edo Molodezky, Facundo Maciel Del R\u00edo, Edgar Quintero y Marcos Daniel Acosta. Para &hellip;<\/p>\n","protected":false},"author":3,"featured_media":32081,"comment_status":"open","ping_status":"open","sticky":false,"template":"","format":"standard","meta":{"footnotes":""},"categories":[44],"tags":[],"class_list":["post-32080","post","type-post","status-publish","format-standard","has-post-thumbnail","hentry","category-varios"],"_links":{"self":[{"href":"https:\/\/www.sportchaco.com.ar\/index.php?rest_route=\/wp\/v2\/posts\/32080","targetHints":{"allow":["GET"]}}],"collection":[{"href":"https:\/\/www.sportchaco.com.ar\/index.php?rest_route=\/wp\/v2\/posts"}],"about":[{"href":"https:\/\/www.sportchaco.com.ar\/index.php?rest_route=\/wp\/v2\/types\/post"}],"author":[{"embeddable":true,"href":"https:\/\/www.sportchaco.com.ar\/index.php?rest_route=\/wp\/v2\/users\/3"}],"replies":[{"embeddable":true,"href":"https:\/\/www.sportchaco.com.ar\/index.php?rest_route=%2Fwp%2Fv2%2Fcomments&post=32080"}],"version-history":[{"count":3,"href":"https:\/\/www.sportchaco.com.ar\/index.php?rest_route=\/wp\/v2\/posts\/32080\/revisions"}],"predecessor-version":[{"id":32130,"href":"https:\/\/www.sportchaco.com.ar\/index.php?rest_route=\/wp\/v2\/posts\/32080\/revisions\/32130"}],"wp:featuredmedia":[{"embeddable":true,"href":"https:\/\/www.sportchaco.com.ar\/index.php?rest_route=\/wp\/v2\/media\/32081"}],"wp:attachment":[{"href":"https:\/\/www.sportchaco.com.ar\/index.php?rest_route=%2Fwp%2Fv2%2Fmedia&parent=32080"}],"wp:term":[{"taxonomy":"category","embeddable":true,"href":"https:\/\/www.sportchaco.com.ar\/index.php?rest_route=%2Fwp%2Fv2%2Fcategories&post=32080"},{"taxonomy":"post_tag","embeddable":true,"href":"https:\/\/www.sportchaco.com.ar\/index.php?rest_route=%2Fwp%2Fv2%2Ftags&post=32080"}],"curies":[{"name":"wp","href":"https:\/\/api.w.org\/{rel}","templated":true}]}}