{"id":32083,"date":"2026-02-02T00:01:31","date_gmt":"2026-02-02T03:01:31","guid":{"rendered":"https:\/\/www.sportchaco.com.ar\/?p=32083"},"modified":"2026-02-02T00:15:38","modified_gmt":"2026-02-02T03:15:38","slug":"efemerides-del-2-de-febrero-2","status":"publish","type":"post","link":"https:\/\/www.sportchaco.com.ar\/?p=32083","title":{"rendered":"Efem\u00e9rides del 2 de febrero"},"content":{"rendered":"<div class=\"container fullwidth-entry-title-wrapper\">\n<div class=\"container-wrapper fullwidth-entry-title\">\n<header class=\"entry-header-outer\">\n<div class=\"entry-header\">\n<div class=\"single-post-meta post-meta clearfix\"><\/div>\n<\/div>\n<\/header>\n<\/div>\n<\/div>\n<div id=\"content\" class=\"site-content container\">\n<div id=\"main-content-row\" class=\"tie-row main-content-row\">\n<div class=\"main-content tie-col-md-8 tie-col-xs-12\" role=\"main\">\n<article id=\"the-post\" class=\"container-wrapper post-content tie-standard\">\n<div class=\"featured-area\">\n<div class=\"featured-area-inner\"><\/div>\n<\/div>\n<div class=\"entry-content entry clearfix\">\n<div class=\"container fullwidth-entry-title-wrapper\">\n<div class=\"container-wrapper fullwidth-entry-title\">\n<header class=\"entry-header-outer\">\n<div class=\"entry-header\">\n<h1 class=\"post-title entry-title\">Efem\u00e9rides del 2 de febrero<\/h1>\n<div class=\"single-post-meta post-meta clearfix\"><\/div>\n<\/div>\n<\/header>\n<\/div>\n<\/div>\n<div id=\"content\" class=\"site-content container\">\n<div id=\"main-content-row\" class=\"tie-row main-content-row\">\n<div class=\"main-content tie-col-md-8 tie-col-xs-12\" role=\"main\">\n<article id=\"the-post\" class=\"container-wrapper post-content tie-standard\">\n<div class=\"featured-area\">\n<div class=\"featured-area-inner\"><\/div>\n<\/div>\n<div class=\"entry-content entry clearfix\">\n<p><strong>Esta es la Efem\u00e9rides del Deporte en el Chaco de un 2 de febrero del periodista Luis Dar\u00edo Molodezky.<\/strong><\/p>\n<p>&nbsp;<\/p>\n<p style=\"text-align: center;\"><img loading=\"lazy\" decoding=\"async\" class=\"alignnone size-full wp-image-31754\" src=\"https:\/\/www.sportchaco.com.ar\/wp-content\/uploads\/2026\/01\/Luis-Dario-Molodezky-2025-1-1-1.jpg\" alt=\"\" width=\"176\" height=\"194\" \/><\/p>\n<p>&nbsp;<\/p>\n<p><strong>1941\/<\/strong>\u00a0Nace Ernesto Ra\u00fal Acosta, locutor y periodista Ernesto Ra\u00fal \u00abToto\u00bb Acosta. Desarroll\u00f3 durante d\u00e9cadas una destacada carrera en el \u00e1mbito period\u00edstico del Chaco y la regi\u00f3n. Fue director de Radio Nacional Resistencia, fundador y director de Radio Universidad de la UNNE Corrientes, director de Radio Universidad de la UTN Resistencia, director de Relaciones P\u00fablicas de la Municipalidad de Resistencia.\u00a0 De voz grave, con dicci\u00f3n clara y firme. Tambi\u00e9n ejerci\u00f3 el periodismo deportivo colaborando en las transmisiones radiales. Falleci\u00f3 el 13 de abril de 2020.<\/p>\n<p><img loading=\"lazy\" decoding=\"async\" class=\"attachment-jannah-image-post wp-post-image aligncenter\" src=\"https:\/\/www.sportchaco.com.ar\/wp-content\/uploads\/2025\/02\/toto-acosta.jpg\" sizes=\"auto, (max-width: 390px) 100vw, 390px\" srcset=\"https:\/\/www.sportchaco.com.ar\/wp-content\/uploads\/2025\/02\/toto-acosta.jpg 390w, https:\/\/www.sportchaco.com.ar\/wp-content\/uploads\/2025\/02\/toto-acosta-300x300.jpg 300w, https:\/\/www.sportchaco.com.ar\/wp-content\/uploads\/2025\/02\/toto-acosta-150x150.jpg 150w\" alt=\"\" width=\"174\" height=\"174\" data-main-img=\"1\" \/><\/p>\n<p><strong>1947\u00a0<\/strong>\/ Nace el Club Recreativo y Cultural Toba en El Zapallar, luego General San Mart\u00edn, promovido en el seno de una cooperativa agr\u00edcola fundada cuatro a\u00f1os atr\u00e1s.<\/p>\n<p><strong>1954 \/<\/strong>\u00a0Nace en Margarita Bel\u00e9n Reinaldo Omar Bianucci. Gran jugador de f\u00fatbol, volante ofensivo, jug\u00f3 en For Ever y Chacarita Juniors. En el negro obtuvo seis t\u00edtulos, jug\u00f3 45 partidos y marc\u00f3 10 goles. Con el negro obtuvo 6 t\u00edtulos.<\/p>\n<p><img loading=\"lazy\" decoding=\"async\" class=\"alignnone size-medium wp-image-32085 aligncenter\" src=\"https:\/\/www.sportchaco.com.ar\/wp-content\/uploads\/2026\/02\/Rino-Bianucci-1-623x470-1-300x226.jpg\" alt=\"\" width=\"300\" height=\"226\" srcset=\"https:\/\/www.sportchaco.com.ar\/wp-content\/uploads\/2026\/02\/Rino-Bianucci-1-623x470-1-300x226.jpg 300w, https:\/\/www.sportchaco.com.ar\/wp-content\/uploads\/2026\/02\/Rino-Bianucci-1-623x470-1.jpg 623w\" sizes=\"auto, (max-width: 300px) 100vw, 300px\" \/><\/p>\n<p><strong>1959\u00a0<\/strong>\/ Es electo presidente de Chaco For Ever el doctor Ram\u00f3n Prieto y como vicepresidente, Felipe Haiquel.<\/p>\n<p><strong>1980\u00a0<\/strong>\/ El Club Comercio de Presidencia de la Plaza se corona campe\u00f3n de la Liga Regional, al superar en los dos partidos finales a Uni\u00f3n de Colonia Elisa. En el partido final Comercio form\u00f3 con Bia\u00edn; Mart\u00edn, Paiva, Roda, Liva, Rodr\u00edguez, L\u00f3pez, Cortez, Moreno, L\u00f3pez y Valdez. AS: Sol\u00eds.<\/p>\n<p><strong>1986\u00a0<\/strong>\/ Ra\u00fal Alaio de Resistencia en mayores y Roberto Acevedo en Veteranos, se impusieron en el Biatl\u00f3n de Verano en S\u00e1enz Pe\u00f1a. Hugo Liva se impuso en juveniles y Lidia Tarabai de B\u00e1ez en la marat\u00f3n disputada paralelamente. En Biatl\u00f3n se corrieron 15 kil\u00f3metros de ciclismo y ocho de marat\u00f3n.<\/p>\n<p><strong>2007\u00a0<\/strong>\/ Am\u00e9rico Bonomi, se consagra campe\u00f3n argentino de fisicoculturismo en la categor\u00eda M\u00e1ster, m\u00e1s de 60 a\u00f1os. Tambi\u00e9n en el torneo nacional Pa\u00fal Lucero se clasific\u00f3 subcampe\u00f3n en M\u00e1ster de 50 a 60 a\u00f1os.<\/p>\n<p><strong>2022<\/strong>\u00a0\/ Fallece el destacado dirigente deportivo H\u00e9ctor \u201cPapi\u201d Insaurralde, quien le dio sus mejores a\u00f1os a Villa Alvear, integrando tambi\u00e9n la Liga Chaque\u00f1a de F\u00fatbol. Fue dirigente del v\u00f3ley de Hind\u00fa Club y la Federaci\u00f3n Chaque\u00f1a. Acompa\u00f1\u00f3 todas las iniciativas deportivas con gran pasi\u00f3n.<\/p>\n<p>&nbsp;<\/p>\n<p>&nbsp;<\/p>\n<p><img loading=\"lazy\" decoding=\"async\" class=\"alignnone size-medium wp-image-5339\" src=\"https:\/\/www.sportchaco.com.ar\/wp-content\/uploads\/2024\/02\/Papi-Insaurralde-300x168.jpg\" sizes=\"auto, (max-width: 300px) 100vw, 300px\" srcset=\"https:\/\/www.sportchaco.com.ar\/wp-content\/uploads\/2024\/02\/Papi-Insaurralde-300x168.jpg 300w, https:\/\/www.sportchaco.com.ar\/wp-content\/uploads\/2024\/02\/Papi-Insaurralde-390x220.jpg 390w, https:\/\/www.sportchaco.com.ar\/wp-content\/uploads\/2024\/02\/Papi-Insaurralde.jpg 599w\" alt=\"\" width=\"300\" height=\"168\" \/><\/p>\n<p>&nbsp;<\/p>\n<p><strong>\u00a0<\/strong><\/p>\n<h4><\/h4>\n<h4><strong>Foto portada de H\u00e9ctor \u00abPapi\u00bb Insaurralde<img loading=\"lazy\" decoding=\"async\" class=\"alignnone size-medium wp-image-32086\" src=\"https:\/\/www.sportchaco.com.ar\/wp-content\/uploads\/2026\/02\/Papi-Insaurralde-300x168.jpg\" alt=\"\" width=\"300\" height=\"168\" \/><\/strong><\/h4>\n<p><img loading=\"lazy\" decoding=\"async\" class=\"alignnone size-medium wp-image-32116\" src=\"https:\/\/www.sportchaco.com.ar\/wp-content\/uploads\/2026\/02\/Ahorros-de-Verano-BANNERS-WEB_320x50-300x47.gif\" alt=\"\" width=\"300\" height=\"47\" \/><img loading=\"lazy\" decoding=\"async\" class=\"alignnone size-medium wp-image-32100\" src=\"https:\/\/www.sportchaco.com.ar\/wp-content\/uploads\/2026\/02\/1080x1350-240x300.gif\" alt=\"\" width=\"240\" height=\"300\" srcset=\"https:\/\/www.sportchaco.com.ar\/wp-content\/uploads\/2026\/02\/1080x1350-240x300.gif 240w, https:\/\/www.sportchaco.com.ar\/wp-content\/uploads\/2026\/02\/1080x1350-819x1024.gif 819w, https:\/\/www.sportchaco.com.ar\/wp-content\/uploads\/2026\/02\/1080x1350-768x960.gif 768w\" sizes=\"auto, (max-width: 240px) 100vw, 240px\" \/><\/p>\n<\/div>\n<\/article>\n<\/div>\n<\/div>\n<\/div>\n<div class=\"post-bottom-meta post-bottom-edit\">\n<div class=\"post-bottom-meta-title\"><\/div>\n<\/div>\n<\/div>\n<\/article>\n<\/div>\n<\/div>\n<\/div>\n","protected":false},"excerpt":{"rendered":"<p>Efem\u00e9rides del 2 de febrero Esta es la Efem\u00e9rides del Deporte en el Chaco de un 2 de febrero del periodista Luis Dar\u00edo Molodezky. &nbsp; &nbsp; 1941\/\u00a0Nace Ernesto Ra\u00fal Acosta, locutor y periodista Ernesto Ra\u00fal \u00abToto\u00bb Acosta. Desarroll\u00f3 durante d\u00e9cadas una destacada carrera en el \u00e1mbito period\u00edstico del Chaco y la regi\u00f3n. Fue director de &hellip;<\/p>\n","protected":false},"author":2,"featured_media":32086,"comment_status":"open","ping_status":"open","sticky":false,"template":"","format":"standard","meta":{"footnotes":""},"categories":[45,32],"tags":[],"class_list":["post-32083","post","type-post","status-publish","format-standard","has-post-thumbnail","hentry","category-efemerides-dia-por-dia","category-febrero"],"_links":{"self":[{"href":"https:\/\/www.sportchaco.com.ar\/index.php?rest_route=\/wp\/v2\/posts\/32083","targetHints":{"allow":["GET"]}}],"collection":[{"href":"https:\/\/www.sportchaco.com.ar\/index.php?rest_route=\/wp\/v2\/posts"}],"about":[{"href":"https:\/\/www.sportchaco.com.ar\/index.php?rest_route=\/wp\/v2\/types\/post"}],"author":[{"embeddable":true,"href":"https:\/\/www.sportchaco.com.ar\/index.php?rest_route=\/wp\/v2\/users\/2"}],"replies":[{"embeddable":true,"href":"https:\/\/www.sportchaco.com.ar\/index.php?rest_route=%2Fwp%2Fv2%2Fcomments&post=32083"}],"version-history":[{"count":4,"href":"https:\/\/www.sportchaco.com.ar\/index.php?rest_route=\/wp\/v2\/posts\/32083\/revisions"}],"predecessor-version":[{"id":32129,"href":"https:\/\/www.sportchaco.com.ar\/index.php?rest_route=\/wp\/v2\/posts\/32083\/revisions\/32129"}],"wp:featuredmedia":[{"embeddable":true,"href":"https:\/\/www.sportchaco.com.ar\/index.php?rest_route=\/wp\/v2\/media\/32086"}],"wp:attachment":[{"href":"https:\/\/www.sportchaco.com.ar\/index.php?rest_route=%2Fwp%2Fv2%2Fmedia&parent=32083"}],"wp:term":[{"taxonomy":"category","embeddable":true,"href":"https:\/\/www.sportchaco.com.ar\/index.php?rest_route=%2Fwp%2Fv2%2Fcategories&post=32083"},{"taxonomy":"post_tag","embeddable":true,"href":"https:\/\/www.sportchaco.com.ar\/index.php?rest_route=%2Fwp%2Fv2%2Ftags&post=32083"}],"curies":[{"name":"wp","href":"https:\/\/api.w.org\/{rel}","templated":true}]}}