{"id":32131,"date":"2026-02-03T00:08:52","date_gmt":"2026-02-03T03:08:52","guid":{"rendered":"https:\/\/www.sportchaco.com.ar\/?p=32131"},"modified":"2026-02-03T00:34:58","modified_gmt":"2026-02-03T03:34:58","slug":"efemerides-del-3-de-febrero-3","status":"publish","type":"post","link":"https:\/\/www.sportchaco.com.ar\/?p=32131","title":{"rendered":"Efem\u00e9rides del 3 de febrero"},"content":{"rendered":"<div class=\"container fullwidth-entry-title-wrapper\">\n<div class=\"container-wrapper fullwidth-entry-title\">\n<header class=\"entry-header-outer\">\n<div class=\"entry-header\">\n<h1 class=\"post-title entry-title\">Efem\u00e9rides del 3 de febrero<\/h1>\n<div class=\"single-post-meta post-meta clearfix\"><\/div>\n<\/div>\n<\/header>\n<\/div>\n<\/div>\n<div id=\"content\" class=\"site-content container\">\n<div id=\"main-content-row\" class=\"tie-row main-content-row\">\n<div class=\"main-content tie-col-md-8 tie-col-xs-12\" role=\"main\">\n<article id=\"the-post\" class=\"container-wrapper post-content tie-standard\">\n<div class=\"featured-area\">\n<div class=\"featured-area-inner\">\n<figure class=\"single-featured-image\"><img loading=\"lazy\" decoding=\"async\" class=\"attachment-jannah-image-post size-jannah-image-post wp-post-image\" src=\"https:\/\/www.sportchaco.com.ar\/wp-content\/uploads\/2025\/02\/Raul-Ricardo-Valdez-joven-1.png\" sizes=\"auto, (max-width: 404px) 100vw, 404px\" srcset=\"https:\/\/www.sportchaco.com.ar\/wp-content\/uploads\/2025\/02\/Raul-Ricardo-Valdez-joven-1.png 404w, https:\/\/www.sportchaco.com.ar\/wp-content\/uploads\/2025\/02\/Raul-Ricardo-Valdez-joven-1-277x300.png 277w\" alt=\"\" width=\"404\" height=\"438\" data-main-img=\"1\" \/><\/figure>\n<\/div>\n<\/div>\n<div class=\"entry-content entry clearfix\">\n<div class=\"container fullwidth-entry-title-wrapper\">\n<div class=\"container-wrapper fullwidth-entry-title\">\n<header class=\"entry-header-outer\">\n<div class=\"entry-header\">\n<div class=\"single-post-meta post-meta clearfix\">\n<div class=\"tie-alignright\"><\/div>\n<\/div>\n<\/div>\n<\/header>\n<\/div>\n<\/div>\n<div id=\"content\" class=\"site-content container\">\n<div id=\"main-content-row\" class=\"tie-row main-content-row\">\n<div class=\"main-content tie-col-md-8 tie-col-xs-12\" role=\"main\">\n<article id=\"the-post\" class=\"container-wrapper post-content tie-standard\">\n<div class=\"featured-area\">\n<div class=\"featured-area-inner\"><\/div>\n<\/div>\n<div class=\"entry-content entry clearfix\">\n<p>&nbsp;<\/p>\n<h5><strong>Esta es la Efem\u00e9rides del Deporte en el Chaco de un 3 de febrero del periodista Luis Dar\u00edo Molodezky.<\/strong><\/h5>\n<p>&nbsp;<\/p>\n<p><img loading=\"lazy\" decoding=\"async\" class=\"alignnone size-medium wp-image-32132 aligncenter\" src=\"https:\/\/www.sportchaco.com.ar\/wp-content\/uploads\/2026\/02\/Luis-Dario-11-08-2025-7-300x208.jpeg\" alt=\"\" width=\"300\" height=\"208\" srcset=\"https:\/\/www.sportchaco.com.ar\/wp-content\/uploads\/2026\/02\/Luis-Dario-11-08-2025-7-300x208.jpeg 300w, https:\/\/www.sportchaco.com.ar\/wp-content\/uploads\/2026\/02\/Luis-Dario-11-08-2025-7-1024x710.jpeg 1024w, https:\/\/www.sportchaco.com.ar\/wp-content\/uploads\/2026\/02\/Luis-Dario-11-08-2025-7-768x532.jpeg 768w, https:\/\/www.sportchaco.com.ar\/wp-content\/uploads\/2026\/02\/Luis-Dario-11-08-2025-7-1536x1065.jpeg 1536w, https:\/\/www.sportchaco.com.ar\/wp-content\/uploads\/2026\/02\/Luis-Dario-11-08-2025-7.jpeg 1600w\" sizes=\"auto, (max-width: 300px) 100vw, 300px\" \/><\/p>\n<p><strong>1919<\/strong>\u00a0\/ Nace en Capital Federal Carlos Primo L\u00f3pez Piacentini. En 1925 lleg\u00f3 al Chaco y se radic\u00f3 con sus padres en Resistencia, donde hizo la escuela primaria y el ciclo b\u00e1sico. Fue investigador autodidacta, periodista e historiador. Vivi\u00f3 en Resistencia desde los cinco a\u00f1os. Trabaj\u00f3 en el diario\u00a0<em>El Territorio<\/em>, donde fue jefe de Redacci\u00f3n, subdirector y director. Tiempo despu\u00e9s volvi\u00f3 al periodismo desempe\u00f1\u00e1ndose en el\u00a0<em>Diario Norte\u00a0<\/em>como cronista. Piacentini fue presidente de la Comisi\u00f3n de Museos del Chaco en 1958. Dirigi\u00f3 el\u00a0Bolet\u00edn Oficial de la Provincia hasta 1976, fecha en que fue designado director del\u00a0Archivo Hist\u00f3rico\u00a0Provincial. Public\u00f3 m\u00e1s de cien libros y folletos dedicados a la historia y la cultura del Chaco.\u00a0 Fue creador del\u00a0Escudo del Chaco.\u00a0 Todas estas actividades no le impidieron practicar deportes y el b\u00e1squetbol en especial, jugando en la primera de Villa San Mart\u00edn en l d\u00e9cada del \u201940. Falleci\u00f3 en Resistencia el 20 de abril de 1988, a los 68 a\u00f1os. Una escuela privada de Resistencia y una importante avenida llevan el nombre \u201cCarlos Primo L\u00f3pez Piacentini\u201d.<\/p>\n<p>&nbsp;<\/p>\n<p><img loading=\"lazy\" decoding=\"async\" class=\"size-full wp-image-5357 aligncenter\" src=\"https:\/\/www.sportchaco.com.ar\/wp-content\/uploads\/2024\/02\/Lopez-Piacentini.jpg\" alt=\"\" width=\"200\" height=\"279\" \/><\/p>\n<p>1937 \/ El Club Sportivo Libertad procedi\u00f3 al cerrado de su cancha de b\u00e1squetbol luego de lograr el campeonato de segunda. Lo hizo con chapas de zinc, sobre el sector que da a la avenida Avalos. As\u00ed se constituy\u00f3 en uno de los escenarios m\u00e1s importantes de Resistencia. La inauguraci\u00f3n se realiz\u00f3 con un baile organizado en la popular instituci\u00f3n de Villa Cort\u00e9s.<\/p>\n<p>&nbsp;<\/p>\n<p>1939 \/ El estadio de Sarmiento fue sede de la presentaci\u00f3n del campe\u00f3n argentino y sudamericano de todos los pesos, Alberto Lovell. Enfrent\u00f3 al campe\u00f3n chaque\u00f1o Fernando Centuri\u00f3n, quien abandon\u00f3 en el segundo asalto luego de recibir un duro castigo.<\/p>\n<p>&nbsp;<\/p>\n<p>1963 \/ Nace Ra\u00fal Ricardo Valdez, pero muy joven se sum\u00f3 a Sarmiento. Fue refuerzo de For Ever desde el Regional 1983, jugando tambi\u00e9n el del 85. Integr\u00f3 el plantel del negro que ascendi\u00f3 a Primera A cuando fue campe\u00f3n del Nacional B. En la m\u00e1xima divisi\u00f3n jug\u00f3 27 partidos, siendo titular en la final frente a Lan\u00fas, donde For Ever logr\u00f3 el ascenso. Actualmente se desempe\u00f1a como t\u00e9cnico, profesi\u00f3n en la que se inici\u00f3 en Cune. Adem\u00e1s, es profesor de la Escuela de Entrenadores. Fu director de Deportes de la Provincia del Chaco durante 8 a\u00f1os.<\/p>\n<p>&nbsp;<\/p>\n<p><strong>1971<\/strong>\u00a0\/ La CABB suspende los torneos argentinos de clubes por algunos incidentes suscitados en los \u00faltimos a\u00f1os. Previamente en 1951 Villa San Mart\u00edn hab\u00eda sido campe\u00f3n en San Juan e Hind\u00fa Club en 1961 en Resistencia.<\/p>\n<p>&nbsp;<\/p>\n<p><strong>1975 \/<\/strong>\u00a0Nace el Club Uni\u00f3n de San Bernardo, con sede en 25 de Mayo 148, de la capital del departamento O\u2019Higgins.<\/p>\n<p>&nbsp;<\/p>\n<p>2008 \/ Sportivo Unidas de Las Garcitas, ya eliminado del Argentino C, visita a Juventud de Tirol por la \u00faltima fecha de la Zona 29. Solo para no recibir sanciones del Consejo Federal, se presenta a jugar pero solo con 7 jugadores: Cuando perd\u00eda 2-0 a los 8\u2019, se retir\u00f3 lesionado Jos\u00e9 Amarilla y el partido se suspendi\u00f3 por inferioridad num\u00e9rica.<\/p>\n<p>&nbsp;<\/p>\n<h6>Foto de portada de Ra\u00fal Ricardo Valdez en su \u00e9poca de jugador<\/h6>\n<\/div>\n<p style=\"text-align: center;\"><img loading=\"lazy\" decoding=\"async\" class=\"alignnone size-medium wp-image-32111\" src=\"https:\/\/www.sportchaco.com.ar\/wp-content\/uploads\/2026\/02\/Ahorros-de-Verano-BANNERS-WEB_120x200-copia-3-180x300.gif\" alt=\"\" width=\"180\" height=\"300\" \/> <img loading=\"lazy\" decoding=\"async\" class=\"alignnone size-medium wp-image-32100\" src=\"https:\/\/www.sportchaco.com.ar\/wp-content\/uploads\/2026\/02\/1080x1350-240x300.gif\" alt=\"\" width=\"240\" height=\"300\" srcset=\"https:\/\/www.sportchaco.com.ar\/wp-content\/uploads\/2026\/02\/1080x1350-240x300.gif 240w, https:\/\/www.sportchaco.com.ar\/wp-content\/uploads\/2026\/02\/1080x1350-819x1024.gif 819w, https:\/\/www.sportchaco.com.ar\/wp-content\/uploads\/2026\/02\/1080x1350-768x960.gif 768w\" sizes=\"auto, (max-width: 240px) 100vw, 240px\" \/><\/p>\n<\/article>\n<\/div>\n<\/div>\n<\/div>\n<\/div>\n<\/article>\n<\/div>\n<\/div>\n<\/div>\n","protected":false},"excerpt":{"rendered":"<p>Efem\u00e9rides del 3 de febrero &nbsp; Esta es la Efem\u00e9rides del Deporte en el Chaco de un 3 de febrero del periodista Luis Dar\u00edo Molodezky. &nbsp; 1919\u00a0\/ Nace en Capital Federal Carlos Primo L\u00f3pez Piacentini. En 1925 lleg\u00f3 al Chaco y se radic\u00f3 con sus padres en Resistencia, donde hizo la escuela primaria y el &hellip;<\/p>\n","protected":false},"author":2,"featured_media":32133,"comment_status":"open","ping_status":"open","sticky":false,"template":"","format":"standard","meta":{"footnotes":""},"categories":[45,32],"tags":[],"class_list":["post-32131","post","type-post","status-publish","format-standard","has-post-thumbnail","hentry","category-efemerides-dia-por-dia","category-febrero"],"_links":{"self":[{"href":"https:\/\/www.sportchaco.com.ar\/index.php?rest_route=\/wp\/v2\/posts\/32131","targetHints":{"allow":["GET"]}}],"collection":[{"href":"https:\/\/www.sportchaco.com.ar\/index.php?rest_route=\/wp\/v2\/posts"}],"about":[{"href":"https:\/\/www.sportchaco.com.ar\/index.php?rest_route=\/wp\/v2\/types\/post"}],"author":[{"embeddable":true,"href":"https:\/\/www.sportchaco.com.ar\/index.php?rest_route=\/wp\/v2\/users\/2"}],"replies":[{"embeddable":true,"href":"https:\/\/www.sportchaco.com.ar\/index.php?rest_route=%2Fwp%2Fv2%2Fcomments&post=32131"}],"version-history":[{"count":2,"href":"https:\/\/www.sportchaco.com.ar\/index.php?rest_route=\/wp\/v2\/posts\/32131\/revisions"}],"predecessor-version":[{"id":32159,"href":"https:\/\/www.sportchaco.com.ar\/index.php?rest_route=\/wp\/v2\/posts\/32131\/revisions\/32159"}],"wp:featuredmedia":[{"embeddable":true,"href":"https:\/\/www.sportchaco.com.ar\/index.php?rest_route=\/wp\/v2\/media\/32133"}],"wp:attachment":[{"href":"https:\/\/www.sportchaco.com.ar\/index.php?rest_route=%2Fwp%2Fv2%2Fmedia&parent=32131"}],"wp:term":[{"taxonomy":"category","embeddable":true,"href":"https:\/\/www.sportchaco.com.ar\/index.php?rest_route=%2Fwp%2Fv2%2Fcategories&post=32131"},{"taxonomy":"post_tag","embeddable":true,"href":"https:\/\/www.sportchaco.com.ar\/index.php?rest_route=%2Fwp%2Fv2%2Ftags&post=32131"}],"curies":[{"name":"wp","href":"https:\/\/api.w.org\/{rel}","templated":true}]}}