{"id":32138,"date":"2026-02-02T10:51:16","date_gmt":"2026-02-02T13:51:16","guid":{"rendered":"https:\/\/www.sportchaco.com.ar\/?p=32138"},"modified":"2026-02-02T10:51:16","modified_gmt":"2026-02-02T13:51:16","slug":"villa-libertad-pone-en-marcha-su-temporada-2026-con-todas-las-categorias-y-fuerte-presencia-competitiva","status":"publish","type":"post","link":"https:\/\/www.sportchaco.com.ar\/?p=32138","title":{"rendered":"Villa Libertad pone en marcha su temporada 2026 con todas las categor\u00edas y fuerte presencia competitiva"},"content":{"rendered":"<h1 class=\"story-title entry-title\"><\/h1>\n<div id=\"right-content\" class=\"relative\">\n<div id=\"content-area\" class=\"left relative\">\n<div id=\"feat-img-reg\" class=\"relative\"><\/div>\n<div id=\"left-content-mobi\">\n<div class=\"author-info-mob-wrap\"><span class=\"vcard author\"><br \/>\n<\/span><\/p>\n<div class=\"post-date-wrap left relative post-date-mob\"><span class=\"post-date\"><time class=\"post-date updated\" datetime=\"2026-02-02\">02-02-2026<\/time><\/span><\/div>\n<\/div>\n<\/div>\n<div id=\"tps_slideContainer_29872\" class=\"theiaPostSlider_slides\">\n<p><strong>Las actividades comenzar\u00e1n el 2 de febrero, con entrenamientos organizados por edades y niveles, permitiendo un seguimiento personalizado de cada jugador. Los horarios fueron planificados para garantizar un desarrollo progresivo y acorde a cada etapa formativa.<\/strong><\/p>\n<p>&nbsp;<\/p>\n<p>El Club Villa Libertad dio a conocer oficialmente el inicio de su temporada deportiva 2026, que comenzar\u00e1 el 2 de febrero, con actividades para todas las categor\u00edas, desde escuelita (4 y 5 a\u00f1os) hasta U17, reafirmando su compromiso con la formaci\u00f3n deportiva, social y humana de ni\u00f1os y adolescentes.<\/p>\n<p>La instituci\u00f3n contin\u00faa consolid\u00e1ndose como un club abierto a toda la familia, con un proyecto integral que combina ense\u00f1anza, valores y competencia, respaldado por un cuerpo t\u00e9cnico de primer nivel, considerado entre los mejores del nordeste argentino.<\/p>\n<p>En ese sentido, el entrenador y referente del club, Jos\u00e9 Valant, destac\u00f3 la importancia del trabajo sostenido que viene realizando la instituci\u00f3n: \u201cArrancamos una nueva temporada con much\u00edsimas ganas y energ\u00eda. Villa Libertad es un club pensado para todos los chicos, donde priorizamos la formaci\u00f3n desde las edades m\u00e1s tempranas, no solo en lo deportivo sino tambi\u00e9n en lo humano\u201d, expres\u00f3.<\/p>\n<p>Las actividades comenzar\u00e1n el 2 de febrero, con entrenamientos organizados por edades y niveles, permitiendo un seguimiento personalizado de cada jugador. Los horarios fueron planificados para garantizar un desarrollo progresivo y acorde a cada etapa formativa.<\/p>\n<p>Valant remarc\u00f3 el valor del orden y la planificaci\u00f3n dentro del club: \u201cTenemos horarios amplios porque trabajamos con muchas categor\u00edas. Eso habla del crecimiento del club y del inter\u00e9s de las familias. Todo est\u00e1 organizado para que los chicos entrenen c\u00f3modos y en un ambiente sano\u201d.<\/p>\n<figure class=\"wp-block-image size-large\"><a href=\"https:\/\/baskettotal.com.ar\/wp-content\/uploads\/2026\/02\/3.jpg\"><img loading=\"lazy\" decoding=\"async\" class=\"lazy wp-image-29873 lazy-loaded\" src=\"https:\/\/baskettotal.com.ar\/wp-content\/uploads\/2026\/02\/3-1024x523.jpg\" sizes=\"auto, (max-width: 1040px) 100vw, 1040px\" srcset=\"https:\/\/baskettotal.com.ar\/wp-content\/uploads\/2026\/02\/3-1024x523.jpg 1024w, https:\/\/baskettotal.com.ar\/wp-content\/uploads\/2026\/02\/3-300x153.jpg 300w, https:\/\/baskettotal.com.ar\/wp-content\/uploads\/2026\/02\/3-768x392.jpg 768w, https:\/\/baskettotal.com.ar\/wp-content\/uploads\/2026\/02\/3.jpg 1040w\" alt=\"\" width=\"1040\" height=\"531\" data-lazy-type=\"image\" data-lazy-src=\"https:\/\/baskettotal.com.ar\/wp-content\/uploads\/2026\/02\/3-1024x523.jpg\" data-lazy-srcset=\"https:\/\/baskettotal.com.ar\/wp-content\/uploads\/2026\/02\/3-1024x523.jpg 1024w, https:\/\/baskettotal.com.ar\/wp-content\/uploads\/2026\/02\/3-300x153.jpg 300w, https:\/\/baskettotal.com.ar\/wp-content\/uploads\/2026\/02\/3-768x392.jpg 768w, https:\/\/baskettotal.com.ar\/wp-content\/uploads\/2026\/02\/3.jpg 1040w\" data-lazy-sizes=\"(max-width: 1040px) 100vw, 1040px\" \/><\/a><\/figure>\n<p>&nbsp;<\/p>\n<p>Durante la temporada 2026, el Club Villa Libertad tendr\u00e1 una destacada participaci\u00f3n en competencias oficiales. Las categor\u00edas U11 y U13 formar\u00e1n parte de los torneos de la ABR, mientras que el club tambi\u00e9n dir\u00e1 presente en el torneo departamental, fortaleciendo su presencia en el \u00e1mbito competitivo regional.<\/p>\n<p>\u201cCompetir es fundamental para el crecimiento de los chicos. Nos gusta que tengan experiencias, que aprendan a jugar en equipo, a ganar y a perder. Siempre desde el respeto y el esfuerzo\u201d, se\u00f1al\u00f3 Valant.<\/p>\n<p>Villa Libertad contin\u00faa apostando a un modelo de club social y deportivo, donde las familias cumplen un rol central. El acompa\u00f1amiento de padres y madres, sumado al trabajo de los entrenadores, genera un entorno de contenci\u00f3n y pertenencia. \u201cQueremos que las familias se sientan parte del club. Villa Libertad es un lugar de encuentro, de valores y de crecimiento. Ese es nuestro mayor orgullo\u201d, concluy\u00f3 el entrenador.<\/p>\n<p>Con una estructura s\u00f3lida, un proyecto claro y una fuerte identidad, el Club Villa Libertad inicia una nueva temporada reafirmando su objetivo principal: formar personas a trav\u00e9s del deporte, con pasi\u00f3n, compromiso y toda la energ\u00eda puesta en el futuro.<\/p>\n<p><img decoding=\"async\" class=\" lazyloaded\" src=\"https:\/\/baskettotal.com.ar\/wp-content\/uploads\/2026\/02\/1-1000x600.jpg\" data-src=\"https:\/\/baskettotal.com.ar\/wp-content\/uploads\/2026\/02\/1-1000x600.jpg\" \/><br \/>\n&nbsp;<\/p>\n<p><strong>D\u00cdAS Y HORARIOS<br \/>\n<\/strong>Escuelita (4 y 5 a\u00f1os)<br \/>\nMartes: 16 a 17 hs<br \/>\nJueves: 16 a 17 hs<\/p>\n<p>Mosquitos (6 y 7 a\u00f1os)<br \/>\nMartes: 17 a 18 hs<br \/>\nJueves: 17 a 18 hs<\/p>\n<p>Pre Mini (8 y 9 a\u00f1os)<br \/>\nLunes: 17 a 18 hs<br \/>\nMartes: 18 a 19 hs<br \/>\nJueves: 18 a 19 hs<\/p>\n<p>Mini (10 y 11 a\u00f1os)<br \/>\nMartes: 19 a 20 hs<br \/>\nMi\u00e9rcoles: 17 a 18 hs<br \/>\nJueves: 19 a 20 hs<\/p>\n<p>U13 (12 y 13 a\u00f1os)<br \/>\nMartes: 20 a 21 hs<br \/>\nJueves: 20 a 21 hs<br \/>\nViernes: 19 a 20 hs<\/p>\n<p>U15 y U17 (14 a 17 a\u00f1os)<br \/>\nLunes: 19 a 20 hs<br \/>\nMi\u00e9rcoles: 19 a 20 hs<br \/>\nViernes: 17 a 18 hs<\/p>\n<p><strong>Por Santiago Waissmann\/ Basket Total<\/strong><\/p>\n<\/div>\n<p style=\"text-align: center;\"><img loading=\"lazy\" decoding=\"async\" class=\"alignnone size-full wp-image-32093\" src=\"https:\/\/www.sportchaco.com.ar\/wp-content\/uploads\/2026\/02\/250x250.gif\" alt=\"\" width=\"251\" height=\"251\" \/> <img loading=\"lazy\" decoding=\"async\" class=\"alignnone size-medium wp-image-32111\" src=\"https:\/\/www.sportchaco.com.ar\/wp-content\/uploads\/2026\/02\/Ahorros-de-Verano-BANNERS-WEB_120x200-copia-3-180x300.gif\" alt=\"\" width=\"180\" height=\"300\" \/><\/p>\n<\/div>\n<\/div>\n","protected":false},"excerpt":{"rendered":"<p>02-02-2026 Las actividades comenzar\u00e1n el 2 de febrero, con entrenamientos organizados por edades y niveles, permitiendo un seguimiento personalizado de cada jugador. Los horarios fueron planificados para garantizar un desarrollo progresivo y acorde a cada etapa formativa. &nbsp; El Club Villa Libertad dio a conocer oficialmente el inicio de su temporada deportiva 2026, que comenzar\u00e1 &hellip;<\/p>\n","protected":false},"author":2,"featured_media":32139,"comment_status":"open","ping_status":"open","sticky":false,"template":"","format":"standard","meta":{"footnotes":""},"categories":[3],"tags":[],"class_list":["post-32138","post","type-post","status-publish","format-standard","has-post-thumbnail","hentry","category-basquetbol"],"_links":{"self":[{"href":"https:\/\/www.sportchaco.com.ar\/index.php?rest_route=\/wp\/v2\/posts\/32138","targetHints":{"allow":["GET"]}}],"collection":[{"href":"https:\/\/www.sportchaco.com.ar\/index.php?rest_route=\/wp\/v2\/posts"}],"about":[{"href":"https:\/\/www.sportchaco.com.ar\/index.php?rest_route=\/wp\/v2\/types\/post"}],"author":[{"embeddable":true,"href":"https:\/\/www.sportchaco.com.ar\/index.php?rest_route=\/wp\/v2\/users\/2"}],"replies":[{"embeddable":true,"href":"https:\/\/www.sportchaco.com.ar\/index.php?rest_route=%2Fwp%2Fv2%2Fcomments&post=32138"}],"version-history":[{"count":1,"href":"https:\/\/www.sportchaco.com.ar\/index.php?rest_route=\/wp\/v2\/posts\/32138\/revisions"}],"predecessor-version":[{"id":32140,"href":"https:\/\/www.sportchaco.com.ar\/index.php?rest_route=\/wp\/v2\/posts\/32138\/revisions\/32140"}],"wp:featuredmedia":[{"embeddable":true,"href":"https:\/\/www.sportchaco.com.ar\/index.php?rest_route=\/wp\/v2\/media\/32139"}],"wp:attachment":[{"href":"https:\/\/www.sportchaco.com.ar\/index.php?rest_route=%2Fwp%2Fv2%2Fmedia&parent=32138"}],"wp:term":[{"taxonomy":"category","embeddable":true,"href":"https:\/\/www.sportchaco.com.ar\/index.php?rest_route=%2Fwp%2Fv2%2Fcategories&post=32138"},{"taxonomy":"post_tag","embeddable":true,"href":"https:\/\/www.sportchaco.com.ar\/index.php?rest_route=%2Fwp%2Fv2%2Ftags&post=32138"}],"curies":[{"name":"wp","href":"https:\/\/api.w.org\/{rel}","templated":true}]}}