{"id":32211,"date":"2026-02-03T23:14:36","date_gmt":"2026-02-04T02:14:36","guid":{"rendered":"https:\/\/www.sportchaco.com.ar\/?p=32211"},"modified":"2026-02-04T12:03:02","modified_gmt":"2026-02-04T15:03:02","slug":"municipales-renovo-estaturo-con-innovaciones","status":"publish","type":"post","link":"https:\/\/www.sportchaco.com.ar\/?p=32211","title":{"rendered":"Municipales renov\u00f3 estatuto con innovaciones"},"content":{"rendered":"<h1 class=\"story-title entry-title\"><strong style=\"font-size: 16px;\">03-02-2026<\/strong><\/h1>\n<div id=\"right-content\" class=\"relative\">\n<div id=\"content-area\" class=\"left relative\">\n<div id=\"left-content-mobi\">\n<div><\/div>\n<\/div>\n<div id=\"tps_slideContainer_29883\" class=\"theiaPostSlider_slides\">\n<p>Se llev\u00f3 a cabo la Asamblea Extraordinaria del Club Atl\u00e9tico Municipales Social y Deportivo, en su sede ubicada en Jos\u00e9 Hern\u00e1ndez 212, convocada para tratar el siguiente orden del d\u00eda: Designaci\u00f3n de dos socios para la firma del acta de la asamblea, junto al presidente y secretario; Reforma integradora del Estatuto; Sanci\u00f3n a socios; y Expulsi\u00f3n de socios.<\/p>\n<p>La asamblea se desarroll\u00f3 con total normalidad, contando con la presencia de veedores de Personer\u00eda Jur\u00eddica, integrantes de la Comisi\u00f3n Directiva, una numerosa concurrencia de socios y, de manera muy especial, el acompa\u00f1amiento de los socios vitalicios, verdaderos hacedores de la historia y crecimiento del club.<\/p>\n<p>Al tratarse el punto 2, la reforma integradora del Estatuto fue aprobada por unanimidad, al igual que los puntos 3 y 4, los cuales fueron debidamente tratados, debatidos y aprobados por los socios presentes.<\/p>\n<figure class=\"wp-block-image size-full\"><a href=\"https:\/\/baskettotal.com.ar\/wp-content\/uploads\/2026\/02\/Municipales-3.jpg\"><img loading=\"lazy\" decoding=\"async\" class=\"lazy wp-image-29884 lazy-loaded\" src=\"https:\/\/baskettotal.com.ar\/wp-content\/uploads\/2026\/02\/Municipales-3.jpg\" sizes=\"auto, (max-width: 756px) 100vw, 756px\" srcset=\"https:\/\/baskettotal.com.ar\/wp-content\/uploads\/2026\/02\/Municipales-3.jpg 756w, https:\/\/baskettotal.com.ar\/wp-content\/uploads\/2026\/02\/Municipales-3-300x222.jpg 300w\" alt=\"\" width=\"756\" height=\"560\" data-lazy-type=\"image\" data-lazy-src=\"https:\/\/baskettotal.com.ar\/wp-content\/uploads\/2026\/02\/Municipales-3.jpg\" data-lazy-srcset=\"https:\/\/baskettotal.com.ar\/wp-content\/uploads\/2026\/02\/Municipales-3.jpg 756w, https:\/\/baskettotal.com.ar\/wp-content\/uploads\/2026\/02\/Municipales-3-300x222.jpg 300w\" data-lazy-sizes=\"(max-width: 756px) 100vw, 756px\" \/><\/a><\/figure>\n<p><img loading=\"lazy\" decoding=\"async\" class=\"alignnone wp-image-32171\" src=\"https:\/\/www.sportchaco.com.ar\/wp-content\/uploads\/2026\/02\/MERCADO-LIBRE_200x200-05-300x300.gif\" alt=\"\" width=\"235\" height=\"235\" srcset=\"https:\/\/www.sportchaco.com.ar\/wp-content\/uploads\/2026\/02\/MERCADO-LIBRE_200x200-05-300x300.gif 300w, https:\/\/www.sportchaco.com.ar\/wp-content\/uploads\/2026\/02\/MERCADO-LIBRE_200x200-05-150x150.gif 150w\" sizes=\"auto, (max-width: 235px) 100vw, 235px\" \/> <img loading=\"lazy\" decoding=\"async\" class=\"alignnone size-medium wp-image-32170\" src=\"https:\/\/www.sportchaco.com.ar\/wp-content\/uploads\/2026\/02\/BANNER-WEB-MOSQUITOS-SALUD_1080x1350-37-240x300.gif\" alt=\"\" width=\"240\" height=\"300\" srcset=\"https:\/\/www.sportchaco.com.ar\/wp-content\/uploads\/2026\/02\/BANNER-WEB-MOSQUITOS-SALUD_1080x1350-37-240x300.gif 240w, https:\/\/www.sportchaco.com.ar\/wp-content\/uploads\/2026\/02\/BANNER-WEB-MOSQUITOS-SALUD_1080x1350-37-768x960.gif 768w\" sizes=\"auto, (max-width: 240px) 100vw, 240px\" \/><\/p>\n<p>Uno de los momentos m\u00e1s destacados de la jornada fue la incorporaci\u00f3n y aprobaci\u00f3n por unanimidad del proyecto de \u201cFicha Limpia\u201d, una iniciativa fundamental que refuerza la transparencia institucional, brinda tranquilidad a los socios y sienta bases s\u00f3lidas para las futuras gestiones del club.<\/p>\n<p>Desde la Comisi\u00f3n Directiva se remarc\u00f3 especialmente \u201cel fuerte respaldo recibido, en particular el de los socios vitalicios, quienes acompa\u00f1aron este proyecto y transmitieron su confianza, destacando que la actual conducci\u00f3n cuida y fortalece la instituci\u00f3n tal como ellos lo solicitaron, honrando la historia y los valores del Club Atl\u00e9tico Municipales\u201d.<\/p>\n<p>La asamblea culmin\u00f3 con un prolongado aplauso y una clara muestra de apoyo a la Comisi\u00f3n Directiva, ratificando el rumbo institucional elegido por la mayor\u00eda de los socios. Estuvieron presentes la presidenta Alejandra Acu\u00f1a, el secretario Franco Acevedo, el tesorero John Dumont y el vocal y coordinador deportivo Gast\u00f3n Arguello.<\/p>\n<figure class=\"wp-block-image size-full\"><a href=\"https:\/\/baskettotal.com.ar\/wp-content\/uploads\/2026\/02\/Municipales-2.jpg\"><img loading=\"lazy\" decoding=\"async\" class=\"lazy wp-image-29886 lazy-loaded\" src=\"https:\/\/baskettotal.com.ar\/wp-content\/uploads\/2026\/02\/Municipales-2.jpg\" sizes=\"auto, (max-width: 1012px) 100vw, 1012px\" srcset=\"https:\/\/baskettotal.com.ar\/wp-content\/uploads\/2026\/02\/Municipales-2.jpg 1012w, https:\/\/baskettotal.com.ar\/wp-content\/uploads\/2026\/02\/Municipales-2-300x168.jpg 300w, https:\/\/baskettotal.com.ar\/wp-content\/uploads\/2026\/02\/Municipales-2-768x430.jpg 768w\" alt=\"\" width=\"1012\" height=\"567\" data-lazy-type=\"image\" data-lazy-src=\"https:\/\/baskettotal.com.ar\/wp-content\/uploads\/2026\/02\/Municipales-2.jpg\" data-lazy-srcset=\"https:\/\/baskettotal.com.ar\/wp-content\/uploads\/2026\/02\/Municipales-2.jpg 1012w, https:\/\/baskettotal.com.ar\/wp-content\/uploads\/2026\/02\/Municipales-2-300x168.jpg 300w, https:\/\/baskettotal.com.ar\/wp-content\/uploads\/2026\/02\/Municipales-2-768x430.jpg 768w\" data-lazy-sizes=\"(max-width: 1012px) 100vw, 1012px\" \/><\/a><\/figure>\n<p>(Por Santiago Waissmann\/ Basket Total)<\/p>\n<\/div>\n<\/div>\n<\/div>\n","protected":false},"excerpt":{"rendered":"<p>03-02-2026 Se llev\u00f3 a cabo la Asamblea Extraordinaria del Club Atl\u00e9tico Municipales Social y Deportivo, en su sede ubicada en Jos\u00e9 Hern\u00e1ndez 212, convocada para tratar el siguiente orden del d\u00eda: Designaci\u00f3n de dos socios para la firma del acta de la asamblea, junto al presidente y secretario; Reforma integradora del Estatuto; Sanci\u00f3n a socios; &hellip;<\/p>\n","protected":false},"author":2,"featured_media":32212,"comment_status":"open","ping_status":"open","sticky":false,"template":"","format":"standard","meta":{"footnotes":""},"categories":[44],"tags":[],"class_list":["post-32211","post","type-post","status-publish","format-standard","has-post-thumbnail","hentry","category-varios"],"_links":{"self":[{"href":"https:\/\/www.sportchaco.com.ar\/index.php?rest_route=\/wp\/v2\/posts\/32211","targetHints":{"allow":["GET"]}}],"collection":[{"href":"https:\/\/www.sportchaco.com.ar\/index.php?rest_route=\/wp\/v2\/posts"}],"about":[{"href":"https:\/\/www.sportchaco.com.ar\/index.php?rest_route=\/wp\/v2\/types\/post"}],"author":[{"embeddable":true,"href":"https:\/\/www.sportchaco.com.ar\/index.php?rest_route=\/wp\/v2\/users\/2"}],"replies":[{"embeddable":true,"href":"https:\/\/www.sportchaco.com.ar\/index.php?rest_route=%2Fwp%2Fv2%2Fcomments&post=32211"}],"version-history":[{"count":2,"href":"https:\/\/www.sportchaco.com.ar\/index.php?rest_route=\/wp\/v2\/posts\/32211\/revisions"}],"predecessor-version":[{"id":32228,"href":"https:\/\/www.sportchaco.com.ar\/index.php?rest_route=\/wp\/v2\/posts\/32211\/revisions\/32228"}],"wp:featuredmedia":[{"embeddable":true,"href":"https:\/\/www.sportchaco.com.ar\/index.php?rest_route=\/wp\/v2\/media\/32212"}],"wp:attachment":[{"href":"https:\/\/www.sportchaco.com.ar\/index.php?rest_route=%2Fwp%2Fv2%2Fmedia&parent=32211"}],"wp:term":[{"taxonomy":"category","embeddable":true,"href":"https:\/\/www.sportchaco.com.ar\/index.php?rest_route=%2Fwp%2Fv2%2Fcategories&post=32211"},{"taxonomy":"post_tag","embeddable":true,"href":"https:\/\/www.sportchaco.com.ar\/index.php?rest_route=%2Fwp%2Fv2%2Ftags&post=32211"}],"curies":[{"name":"wp","href":"https:\/\/api.w.org\/{rel}","templated":true}]}}