{"id":3222,"date":"2023-11-27T18:16:54","date_gmt":"2023-11-27T21:16:54","guid":{"rendered":"https:\/\/www.sportchaco.com.ar\/?p=3222"},"modified":"2023-11-27T18:16:54","modified_gmt":"2023-11-27T21:16:54","slug":"el-circulo-de-periodistas-deportivos-comienza-a-definir-nominados-para-la-fiesta-anual-del-deporte","status":"publish","type":"post","link":"https:\/\/www.sportchaco.com.ar\/?p=3222","title":{"rendered":"El circulo de Periodistas Deportivos comienza a definir nominados para la Fiesta Anual del Deporte"},"content":{"rendered":"<p>La 41\u00b0 Fiesta Anual del Deporte entr\u00f3 en etapa de definiciones con relaci\u00f3n a los 35 deportistas que ser\u00e1n distinguidos en las diferentes disciplinas, adem\u00e1s de los reconocimientos que se har\u00e1n en la esperada gala a concretarse el pr\u00f3ximo viernes 15 de diciembre a partir de las 21,30 horas. El evento se desarrollar\u00e1 en \u201cEl Castillito\u201d de la Mutual Bancaria, situado en el predio de Ruta Nacional N\u00b016, a pocos metros de la rotonda de avenida Sarmiento, con transmisi\u00f3n en directo de Chaco TV.<\/p>\n<p>La comunidad deportiva volver\u00e1 a tener su encuentro, como ocurre todos los a\u00f1os, para compartir y confraternizar en una noche que promete sus emociones, con la atracci\u00f3n centrada en la consagraci\u00f3n del Deportista del A\u00f1o. En esta temporada ser\u00e1 dif\u00edcil la elecci\u00f3n teniendo en cuenta que son varios los candidatos a quedarse con la principal distinci\u00f3n instituida por el C\u00edrculo de Periodistas Deportivos del Chaco. La comisi\u00f3n directiva de la entidad inici\u00f3 la labor de resoluci\u00f3n de los atletas que recibir\u00e1n sus premios por haberse destacado en la presente temporada.<\/p>\n<p>El evento se realiza con el apoyo de Loter\u00eda Chaque\u00f1a, Instituto del Deporte Chaque\u00f1o, Nuevo Banco del Chaco, Ant\u00faan Joyer\u00edas, que instituye la copa que levantar\u00e1 el Deportista del 2023, adem\u00e1s del servicio de catering de Levraux, y la televisaci\u00f3n que estar\u00e1 a cargo nuevamente de Chaco TV.<\/p>\n<p>&nbsp;<\/p>\n<p><strong>Presentaci\u00f3n de la fiesta<\/strong><\/p>\n<p>El pr\u00f3ximo viernes 7 de diciembre, desde las 10 horas, en la sala de conferencia de Loter\u00eda Chaque\u00f1a, se realizar\u00e1 la presentaci\u00f3n oficial del evento con los miembros de comisi\u00f3n directiva del C\u00edrculo de Periodistas, encabezados por el presidente Miguel Omar Retamoso, y funcionarios que brindar\u00e1n detalles del acontecimiento.<\/p>\n<p><strong>Aprobaci\u00f3n de balance<\/strong><\/p>\n<p>En el marco de la asamblea general ordinaria celebrada el pasado 22 de noviembre, los socios y directivos del C\u00edrculo de Periodistas Deportivos del Chaco, aprobaron por unanimidad la memoria y balance correspondiente al ejercicio que cerr\u00f3 el 31 de agosto. Se dio el informe pormenorizado de los movimientos realizados en la instituci\u00f3n ante las autoridades de la Inspecci\u00f3n General de Personas Jur\u00eddicas y Registro P\u00fablico de Comercio que oficiaron de supervisores.<\/p>\n","protected":false},"excerpt":{"rendered":"<p>La 41\u00b0 Fiesta Anual del Deporte entr\u00f3 en etapa de definiciones con relaci\u00f3n a los 35 deportistas que ser\u00e1n distinguidos en las diferentes disciplinas, adem\u00e1s de los reconocimientos que se har\u00e1n en la esperada gala a concretarse el pr\u00f3ximo viernes 15 de diciembre a partir de las 21,30 horas. El evento se desarrollar\u00e1 en \u201cEl &hellip;<\/p>\n","protected":false},"author":5,"featured_media":3223,"comment_status":"open","ping_status":"open","sticky":false,"template":"","format":"standard","meta":{"footnotes":""},"categories":[8,44],"tags":[],"class_list":["post-3222","post","type-post","status-publish","format-standard","has-post-thumbnail","hentry","category-sport-nea","category-varios"],"_links":{"self":[{"href":"https:\/\/www.sportchaco.com.ar\/index.php?rest_route=\/wp\/v2\/posts\/3222","targetHints":{"allow":["GET"]}}],"collection":[{"href":"https:\/\/www.sportchaco.com.ar\/index.php?rest_route=\/wp\/v2\/posts"}],"about":[{"href":"https:\/\/www.sportchaco.com.ar\/index.php?rest_route=\/wp\/v2\/types\/post"}],"author":[{"embeddable":true,"href":"https:\/\/www.sportchaco.com.ar\/index.php?rest_route=\/wp\/v2\/users\/5"}],"replies":[{"embeddable":true,"href":"https:\/\/www.sportchaco.com.ar\/index.php?rest_route=%2Fwp%2Fv2%2Fcomments&post=3222"}],"version-history":[{"count":1,"href":"https:\/\/www.sportchaco.com.ar\/index.php?rest_route=\/wp\/v2\/posts\/3222\/revisions"}],"predecessor-version":[{"id":3224,"href":"https:\/\/www.sportchaco.com.ar\/index.php?rest_route=\/wp\/v2\/posts\/3222\/revisions\/3224"}],"wp:featuredmedia":[{"embeddable":true,"href":"https:\/\/www.sportchaco.com.ar\/index.php?rest_route=\/wp\/v2\/media\/3223"}],"wp:attachment":[{"href":"https:\/\/www.sportchaco.com.ar\/index.php?rest_route=%2Fwp%2Fv2%2Fmedia&parent=3222"}],"wp:term":[{"taxonomy":"category","embeddable":true,"href":"https:\/\/www.sportchaco.com.ar\/index.php?rest_route=%2Fwp%2Fv2%2Fcategories&post=3222"},{"taxonomy":"post_tag","embeddable":true,"href":"https:\/\/www.sportchaco.com.ar\/index.php?rest_route=%2Fwp%2Fv2%2Ftags&post=3222"}],"curies":[{"name":"wp","href":"https:\/\/api.w.org\/{rel}","templated":true}]}}