{"id":32344,"date":"2026-02-06T16:13:45","date_gmt":"2026-02-06T19:13:45","guid":{"rendered":"https:\/\/www.sportchaco.com.ar\/?p=32344"},"modified":"2026-02-06T16:13:45","modified_gmt":"2026-02-06T19:13:45","slug":"eze-allende-la-idea-de-dejar-de-correr-nunca-estuvo","status":"publish","type":"post","link":"https:\/\/www.sportchaco.com.ar\/?p=32344","title":{"rendered":"Eze Allende: \u00abLa idea de dejar de correr nunca estuvo\u00bb"},"content":{"rendered":"<p><strong>06-02-2026<\/strong><\/p>\n<p><img loading=\"lazy\" decoding=\"async\" class=\"aligncenter size-large wp-image-18962\" src=\"https:\/\/www.sportchaco.com.ar\/wp-content\/uploads\/2025\/05\/940x90-1-1024x98.gif\" alt=\"\" width=\"1024\" height=\"98\" srcset=\"https:\/\/www.sportchaco.com.ar\/wp-content\/uploads\/2025\/05\/940x90-1-1024x98.gif 1024w, https:\/\/www.sportchaco.com.ar\/wp-content\/uploads\/2025\/05\/940x90-1-300x29.gif 300w, https:\/\/www.sportchaco.com.ar\/wp-content\/uploads\/2025\/05\/940x90-1-768x74.gif 768w, https:\/\/www.sportchaco.com.ar\/wp-content\/uploads\/2025\/05\/940x90-1-1536x147.gif 1536w, https:\/\/www.sportchaco.com.ar\/wp-content\/uploads\/2025\/05\/940x90-1-2048x197.gif 2048w\" sizes=\"auto, (max-width: 1024px) 100vw, 1024px\" \/><\/p>\n<p>Ezequiel Allende es un joven piloto de motociclismo de Pampa del Infierno, localidad chaque\u00f1a que se encuentra a 250 kil\u00f3metros de la capital chaque\u00f1a, que se prepara para una nueva temporada del Certamen Argentino de Motociclismo.<\/p>\n<p>La temporada del CAM arrancar\u00e1 en el mes de marzo y contar\u00e1 con un calendario anual de 10 carreras a desarrollarse, en principio, en localidades de Santa Fe y C\u00f3rdoba.<\/p>\n<p>\u00abTengo una trayectoria ya dentro de lo que es el motociclismo, as\u00ed que me preparo como siempre, de la mejor manera para esta nueva temporada. La idea es terminar el a\u00f1o dentro de los diez mejores y el sue\u00f1o es volver a ser campe\u00f3n argentino\u00bb, empez\u00f3 diciendo Allende en una charla en el programa deportivo <em>\u00abCara y Ceca del Deporte\u00bb<\/em>.<\/p>\n<p>Recordando que el chaque\u00f1o fue campe\u00f3n argentino de velocidad del SuperBike 2500cc en el 2018, lo que lo llev\u00f3 a ser deportista del a\u00f1o en la provincia del Chaco en el mismo a\u00f1o. Adem\u00e1s, de ser subcampe\u00f3n argentino de SuperBike en Yamaha R3 y piloto del SuperBike Brasil.<\/p>\n<p>Luego hizo un repaso de lo que fue y es su carrera deportiva: \u00abEstuve varios a\u00f1os participando del SuperBike Argentino y unos a\u00f1os del SuperBike de Brasil, pero por distintas cuestiones tuvimos que replantear la carrera deportiva, aunque la idea de dejar de correr nunca estuvo, por eso ahora estamos corriendo en el Certamen Argentino de Motociclismo en la categor\u00eda 450 Internacional. Ya voy por el tercer a\u00f1o consecutivo en esta nueva etapa\u00bb.<\/p>\n<p>Continu\u00f3: \u00abEn la primera experiencia del CAM compet\u00ed bajo una estructura ya armada, pero el a\u00f1o pasado y este lo estoy haciendo con equipo propio para el desarrollo de la moto. Es un desaf\u00edo bastante grande el que asumimos. Competir hoy en la m\u00e1xima categor\u00eda argentina, con recursos, gente y estructura propia es satisfactorio. Yo soy oriundo de Pampa del Infierno donde tengo la pista de entrenamiento y la moto, pero todo el equipo mec\u00e1nico (suspensi\u00f3n, motores y escapes) es de Tres Isletas\u00bb.<\/p>\n<p><img loading=\"lazy\" decoding=\"async\" class=\"aligncenter size-large wp-image-32346\" src=\"https:\/\/www.sportchaco.com.ar\/wp-content\/uploads\/2026\/02\/EMC_4633.jpg-1024x681.jpeg\" alt=\"\" width=\"1024\" height=\"681\" srcset=\"https:\/\/www.sportchaco.com.ar\/wp-content\/uploads\/2026\/02\/EMC_4633.jpg-1024x681.jpeg 1024w, https:\/\/www.sportchaco.com.ar\/wp-content\/uploads\/2026\/02\/EMC_4633.jpg-300x200.jpeg 300w, https:\/\/www.sportchaco.com.ar\/wp-content\/uploads\/2026\/02\/EMC_4633.jpg-768x511.jpeg 768w, https:\/\/www.sportchaco.com.ar\/wp-content\/uploads\/2026\/02\/EMC_4633.jpg-1536x1022.jpeg 1536w, https:\/\/www.sportchaco.com.ar\/wp-content\/uploads\/2026\/02\/EMC_4633.jpg-2048x1363.jpeg 2048w\" sizes=\"auto, (max-width: 1024px) 100vw, 1024px\" \/><\/p>\n<p><strong>EL ADAPTARSE OTRA VEZ A LA TIERRA<\/strong><br \/>\n\u00abCambiar de circuitos no me cambia en lo que respecta a los entrenamientos, lo que si me exige es la resistencia f\u00edsica para estar arriba de la moto y en lo personal el cambio es mental, de saber que ahora se maneja sobre tierra y no sobre el asfalto. Porque es un manejo un poco m\u00e1s agresivo y con diferentes t\u00e9cnicas que ten\u00eda en los SuperBike. Estamos realizando una pretemporada bastante fuerte porque en el CAM las vueltas son de 20 segundos aproximadamente y tenes que resolver todo en cuestiones de mil\u00e9simas\u00bb, se\u00f1al\u00f3.<\/p>\n<p><strong>EL SUE\u00d1O<\/strong><br \/>\n\u00abAl asfalto me gustar\u00eda volver, me qued\u00f3 algo pendiente a nivel internacional, pero el sue\u00f1o siempre sigue firme y seguimos trabajando para ello. Si bien estamos realizando otra disciplina dentro del motociclismo porque el Superbike Argentino ya caduc\u00f3, uno siempre entrena y se prepara para poder volver a realizar una carrera en esa clase de circuitos\u00bb, coment\u00f3.<\/p>\n<p><strong>LA PARTE ECON\u00d3MICA Y LOS SPONSORS<\/strong><br \/>\n\u00abLo econ\u00f3mico es fundamental en el deporte y no es ajeno al motociclismo. Por ese motivo tuvimos que volver a correr en esta clase de circuitos y campeonatos. Para el deportista es un tema no menor y complicado conseguir los sponsors y los fondos para estar a la altura de toda competencia, pero seguimos trabajando en eso\u00bb, remarc\u00f3 el piloto chaque\u00f1o.<\/p>\n<p>Adem\u00e1s, Ezequiel Allende cuenta con el acompa\u00f1amiento hace a\u00f1os de Casa Wesolowski SRL, Supermercados <em>\u201cEl Arriero\u201d<\/em>, Municipalidad de Pampa del Infierno, Instituto del Deporte, Loter\u00eda Chaque\u00f1a, Ale Motos, HG Neum\u00e1ticos, Casinos GALA, Pampa del Infierno Combustibles, +Power, Nordemaq, TotoEgea, Chechip, AM Banco de Pruebas y EA38 Moto Parts.<\/p>\n<p><img loading=\"lazy\" decoding=\"async\" class=\"aligncenter size-large wp-image-31103\" src=\"https:\/\/www.sportchaco.com.ar\/wp-content\/uploads\/2026\/01\/1080x1350-819x1024.gif\" alt=\"\" width=\"819\" height=\"1024\" srcset=\"https:\/\/www.sportchaco.com.ar\/wp-content\/uploads\/2026\/01\/1080x1350-819x1024.gif 819w, https:\/\/www.sportchaco.com.ar\/wp-content\/uploads\/2026\/01\/1080x1350-240x300.gif 240w, https:\/\/www.sportchaco.com.ar\/wp-content\/uploads\/2026\/01\/1080x1350-768x960.gif 768w\" sizes=\"auto, (max-width: 819px) 100vw, 819px\" \/><\/p>\n","protected":false},"excerpt":{"rendered":"<p>06-02-2026 Ezequiel Allende es un joven piloto de motociclismo de Pampa del Infierno, localidad chaque\u00f1a que se encuentra a 250 kil\u00f3metros de la capital chaque\u00f1a, que se prepara para una nueva temporada del Certamen Argentino de Motociclismo. La temporada del CAM arrancar\u00e1 en el mes de marzo y contar\u00e1 con un calendario anual de 10 &hellip;<\/p>\n","protected":false},"author":3,"featured_media":32345,"comment_status":"open","ping_status":"open","sticky":false,"template":"","format":"standard","meta":{"footnotes":""},"categories":[59],"tags":[],"class_list":["post-32344","post","type-post","status-publish","format-standard","has-post-thumbnail","hentry","category-motociclismo"],"_links":{"self":[{"href":"https:\/\/www.sportchaco.com.ar\/index.php?rest_route=\/wp\/v2\/posts\/32344","targetHints":{"allow":["GET"]}}],"collection":[{"href":"https:\/\/www.sportchaco.com.ar\/index.php?rest_route=\/wp\/v2\/posts"}],"about":[{"href":"https:\/\/www.sportchaco.com.ar\/index.php?rest_route=\/wp\/v2\/types\/post"}],"author":[{"embeddable":true,"href":"https:\/\/www.sportchaco.com.ar\/index.php?rest_route=\/wp\/v2\/users\/3"}],"replies":[{"embeddable":true,"href":"https:\/\/www.sportchaco.com.ar\/index.php?rest_route=%2Fwp%2Fv2%2Fcomments&post=32344"}],"version-history":[{"count":2,"href":"https:\/\/www.sportchaco.com.ar\/index.php?rest_route=\/wp\/v2\/posts\/32344\/revisions"}],"predecessor-version":[{"id":32348,"href":"https:\/\/www.sportchaco.com.ar\/index.php?rest_route=\/wp\/v2\/posts\/32344\/revisions\/32348"}],"wp:featuredmedia":[{"embeddable":true,"href":"https:\/\/www.sportchaco.com.ar\/index.php?rest_route=\/wp\/v2\/media\/32345"}],"wp:attachment":[{"href":"https:\/\/www.sportchaco.com.ar\/index.php?rest_route=%2Fwp%2Fv2%2Fmedia&parent=32344"}],"wp:term":[{"taxonomy":"category","embeddable":true,"href":"https:\/\/www.sportchaco.com.ar\/index.php?rest_route=%2Fwp%2Fv2%2Fcategories&post=32344"},{"taxonomy":"post_tag","embeddable":true,"href":"https:\/\/www.sportchaco.com.ar\/index.php?rest_route=%2Fwp%2Fv2%2Ftags&post=32344"}],"curies":[{"name":"wp","href":"https:\/\/api.w.org\/{rel}","templated":true}]}}