{"id":32364,"date":"2026-02-07T23:28:30","date_gmt":"2026-02-08T02:28:30","guid":{"rendered":"https:\/\/www.sportchaco.com.ar\/?p=32364"},"modified":"2026-02-08T12:18:34","modified_gmt":"2026-02-08T15:18:34","slug":"efemerides-de-un-8-de-febrero-3","status":"publish","type":"post","link":"https:\/\/www.sportchaco.com.ar\/?p=32364","title":{"rendered":"Efem\u00e9rides de un 8 de febrero"},"content":{"rendered":"<div class=\"container fullwidth-entry-title-wrapper\">\n<div class=\"container-wrapper fullwidth-entry-title\">\n<header class=\"entry-header-outer\">\n<div class=\"entry-header\">\n<div class=\"single-post-meta post-meta clearfix\">\n<div class=\"tie-alignright\"><\/div>\n<\/div>\n<\/div>\n<\/header>\n<\/div>\n<\/div>\n<div id=\"content\" class=\"site-content container\">\n<div id=\"main-content-row\" class=\"tie-row main-content-row\">\n<div class=\"main-content tie-col-md-8 tie-col-xs-12\" role=\"main\">\n<article id=\"the-post\" class=\"container-wrapper post-content tie-standard\">\n<div class=\"featured-area\">\n<div class=\"featured-area-inner\"><\/div>\n<\/div>\n<div class=\"entry-content entry clearfix\">\n<div class=\"container fullwidth-entry-title-wrapper\">\n<div class=\"container-wrapper fullwidth-entry-title\">\n<header class=\"entry-header-outer\">\n<div class=\"entry-header\">\n<div class=\"single-post-meta post-meta clearfix\">\n<div class=\"tie-alignright\"><\/div>\n<\/div>\n<\/div>\n<\/header>\n<\/div>\n<\/div>\n<div id=\"content\" class=\"site-content container\">\n<div id=\"main-content-row\" class=\"tie-row main-content-row\">\n<div class=\"main-content tie-col-md-8 tie-col-xs-12\" role=\"main\">\n<article id=\"the-post\" class=\"container-wrapper post-content tie-standard\">\n<div class=\"featured-area\">\n<div class=\"featured-area-inner\"><\/div>\n<\/div>\n<div class=\"entry-content entry clearfix\">\n<p><strong>Esta son las efem\u00e9rides del deporte chaque\u00f1o de un 8 de febrero, del periodista Luis Dar\u00edo Molodezky<\/strong><\/p>\n<\/div>\n<\/article>\n<p style=\"text-align: center;\"><img loading=\"lazy\" decoding=\"async\" class=\"alignnone size-medium wp-image-32260\" src=\"https:\/\/www.sportchaco.com.ar\/wp-content\/uploads\/2026\/02\/Luis-ago-2025-300x200.jpg\" alt=\"\" width=\"300\" height=\"200\" srcset=\"https:\/\/www.sportchaco.com.ar\/wp-content\/uploads\/2026\/02\/Luis-ago-2025-300x200.jpg 300w, https:\/\/www.sportchaco.com.ar\/wp-content\/uploads\/2026\/02\/Luis-ago-2025-768x513.jpg 768w, https:\/\/www.sportchaco.com.ar\/wp-content\/uploads\/2026\/02\/Luis-ago-2025.jpg 957w\" sizes=\"auto, (max-width: 300px) 100vw, 300px\" \/><\/p>\n<article id=\"the-post\" class=\"container-wrapper post-content tie-standard\">\n<div class=\"entry-content entry clearfix\">\n<p>&nbsp;<\/p>\n<p>&nbsp;<\/p>\n<p><strong>1967 \/\u00a0<\/strong>Con 29 a\u00f1os asume la presidencia de Sarmiento el abogado Julio Garc\u00eda, a propuesta por su hermano Manuel. Su paso por la instituci\u00f3n result\u00f3 una revoluci\u00f3n, promoviendo en tiempo r\u00e9cord la construcci\u00f3n del natatorio. Design\u00f3 t\u00e9cnico a Omar Ayala para el primer equipo y encamin\u00f3 las ventas de Maglioni a Independiente y Chazarreta a San Lorenzo. En el inicio de la temporada veraniega de 1968 pone la nataci\u00f3n en manos de expertos. Las clases quedan a cargo del profesor Carlos Mar\u00eda Aguilar y su esposa Hayde\u00e9.<\/p>\n<p><strong><img loading=\"lazy\" decoding=\"async\" class=\"size-medium wp-image-5499 aligncenter\" src=\"https:\/\/www.sportchaco.com.ar\/wp-content\/uploads\/2024\/02\/JULIO-GARCIA-con-armando-300x163.jpg\" sizes=\"auto, (max-width: 300px) 100vw, 300px\" srcset=\"https:\/\/www.sportchaco.com.ar\/wp-content\/uploads\/2024\/02\/JULIO-GARCIA-con-armando-300x163.jpg 300w, https:\/\/www.sportchaco.com.ar\/wp-content\/uploads\/2024\/02\/JULIO-GARCIA-con-armando.jpg 588w\" alt=\"\" width=\"300\" height=\"163\" \/><\/strong><\/p>\n<p style=\"text-align: center;\"><strong>Julio Garc\u00eda con Alberto J. Armando<\/strong><\/p>\n<p><strong>1953\u00a0<\/strong>\/ Nace en Corrientes Enrique Amaro \u201cKike\u201d Cundom, destacado basquetbolista que brillo en Villa San Mart\u00edn, Regatas, Don Bosco e Hind\u00fa. Visti\u00f3 la casaca de Chaco en 3 argentinos juveniles y 6 de mayores. En su puesto de ayuda base era un tremendo goleador, aprovechando los grandes jugadores con los que le toc\u00f3 jugar. En su llegada al Chaco se incorpor\u00f3 a Villa por invitaci\u00f3n de Walter Dosso. Su perfeccionamiento lleg\u00f3 de la mano de Pocholo Aguilar. De gran capacidad t\u00e9cnica, se destac\u00f3 tambi\u00e9n por sus dotes de goleador.<\/p>\n<p><strong>1980\u00a0<\/strong>\/ El delantero paraguayo de Chaco For Ever Manuel David Machuca es transferido a pr\u00e9stamo a Racing de Avellaneda, equipo dirigido entonces por Juan Carlos Lorenzo.<\/p>\n<p>&nbsp;<\/p>\n<p>&nbsp;<\/p>\n<h5>Foto de portada de Enrique Amaro Cundom, basquetbolista de extraordinario nivel.<\/h5>\n<p><img loading=\"lazy\" decoding=\"async\" class=\"alignnone size-medium wp-image-32240\" src=\"https:\/\/www.sportchaco.com.ar\/wp-content\/uploads\/2026\/02\/Ahorros-de-Verano-BANNERS-WEB_300x600-14-2-150x300.gif\" alt=\"\" width=\"150\" height=\"300\" srcset=\"https:\/\/www.sportchaco.com.ar\/wp-content\/uploads\/2026\/02\/Ahorros-de-Verano-BANNERS-WEB_300x600-14-2-150x300.gif 150w, https:\/\/www.sportchaco.com.ar\/wp-content\/uploads\/2026\/02\/Ahorros-de-Verano-BANNERS-WEB_300x600-14-2-512x1024.gif 512w\" sizes=\"auto, (max-width: 150px) 100vw, 150px\" \/> <img loading=\"lazy\" decoding=\"async\" class=\"alignnone size-medium wp-image-32241\" src=\"https:\/\/www.sportchaco.com.ar\/wp-content\/uploads\/2026\/02\/BANNER-WEB-MOSQUITOS-SALUD_300x600-17-1-150x300.gif\" alt=\"\" width=\"150\" height=\"300\" \/> <img loading=\"lazy\" decoding=\"async\" class=\"alignnone size-medium wp-image-32239\" src=\"https:\/\/www.sportchaco.com.ar\/wp-content\/uploads\/2026\/02\/MERCADO-LIBRE_300x600-17-1-150x300.gif\" alt=\"\" width=\"150\" height=\"300\" srcset=\"https:\/\/www.sportchaco.com.ar\/wp-content\/uploads\/2026\/02\/MERCADO-LIBRE_300x600-17-1-150x300.gif 150w, https:\/\/www.sportchaco.com.ar\/wp-content\/uploads\/2026\/02\/MERCADO-LIBRE_300x600-17-1-512x1024.gif 512w\" sizes=\"auto, (max-width: 150px) 100vw, 150px\" \/><\/p>\n<\/div>\n<\/article>\n<\/div>\n<\/div>\n<\/div>\n<\/div>\n<\/article>\n<\/div>\n<\/div>\n<\/div>\n","protected":false},"excerpt":{"rendered":"<p>Esta son las efem\u00e9rides del deporte chaque\u00f1o de un 8 de febrero, del periodista Luis Dar\u00edo Molodezky &nbsp; &nbsp; 1967 \/\u00a0Con 29 a\u00f1os asume la presidencia de Sarmiento el abogado Julio Garc\u00eda, a propuesta por su hermano Manuel. Su paso por la instituci\u00f3n result\u00f3 una revoluci\u00f3n, promoviendo en tiempo r\u00e9cord la construcci\u00f3n del natatorio. Design\u00f3 &hellip;<\/p>\n","protected":false},"author":2,"featured_media":32395,"comment_status":"open","ping_status":"open","sticky":false,"template":"","format":"standard","meta":{"footnotes":""},"categories":[45,32],"tags":[],"class_list":["post-32364","post","type-post","status-publish","format-standard","has-post-thumbnail","hentry","category-efemerides-dia-por-dia","category-febrero"],"_links":{"self":[{"href":"https:\/\/www.sportchaco.com.ar\/index.php?rest_route=\/wp\/v2\/posts\/32364","targetHints":{"allow":["GET"]}}],"collection":[{"href":"https:\/\/www.sportchaco.com.ar\/index.php?rest_route=\/wp\/v2\/posts"}],"about":[{"href":"https:\/\/www.sportchaco.com.ar\/index.php?rest_route=\/wp\/v2\/types\/post"}],"author":[{"embeddable":true,"href":"https:\/\/www.sportchaco.com.ar\/index.php?rest_route=\/wp\/v2\/users\/2"}],"replies":[{"embeddable":true,"href":"https:\/\/www.sportchaco.com.ar\/index.php?rest_route=%2Fwp%2Fv2%2Fcomments&post=32364"}],"version-history":[{"count":3,"href":"https:\/\/www.sportchaco.com.ar\/index.php?rest_route=\/wp\/v2\/posts\/32364\/revisions"}],"predecessor-version":[{"id":32398,"href":"https:\/\/www.sportchaco.com.ar\/index.php?rest_route=\/wp\/v2\/posts\/32364\/revisions\/32398"}],"wp:featuredmedia":[{"embeddable":true,"href":"https:\/\/www.sportchaco.com.ar\/index.php?rest_route=\/wp\/v2\/media\/32395"}],"wp:attachment":[{"href":"https:\/\/www.sportchaco.com.ar\/index.php?rest_route=%2Fwp%2Fv2%2Fmedia&parent=32364"}],"wp:term":[{"taxonomy":"category","embeddable":true,"href":"https:\/\/www.sportchaco.com.ar\/index.php?rest_route=%2Fwp%2Fv2%2Fcategories&post=32364"},{"taxonomy":"post_tag","embeddable":true,"href":"https:\/\/www.sportchaco.com.ar\/index.php?rest_route=%2Fwp%2Fv2%2Ftags&post=32364"}],"curies":[{"name":"wp","href":"https:\/\/api.w.org\/{rel}","templated":true}]}}