{"id":32381,"date":"2026-02-07T23:07:54","date_gmt":"2026-02-08T02:07:54","guid":{"rendered":"https:\/\/www.sportchaco.com.ar\/?p=32381"},"modified":"2026-02-07T23:07:54","modified_gmt":"2026-02-08T02:07:54","slug":"racing-logro-un-ajustado-triunfo-en-el-cilindro-en-el-primer-triunfo-del-ano","status":"publish","type":"post","link":"https:\/\/www.sportchaco.com.ar\/?p=32381","title":{"rendered":"Racing logr\u00f3 un ajustado triunfo en el Cilindro en el primer triunfo del a\u00f1o"},"content":{"rendered":"<h1 class=\"noticia-titulo text-noticia-index-titulo font-noticia-index-titulo text-4xl md:text-4xl py-2\"><span style=\"font-size: 16px; font-weight: 400;\">\u00a0<\/span><span style=\"font-size: 16px; font-weight: 400;\">07 de febrero de 2026<\/span><\/h1>\n<h1 class=\"noticia-titulo text-noticia-index-titulo font-noticia-index-titulo text-4xl md:text-4xl py-2\"><\/h1>\n<h5 class=\"noticia-copete text-noticia-index-copete font-noticia-index-copete text-lg md:text-lg pb-2\">La Academia mostr\u00f3 una enorme mejor\u00eda y consigui\u00f3 imponerse sobre el Bicho, en un duelo pol\u00e9mico en el que el VAR le neg\u00f3 un posible penal al local.<\/h5>\n<div class=\"noticia-fecha fecha text-noticia-index-fecha font-noticia-index-fecha text-base md:text-base pb-2;\"><\/div>\n<div class=\"img-epigrafe\"><\/div>\n<div class=\"noticia-contenido contenido text-lg md:text-lg text-noticia-index-contenido font-noticia-index-contenido text-base \">\n<p>Racing Club venci\u00f3 2 a 1 a Argentinos Juniors este s\u00e1bado por la tarde en el estadio Presidente Per\u00f3n, en Avellaneda, en un partido correspondiente a la cuarta fecha de la Liga Profesional de F\u00fatbol. El encuentro comenz\u00f3 a las 18 y termin\u00f3 con triunfo de la \u00abAcademia\u00bb, que se impuso con goles de Tom\u00e1s Jos\u00e9 Conechny y Santiago Solari, mientras que Erik Godoy descont\u00f3 para la visita.<\/p>\n<div class=\"adserver-zonas-noticias bannerLoaded\" data-index=\"0\"><\/div>\n<p>El equipo local se qued\u00f3 con los tres puntos tras un primer tiempo efectivo y un complemento en el que supo sostener la ventaja. Racing se puso adelante a los 19 minutos de la primera etapa con un tanto de Conechny y ampli\u00f3 a los 43 por medio de Solari. Ya en el arranque del segundo tiempo, Argentinos Juniors logr\u00f3 descontar r\u00e1pidamente con el gol de Godoy al minuto de juego, pero no le alcanz\u00f3 para evitar la derrota.<\/p>\n<div class=\"adserver-zonas-noticias bannerLoaded\" data-index=\"1\">\n<div id=\"elterritorio_com_ar_home_articles_mobile\" class=\"mobile-height display-flex\"><\/div>\n<\/div>\n<p>Durante el complemento, el partido se torn\u00f3 m\u00e1s disputado y con varias interrupciones. Hubo m\u00faltiples cambios en ambos equipos y algunas incidencias, como la revisi\u00f3n del VAR por un posible penal para Racing que finalmente fue anulada por falta en ataque. Tambi\u00e9n se registraron varias amonestaciones, reflejando la intensidad del tr\u00e1mite en los minutos finales.<\/p>\n<\/div>\n<div class=\"mobile-height display-flex\"><\/div>\n<div><\/div>\n<div class=\"noticia-contenido contenido text-lg md:text-lg text-noticia-index-contenido font-noticia-index-contenido text-base \">\n<p>En el cierre, Racing defendi\u00f3 la ventaja y gener\u00f3 algunas situaciones a trav\u00e9s de tiros de esquina que le permitieron mantener la presi\u00f3n sobre su rival. Con este resultado, el conjunto de Avellaneda sum\u00f3 una victoria importante en casa, mientras que Argentinos Juniors no logr\u00f3 revertir el marcador pese al descuento temprano en la segunda mitad.<\/p>\n<p><iframe loading=\"lazy\" title=\"EL RACING DE COSTAS CORT\u00d3 LA MALA RACHA Y GAN\u00d3 EN AVELLANEDA | Racing 2-1 Argentinos | RESUMEN\" width=\"500\" height=\"281\" src=\"https:\/\/www.youtube.com\/embed\/03ngugpbWfY?feature=oembed\" frameborder=\"0\" allow=\"accelerometer; autoplay; clipboard-write; encrypted-media; gyroscope; picture-in-picture; web-share\" referrerpolicy=\"strict-origin-when-cross-origin\" allowfullscreen><\/iframe><\/p>\n<p><img loading=\"lazy\" decoding=\"async\" class=\"alignnone size-medium wp-image-32240\" src=\"https:\/\/www.sportchaco.com.ar\/wp-content\/uploads\/2026\/02\/Ahorros-de-Verano-BANNERS-WEB_300x600-14-2-150x300.gif\" alt=\"\" width=\"150\" height=\"300\" srcset=\"https:\/\/www.sportchaco.com.ar\/wp-content\/uploads\/2026\/02\/Ahorros-de-Verano-BANNERS-WEB_300x600-14-2-150x300.gif 150w, https:\/\/www.sportchaco.com.ar\/wp-content\/uploads\/2026\/02\/Ahorros-de-Verano-BANNERS-WEB_300x600-14-2-512x1024.gif 512w\" sizes=\"auto, (max-width: 150px) 100vw, 150px\" \/> <img loading=\"lazy\" decoding=\"async\" class=\"alignnone size-medium wp-image-32241\" src=\"https:\/\/www.sportchaco.com.ar\/wp-content\/uploads\/2026\/02\/BANNER-WEB-MOSQUITOS-SALUD_300x600-17-1-150x300.gif\" alt=\"\" width=\"150\" height=\"300\" \/> <img loading=\"lazy\" decoding=\"async\" class=\"alignnone size-medium wp-image-32239\" src=\"https:\/\/www.sportchaco.com.ar\/wp-content\/uploads\/2026\/02\/MERCADO-LIBRE_300x600-17-1-150x300.gif\" alt=\"\" width=\"150\" height=\"300\" srcset=\"https:\/\/www.sportchaco.com.ar\/wp-content\/uploads\/2026\/02\/MERCADO-LIBRE_300x600-17-1-150x300.gif 150w, https:\/\/www.sportchaco.com.ar\/wp-content\/uploads\/2026\/02\/MERCADO-LIBRE_300x600-17-1-512x1024.gif 512w\" sizes=\"auto, (max-width: 150px) 100vw, 150px\" \/><\/p>\n<div class=\"c-stack b-single-chain\" data-style-direction=\"vertical\" data-style-justification=\"start\" data-style-alignment=\"unset\" data-style-inline=\"false\" data-style-wrap=\"nowrap\">\n<div class=\"c-stack b-single-chain__children-stack\" data-style-direction=\"vertical\" data-style-justification=\"start\" data-style-alignment=\"unset\" data-style-inline=\"false\" data-style-wrap=\"nowrap\">\n<h2 class=\"p12Heading h2 p12Header\">Con un golazo de tijera de Cordero, el Tibur\u00f3n logr\u00f3 un festejado 1-1<\/h2>\n<h1 class=\"p12Heading h1 p12Header\">Torneo Apertura: Aldosivi ahog\u00f3 sobre la hora el festejo de Central<\/h1>\n<h3 class=\"p12Heading h3 p12Header\">Ovando hab\u00eda abierto el marcador a los tres minutos en Mar del Plata, pero la joya del partido lleg\u00f3 al final con el tanto del exHurac\u00e1n<\/h3>\n<div class=\"p12-article-info\">\n<hr class=\"p12-divider p12-divider--horizontal \" aria-hidden=\"true\" \/>\n<div class=\"article-info-content\">\n<div class=\"right-content\">\n<div class=\"p12SocialIcons\">\n<p>&nbsp;<\/p>\n<\/div>\n<\/div>\n<\/div>\n<hr class=\"p12-divider p12-divider--horizontal \" aria-hidden=\"true\" \/>\n<\/div>\n<div class=\"p12-lead-art\">\n<figure class=\"c-media-item\">\n<div class=\"p12-lead-art__image-wrapper\"><img loading=\"lazy\" decoding=\"async\" class=\"c-image\" src=\"https:\/\/www.pagina12.com.ar\/resizer\/v2\/GO2FJUAFS5EPNBILLV5NYW4UMY.jpg?smart=true&amp;auth=027488f20b86eb71a9c524777ca9a4bda0c1ab7ae5bfe288322a367037cef5b2&amp;width=2560&amp;height=1706\" srcset=\"https:\/\/www.pagina12.com.ar\/resizer\/v2\/GO2FJUAFS5EPNBILLV5NYW4UMY.jpg?smart=true&amp;auth=027488f20b86eb71a9c524777ca9a4bda0c1ab7ae5bfe288322a367037cef5b2&amp;width=960&amp;height=639 960w, https:\/\/www.pagina12.com.ar\/resizer\/v2\/GO2FJUAFS5EPNBILLV5NYW4UMY.jpg?smart=true&amp;auth=027488f20b86eb71a9c524777ca9a4bda0c1ab7ae5bfe288322a367037cef5b2&amp;width=1920&amp;height=1279 1920w\" alt=\"NOTICIAS ARGENTINAS BAIRES FEBRERO 7: Aldosivi se enfrenta a Rosario Central en el estadio Jos\u00e9 Mar\u00eda Minella de Mar del Plata, por la cuarta fecha del Torneo Apertura 2026 de la Liga Profesional. FOTO: (X\/REDES@RosarioCentral)\/NA\" width=\"2560\" height=\"1706\" data-chromatic=\"ignore\" \/><\/div><figcaption class=\"c-media-item__fig-caption\"><span class=\"c-media-item__caption\">Di Mar\u00eda jug\u00f3 un gran primer tiempo en Mar del Plata.\u00a0<\/span><span class=\"c-media-item__credit\"><\/p>\n<p><\/span><\/figcaption><figcaption class=\"c-media-item__fig-caption\"><span class=\"c-media-item__credit\"><b>Aldosivi y <\/b><\/span><b>Rosario Central igualaron 1-1 en Mar del Plata<\/b>\u00a0por la cuarta fecha del torneo Apertura, en un partido que se reserv\u00f3 lo mejor para el final, cuando\u00a0<b>Nicol\u00e1s Cordero hizo un golazo de tijera y marc\u00f3 el empate definitivo<\/b>.<\/figcaption><\/figure>\n<\/div>\n<\/div>\n<\/div>\n<div class=\"article-content\">\n<article class=\"p12-article-body  \">\n<div data-chromatic=\"ignore\">\n<div>\n<div>\n<div class=\"twitter-tweet twitter-tweet-rendered\"><\/div>\n<\/div>\n<\/div>\n<\/div>\n<p class=\"c-paragraph\"><b>El partido se abri\u00f3 a los tres minutos, cuando \u00c1ngel Di Mar\u00eda lanz\u00f3 un c\u00f3rner perfecto que Ignacio Ovando conect\u00f3 de cabeza.\u00a0<\/b>Despu\u00e9s, \u201cFideo\u201d intent\u00f3 desequilibrar el marcador dos veces, pero se encontr\u00f3 con el buen Axel Werner defendiendo el arco de Aldosivi: el arquero, que fue compa\u00f1ero suyo el a\u00f1o pasado en Central, se luci\u00f3 a los 21 minutos con una volada estupenda y, siete minutos m\u00e1s tarde, volvi\u00f3 a negarle el gol a Angelito, quien intent\u00f3 convertir por medio de un tiro libre.<\/p>\n<div data-chromatic=\"ignore\">\n<div>\n<div>\n<div class=\"twitter-tweet twitter-tweet-rendered\"><\/div>\n<\/div>\n<\/div>\n<\/div>\n<p class=\"c-paragraph\">El segundo tiempo hab\u00eda entregado menos emociones que la primera mitad hasta que\u00a0<b>Nicol\u00e1s Cordero entr\u00f3 a los 82 minutos. El exHurac\u00e1n tard\u00f3 solo cinco minutos en volverse la figura del partido<\/b>, con un verdadero golazo. Su equipo avanzaba colectivamente cuando\u00a0<b>le lleg\u00f3 la pelota desde un centro a\u00e9reo: el atacante la mat\u00f3 con el pecho adentro del \u00e1rea y la sacudi\u00f3 con una tijera fant\u00e1stica<\/b>\u00a0para conquistar un empate espectacular y ag\u00f3nico para Aldosivi.<\/p>\n<\/article>\n<\/div>\n<\/div>\n","protected":false},"excerpt":{"rendered":"<p>\u00a007 de febrero de 2026 La Academia mostr\u00f3 una enorme mejor\u00eda y consigui\u00f3 imponerse sobre el Bicho, en un duelo pol\u00e9mico en el que el VAR le neg\u00f3 un posible penal al local. Racing Club venci\u00f3 2 a 1 a Argentinos Juniors este s\u00e1bado por la tarde en el estadio Presidente Per\u00f3n, en Avellaneda, en &hellip;<\/p>\n","protected":false},"author":2,"featured_media":32382,"comment_status":"open","ping_status":"open","sticky":false,"template":"","format":"standard","meta":{"footnotes":""},"categories":[47],"tags":[],"class_list":["post-32381","post","type-post","status-publish","format-standard","has-post-thumbnail","hentry","category-nacionales"],"_links":{"self":[{"href":"https:\/\/www.sportchaco.com.ar\/index.php?rest_route=\/wp\/v2\/posts\/32381","targetHints":{"allow":["GET"]}}],"collection":[{"href":"https:\/\/www.sportchaco.com.ar\/index.php?rest_route=\/wp\/v2\/posts"}],"about":[{"href":"https:\/\/www.sportchaco.com.ar\/index.php?rest_route=\/wp\/v2\/types\/post"}],"author":[{"embeddable":true,"href":"https:\/\/www.sportchaco.com.ar\/index.php?rest_route=\/wp\/v2\/users\/2"}],"replies":[{"embeddable":true,"href":"https:\/\/www.sportchaco.com.ar\/index.php?rest_route=%2Fwp%2Fv2%2Fcomments&post=32381"}],"version-history":[{"count":1,"href":"https:\/\/www.sportchaco.com.ar\/index.php?rest_route=\/wp\/v2\/posts\/32381\/revisions"}],"predecessor-version":[{"id":32383,"href":"https:\/\/www.sportchaco.com.ar\/index.php?rest_route=\/wp\/v2\/posts\/32381\/revisions\/32383"}],"wp:featuredmedia":[{"embeddable":true,"href":"https:\/\/www.sportchaco.com.ar\/index.php?rest_route=\/wp\/v2\/media\/32382"}],"wp:attachment":[{"href":"https:\/\/www.sportchaco.com.ar\/index.php?rest_route=%2Fwp%2Fv2%2Fmedia&parent=32381"}],"wp:term":[{"taxonomy":"category","embeddable":true,"href":"https:\/\/www.sportchaco.com.ar\/index.php?rest_route=%2Fwp%2Fv2%2Fcategories&post=32381"},{"taxonomy":"post_tag","embeddable":true,"href":"https:\/\/www.sportchaco.com.ar\/index.php?rest_route=%2Fwp%2Fv2%2Ftags&post=32381"}],"curies":[{"name":"wp","href":"https:\/\/api.w.org\/{rel}","templated":true}]}}