{"id":32470,"date":"2026-02-10T11:47:13","date_gmt":"2026-02-10T14:47:13","guid":{"rendered":"https:\/\/www.sportchaco.com.ar\/?p=32470"},"modified":"2026-02-10T11:47:13","modified_gmt":"2026-02-10T14:47:13","slug":"don-bosco-afina-detalles-de-cara-al-inicio-de-la-competencia","status":"publish","type":"post","link":"https:\/\/www.sportchaco.com.ar\/?p=32470","title":{"rendered":"Don Bosco afina detalles de cara al inicio de la competencia"},"content":{"rendered":"<p><strong>10-02-2026<\/strong><\/p>\n<p><img loading=\"lazy\" decoding=\"async\" class=\"aligncenter size-large wp-image-32117\" src=\"https:\/\/www.sportchaco.com.ar\/wp-content\/uploads\/2026\/02\/Ahorros-de-Verano-BANNERS-WEB_720x90-20-1024x128.gif\" alt=\"\" width=\"1024\" height=\"128\" srcset=\"https:\/\/www.sportchaco.com.ar\/wp-content\/uploads\/2026\/02\/Ahorros-de-Verano-BANNERS-WEB_720x90-20-1024x128.gif 1024w, https:\/\/www.sportchaco.com.ar\/wp-content\/uploads\/2026\/02\/Ahorros-de-Verano-BANNERS-WEB_720x90-20-300x38.gif 300w, https:\/\/www.sportchaco.com.ar\/wp-content\/uploads\/2026\/02\/Ahorros-de-Verano-BANNERS-WEB_720x90-20-768x96.gif 768w\" sizes=\"auto, (max-width: 1024px) 100vw, 1024px\" \/><\/p>\n<p>Con la mira puesta en la temporada 2026 de La Liga Federal de B\u00e1squet (LFB), Don Bosco ya transita una exigente pretemporada bajo la conducci\u00f3n de Juan Marcos \u201cTungui\u201d Ferraris. El entrenador remarc\u00f3 la importancia de sentar bases s\u00f3lidas desde el trabajo diario, consolidar una identidad de juego y llegar competitivos a un torneo que vuelve a presentarse como largo y exigente.<\/p>\n<p>El gimnasio vuelve a llenarse de movimiento, planificaci\u00f3n y expectativas. En Don Bosco, el calendario marca que el receso qued\u00f3 atr\u00e1s y que el foco est\u00e1 puesto de lleno en la pr\u00f3xima edici\u00f3n de la Liga Federal de B\u00e1squet 2026. Con varias semanas de trabajo acumuladas, el cuerpo t\u00e9cnico encabezado por Juan Marcos \u201cTungui\u201d Ferraris comenz\u00f3 a delinear los primeros objetivos de una pretemporada que combina preparaci\u00f3n f\u00edsica, conceptos t\u00e1cticos y armado de grupo.<\/p>\n<p>\u201cLa pretemporada es el momento m\u00e1s importante del a\u00f1o. Ac\u00e1 se construye todo lo que despu\u00e9s se ve en la cancha\u201d, afirm\u00f3 Ferraris en di\u00e1logo con la prensa. \u201cNo se trata solo de ponerse bien desde lo f\u00edsico, sino de empezar a generar una idea clara de juego y, sobre todo, un grupo fuerte, comprometido con el proyecto\u201d.<a href=\"https:\/\/baskettotal.com.ar\/wp-content\/uploads\/2026\/02\/DSC_0010.jpg\"><img loading=\"lazy\" decoding=\"async\" class=\"lazy wp-image-29986 lazy-loaded aligncenter\" src=\"https:\/\/baskettotal.com.ar\/wp-content\/uploads\/2026\/02\/DSC_0010.jpg\" sizes=\"auto, (max-width: 520px) 100vw, 520px\" srcset=\"https:\/\/baskettotal.com.ar\/wp-content\/uploads\/2026\/02\/DSC_0010.jpg 520w, https:\/\/baskettotal.com.ar\/wp-content\/uploads\/2026\/02\/DSC_0010-200x300.jpg 200w\" alt=\"\" width=\"520\" height=\"780\" data-lazy-type=\"image\" data-lazy-src=\"https:\/\/baskettotal.com.ar\/wp-content\/uploads\/2026\/02\/DSC_0010.jpg\" data-lazy-srcset=\"https:\/\/baskettotal.com.ar\/wp-content\/uploads\/2026\/02\/DSC_0010.jpg 520w, https:\/\/baskettotal.com.ar\/wp-content\/uploads\/2026\/02\/DSC_0010-200x300.jpg 200w\" data-lazy-sizes=\"(max-width: 520px) 100vw, 520px\" \/><\/a><\/p>\n<p>El entrenador explic\u00f3 que el primer tramo del trabajo estuvo orientado a recuperar ritmo y fortalecer la base f\u00edsica del plantel, entendiendo que la Liga Federal es una competencia que exige regularidad y profundidad. \u201cEs un torneo largo, con viajes, con partidos muy duros y con poco margen de error. Si no lleg\u00e1s bien preparado, lo termin\u00e1s pagando\u201d, se\u00f1al\u00f3.<\/p>\n<p>En ese sentido, Ferraris destac\u00f3 la predisposici\u00f3n de los jugadores en estas primeras semanas. \u201cEl mensaje fue claro desde el primer d\u00eda: nadie regala nada y todos tienen que competir por su lugar. La respuesta del plantel fue muy buena, con entrenamientos intensos y mucha concentraci\u00f3n\u201d, valor\u00f3.<\/p>\n<p>M\u00e1s all\u00e1 del aspecto f\u00edsico, el cuerpo t\u00e9cnico ya comenz\u00f3 a trabajar sobre la identidad que buscar\u00e1 el equipo en la temporada 2026. \u201cQueremos un Don Bosco agresivo, ordenado y solidario. Un equipo que sepa defender duro, correr la cancha cuando pueda y jugar con paciencia cuando el partido lo pide\u201d, explic\u00f3 el DT, dejando en claro que la construcci\u00f3n ser\u00e1 progresiva.<\/p>\n<p>Ferraris tambi\u00e9n hizo referencia al armado del plantel y al equilibrio entre experiencia y juventud. \u201cLa idea es combinar jugadores que ya conocen la categor\u00eda con chicos del club que vienen empujando desde abajo. La Liga Federal tambi\u00e9n es una gran vidriera para los j\u00f3venes, pero hay que llevarlos de a poco y con responsabilidad\u201d, sostuvo.<a href=\"https:\/\/baskettotal.com.ar\/wp-content\/uploads\/2026\/02\/DSC_0016-2.jpg\"><img loading=\"lazy\" decoding=\"async\" class=\"lazy wp-image-29987 lazy-loaded aligncenter\" src=\"https:\/\/baskettotal.com.ar\/wp-content\/uploads\/2026\/02\/DSC_0016-2.jpg\" sizes=\"auto, (max-width: 520px) 100vw, 520px\" srcset=\"https:\/\/baskettotal.com.ar\/wp-content\/uploads\/2026\/02\/DSC_0016-2.jpg 520w, https:\/\/baskettotal.com.ar\/wp-content\/uploads\/2026\/02\/DSC_0016-2-200x300.jpg 200w\" alt=\"\" width=\"520\" height=\"780\" data-lazy-type=\"image\" data-lazy-src=\"https:\/\/baskettotal.com.ar\/wp-content\/uploads\/2026\/02\/DSC_0016-2.jpg\" data-lazy-srcset=\"https:\/\/baskettotal.com.ar\/wp-content\/uploads\/2026\/02\/DSC_0016-2.jpg 520w, https:\/\/baskettotal.com.ar\/wp-content\/uploads\/2026\/02\/DSC_0016-2-200x300.jpg 200w\" data-lazy-sizes=\"(max-width: 520px) 100vw, 520px\" \/><\/a><\/p>\n<p>En cuanto a los objetivos, el entrenador fue cauto, aunque ambicioso. \u201cSiempre queremos competir. Despu\u00e9s el torneo te va marcando para qu\u00e9 est\u00e1s, pero Don Bosco no entra a la cancha a ver qu\u00e9 pasa. Queremos ser protagonistas, hacernos fuertes de local y construir una campa\u00f1a s\u00f3lida\u201d, remarc\u00f3.<\/p>\n<p>Finalmente, Ferraris dej\u00f3 un mensaje para la gente del club, que suele acompa\u00f1ar en cada temporada. \u201cEl apoyo de la gente es fundamental. Que sepan que el equipo va a dejar todo, que se va a identificar con los valores del club y que vamos a trabajar para que se sientan representados\u201d, concluy\u00f3.<\/p>\n<p>Con\u00a0todo este contexto, Don Bosco ya puso primera\u00a0en la pretemporada marcando\u00a0el inicio de un nuevo desaf\u00edo y el sue\u00f1o de volver a ser competitivo en una Liga Federal que, una vez m\u00e1s, promete no dar respiro.<a href=\"https:\/\/baskettotal.com.ar\/wp-content\/uploads\/2026\/02\/DSC_0051-6.jpg\"><img loading=\"lazy\" decoding=\"async\" class=\"lazy wp-image-29989 lazy-loaded aligncenter\" src=\"https:\/\/baskettotal.com.ar\/wp-content\/uploads\/2026\/02\/DSC_0051-6.jpg\" sizes=\"auto, (max-width: 520px) 100vw, 520px\" srcset=\"https:\/\/baskettotal.com.ar\/wp-content\/uploads\/2026\/02\/DSC_0051-6.jpg 520w, https:\/\/baskettotal.com.ar\/wp-content\/uploads\/2026\/02\/DSC_0051-6-200x300.jpg 200w\" alt=\"\" width=\"520\" height=\"780\" data-lazy-type=\"image\" data-lazy-src=\"https:\/\/baskettotal.com.ar\/wp-content\/uploads\/2026\/02\/DSC_0051-6.jpg\" data-lazy-srcset=\"https:\/\/baskettotal.com.ar\/wp-content\/uploads\/2026\/02\/DSC_0051-6.jpg 520w, https:\/\/baskettotal.com.ar\/wp-content\/uploads\/2026\/02\/DSC_0051-6-200x300.jpg 200w\" data-lazy-sizes=\"(max-width: 520px) 100vw, 520px\" \/><\/a><\/p>\n<p><strong>EL EQUIPO<br \/>\n<\/strong>El equipo completo de Don Bosco est\u00e1 conformado por los siguientes jugadores: en Primera est\u00e1n \u00c1lbaro Magallanes, Cristian Ojeda, Luciano C\u00e1rdenas, Nahuel M\u00e9ndez, Iv\u00e1n Lugo (capit\u00e1n) y Facundo G\u00f3mez Brocal (estos \u00faltimos dos jugadores son oriundos).<\/p>\n<p>En tanto que las fichas U21 son Valentino Colman, Sim\u00f3n C\u00e9spedes Maidana, Ian Camnasio, Nicol\u00e1s Lemos y Francisco Santander.<a href=\"https:\/\/baskettotal.com.ar\/wp-content\/uploads\/2026\/02\/DSC_0066-1.jpg\"><img loading=\"lazy\" decoding=\"async\" class=\"lazy wp-image-29990 lazy-loaded aligncenter\" src=\"https:\/\/baskettotal.com.ar\/wp-content\/uploads\/2026\/02\/DSC_0066-1.jpg\" sizes=\"auto, (max-width: 508px) 100vw, 508px\" srcset=\"https:\/\/baskettotal.com.ar\/wp-content\/uploads\/2026\/02\/DSC_0066-1.jpg 508w, https:\/\/baskettotal.com.ar\/wp-content\/uploads\/2026\/02\/DSC_0066-1-195x300.jpg 195w\" alt=\"\" width=\"508\" height=\"780\" data-lazy-type=\"image\" data-lazy-src=\"https:\/\/baskettotal.com.ar\/wp-content\/uploads\/2026\/02\/DSC_0066-1.jpg\" data-lazy-srcset=\"https:\/\/baskettotal.com.ar\/wp-content\/uploads\/2026\/02\/DSC_0066-1.jpg 508w, https:\/\/baskettotal.com.ar\/wp-content\/uploads\/2026\/02\/DSC_0066-1-195x300.jpg 195w\" data-lazy-sizes=\"(max-width: 508px) 100vw, 508px\" \/><\/a><\/p>\n<p>En tanto que los juveniles ser\u00e1n Yazid P\u00e9rez Barrios, Juli\u00e1n Sosa, Lautaro Andreatta, Juan Diego Colman y Juan Diego Mart\u00ednez.<\/p>\n<p>Mientras que el cuerpo t\u00e9cnico estar\u00e1 conformado por: \u00a0Juan Marcos\u00a0\u201cTungui\u201d Ferraris\u00a0como entrenador principal,\u00a0Fernando Rosso\u00a0ser\u00e1 el primer asistente, Jorge Gonz\u00e1lez\u00a0de segundo asistente \u00a0y \u00a0Claudio R\u00edos\u00a0como preparador f\u00edsico.<\/p>\n<p><em><strong>Fotos: Nahiara Soto (Don Bosco)<\/strong><\/em><\/p>\n<p><img loading=\"lazy\" decoding=\"async\" class=\"aligncenter size-full wp-image-32171\" src=\"https:\/\/www.sportchaco.com.ar\/wp-content\/uploads\/2026\/02\/MERCADO-LIBRE_200x200-05.gif\" alt=\"\" width=\"417\" height=\"417\" \/><\/p>\n","protected":false},"excerpt":{"rendered":"<p>10-02-2026 Con la mira puesta en la temporada 2026 de La Liga Federal de B\u00e1squet (LFB), Don Bosco ya transita una exigente pretemporada bajo la conducci\u00f3n de Juan Marcos \u201cTungui\u201d Ferraris. El entrenador remarc\u00f3 la importancia de sentar bases s\u00f3lidas desde el trabajo diario, consolidar una identidad de juego y llegar competitivos a un torneo &hellip;<\/p>\n","protected":false},"author":3,"featured_media":32471,"comment_status":"open","ping_status":"open","sticky":false,"template":"","format":"standard","meta":{"footnotes":""},"categories":[3],"tags":[],"class_list":["post-32470","post","type-post","status-publish","format-standard","has-post-thumbnail","hentry","category-basquetbol"],"_links":{"self":[{"href":"https:\/\/www.sportchaco.com.ar\/index.php?rest_route=\/wp\/v2\/posts\/32470","targetHints":{"allow":["GET"]}}],"collection":[{"href":"https:\/\/www.sportchaco.com.ar\/index.php?rest_route=\/wp\/v2\/posts"}],"about":[{"href":"https:\/\/www.sportchaco.com.ar\/index.php?rest_route=\/wp\/v2\/types\/post"}],"author":[{"embeddable":true,"href":"https:\/\/www.sportchaco.com.ar\/index.php?rest_route=\/wp\/v2\/users\/3"}],"replies":[{"embeddable":true,"href":"https:\/\/www.sportchaco.com.ar\/index.php?rest_route=%2Fwp%2Fv2%2Fcomments&post=32470"}],"version-history":[{"count":1,"href":"https:\/\/www.sportchaco.com.ar\/index.php?rest_route=\/wp\/v2\/posts\/32470\/revisions"}],"predecessor-version":[{"id":32472,"href":"https:\/\/www.sportchaco.com.ar\/index.php?rest_route=\/wp\/v2\/posts\/32470\/revisions\/32472"}],"wp:featuredmedia":[{"embeddable":true,"href":"https:\/\/www.sportchaco.com.ar\/index.php?rest_route=\/wp\/v2\/media\/32471"}],"wp:attachment":[{"href":"https:\/\/www.sportchaco.com.ar\/index.php?rest_route=%2Fwp%2Fv2%2Fmedia&parent=32470"}],"wp:term":[{"taxonomy":"category","embeddable":true,"href":"https:\/\/www.sportchaco.com.ar\/index.php?rest_route=%2Fwp%2Fv2%2Fcategories&post=32470"},{"taxonomy":"post_tag","embeddable":true,"href":"https:\/\/www.sportchaco.com.ar\/index.php?rest_route=%2Fwp%2Fv2%2Ftags&post=32470"}],"curies":[{"name":"wp","href":"https:\/\/api.w.org\/{rel}","templated":true}]}}