{"id":32508,"date":"2026-02-11T00:09:07","date_gmt":"2026-02-11T03:09:07","guid":{"rendered":"https:\/\/www.sportchaco.com.ar\/?p=32508"},"modified":"2026-02-11T00:59:55","modified_gmt":"2026-02-11T03:59:55","slug":"efemerides-del-11-de-febrero","status":"publish","type":"post","link":"https:\/\/www.sportchaco.com.ar\/?p=32508","title":{"rendered":"Efem\u00e9rides del 11 de febrero"},"content":{"rendered":"<div class=\"container fullwidth-entry-title-wrapper\">\n<div class=\"container-wrapper fullwidth-entry-title\">\n<header class=\"entry-header-outer\">\n<div class=\"entry-header\">\n<h1 class=\"post-title entry-title\">Efem\u00e9rides del 11 de febrero<\/h1>\n<div class=\"single-post-meta post-meta clearfix\"><\/div>\n<\/div>\n<\/header>\n<\/div>\n<\/div>\n<div id=\"content\" class=\"site-content container\">\n<div id=\"main-content-row\" class=\"tie-row main-content-row\">\n<div class=\"main-content tie-col-md-8 tie-col-xs-12\" role=\"main\">\n<article id=\"the-post\" class=\"container-wrapper post-content tie-standard\">\n<div class=\"featured-area\">\n<div class=\"featured-area-inner\">\n<figure class=\"single-featured-image\"><img loading=\"lazy\" decoding=\"async\" class=\"attachment-jannah-image-post size-jannah-image-post wp-post-image\" src=\"https:\/\/www.sportchaco.com.ar\/wp-content\/uploads\/2025\/02\/javier-Alavarez-chichael-gomez-e1739197355136-780x470.jpg\" alt=\"\" width=\"780\" height=\"470\" data-main-img=\"1\" \/><\/figure>\n<\/div>\n<\/div>\n<div class=\"entry-content entry clearfix\">\n<div class=\"container fullwidth-entry-title-wrapper\">\n<div class=\"container-wrapper fullwidth-entry-title\">\n<header class=\"entry-header-outer\">\n<div class=\"entry-header\">\n<div class=\"single-post-meta post-meta clearfix\">\n<div class=\"tie-alignright\"><\/div>\n<\/div>\n<\/div>\n<\/header>\n<\/div>\n<\/div>\n<div id=\"content\" class=\"site-content container\">\n<div id=\"main-content-row\" class=\"tie-row main-content-row\">\n<div class=\"main-content tie-col-md-8 tie-col-xs-12\" role=\"main\">\n<article id=\"the-post\" class=\"container-wrapper post-content tie-standard\">\n<div class=\"featured-area\">\n<div class=\"featured-area-inner\"><\/div>\n<\/div>\n<div class=\"entry-content entry clearfix\">\n<h5><strong>Esta es la Efem\u00e9rides del Deporte en el Chaco de un 11 de febrero del periodista Luis Dar\u00edo Molodezky.<\/strong><\/h5>\n<p>&nbsp;<\/p>\n<\/div>\n<p><img loading=\"lazy\" decoding=\"async\" class=\"size-medium wp-image-32260 aligncenter\" src=\"https:\/\/www.sportchaco.com.ar\/wp-content\/uploads\/2026\/02\/Luis-ago-2025-300x200.jpg\" alt=\"\" width=\"300\" height=\"200\" srcset=\"https:\/\/www.sportchaco.com.ar\/wp-content\/uploads\/2026\/02\/Luis-ago-2025-300x200.jpg 300w, https:\/\/www.sportchaco.com.ar\/wp-content\/uploads\/2026\/02\/Luis-ago-2025-768x513.jpg 768w, https:\/\/www.sportchaco.com.ar\/wp-content\/uploads\/2026\/02\/Luis-ago-2025.jpg 957w\" sizes=\"auto, (max-width: 300px) 100vw, 300px\" \/><\/p>\n<div class=\"entry-content entry clearfix\">\n<p><strong>1962\u00a0<\/strong>\/ Fecha de fundaci\u00f3n del Club Atl\u00e9tico Tucum\u00e1n, que por muchos a\u00f1os anim\u00f3 los torneos de la Liga Chaque\u00f1a de F\u00fatbol.<\/p>\n<p>&nbsp;<\/p>\n<p><strong>1973<\/strong>\u00a0\/ Primera transmisi\u00f3n Internacional de LT 5 \u00abRadio Chaco\u00bb con el Equipo Acelerando de Automovilismo desde Interlagos Brasil. Encabezado por Eduardo Rub\u00e9n Ferreyra (Pirulo), con la participaci\u00f3n de Ricardo C\u00e1rdenas, Adolfo \u00abChichin\u00bb Carrara, Alfredo Flores y comerciales de Eduardo Barrios Duran, En estudios Miguel Omar Retamoso y operador Jos\u00e9 Salvador Di Giussepe.<\/p>\n<p><img loading=\"lazy\" decoding=\"async\" class=\"alignnone size-medium wp-image-32513 aligncenter\" src=\"https:\/\/www.sportchaco.com.ar\/wp-content\/uploads\/2026\/02\/Acelerando-300x111.jpg\" alt=\"\" width=\"300\" height=\"111\" srcset=\"https:\/\/www.sportchaco.com.ar\/wp-content\/uploads\/2026\/02\/Acelerando-300x111.jpg 300w, https:\/\/www.sportchaco.com.ar\/wp-content\/uploads\/2026\/02\/Acelerando-1024x380.jpg 1024w, https:\/\/www.sportchaco.com.ar\/wp-content\/uploads\/2026\/02\/Acelerando-768x285.jpg 768w, https:\/\/www.sportchaco.com.ar\/wp-content\/uploads\/2026\/02\/Acelerando.jpg 1080w\" sizes=\"auto, (max-width: 300px) 100vw, 300px\" \/><\/p>\n<p>&nbsp;<\/p>\n<p><strong>1980\u00a0<\/strong>\/ Los atletas chaque\u00f1os Guillermo Varas y Sebasti\u00e1n L\u00f3pez, son convocados para integrar el equipo juvenil argentino con miras al torneo sudamericano en Chile.<\/p>\n<p>&nbsp;<\/p>\n<p><strong>1983\u00a0<\/strong>\/ El joven Jos\u00e9 Podskoc es presentado por N\u00e9stor Lobera, Ram\u00f3n Gudi\u00f1o y Juan Kusmak, como nuevo entrenador de las divisiones inferiores de Uni\u00f3n Progresista.<\/p>\n<p>&nbsp;<\/p>\n<p style=\"text-align: center;\">\u00a0<img loading=\"lazy\" decoding=\"async\" class=\"alignnone size-medium wp-image-32515\" src=\"https:\/\/www.sportchaco.com.ar\/wp-content\/uploads\/2026\/02\/Podscok-300x167.jpg\" alt=\"\" width=\"300\" height=\"167\" srcset=\"https:\/\/www.sportchaco.com.ar\/wp-content\/uploads\/2026\/02\/Podscok-300x167.jpg 300w, https:\/\/www.sportchaco.com.ar\/wp-content\/uploads\/2026\/02\/Podscok.jpg 333w\" sizes=\"auto, (max-width: 300px) 100vw, 300px\" \/><\/p>\n<p>&nbsp;<\/p>\n<p><strong>2005\u00a0<\/strong>\/ Javier Osvaldo \u00c1lvarez se consagra campe\u00f3n Mundial s\u00faper Pluma de la Uni\u00f3n Mundial de Boxeo (UMB), al vencer por KO en el sexto asalto al cubano Michael G\u00f3mez, combate realizado en Manchester, Inglaterra.<\/p>\n<p><iframe loading=\"lazy\" title=\"Michael Gomez vs Javier Osvaldo Alvarez 11-02-2005\" width=\"500\" height=\"375\" src=\"https:\/\/www.youtube.com\/embed\/1v_nW2FGpcY?feature=oembed\" frameborder=\"0\" allow=\"accelerometer; autoplay; clipboard-write; encrypted-media; gyroscope; picture-in-picture; web-share\" referrerpolicy=\"strict-origin-when-cross-origin\" allowfullscreen><\/iframe><\/p>\n<p>&nbsp;<\/p>\n<h6>Foto de la dur\u00edsima pelea en la que Javier Alvarez se consagra campe\u00f3n mundial de la UMB en Manchester. Foto Alamy.<\/h6>\n<\/div>\n<p style=\"text-align: center;\"><img loading=\"lazy\" decoding=\"async\" class=\"alignnone size-medium wp-image-32221\" src=\"https:\/\/www.sportchaco.com.ar\/wp-content\/uploads\/2026\/02\/Ahorros-de-Verano-BANNERS-WEB_300x600-14-1-150x300.gif\" alt=\"\" width=\"150\" height=\"300\" srcset=\"https:\/\/www.sportchaco.com.ar\/wp-content\/uploads\/2026\/02\/Ahorros-de-Verano-BANNERS-WEB_300x600-14-1-150x300.gif 150w, https:\/\/www.sportchaco.com.ar\/wp-content\/uploads\/2026\/02\/Ahorros-de-Verano-BANNERS-WEB_300x600-14-1-512x1024.gif 512w\" sizes=\"auto, (max-width: 150px) 100vw, 150px\" \/> <img loading=\"lazy\" decoding=\"async\" class=\"alignnone size-medium wp-image-32220\" src=\"https:\/\/www.sportchaco.com.ar\/wp-content\/uploads\/2026\/02\/MERCADO-LIBRE_300x600-17-150x300.gif\" alt=\"\" width=\"150\" height=\"300\" srcset=\"https:\/\/www.sportchaco.com.ar\/wp-content\/uploads\/2026\/02\/MERCADO-LIBRE_300x600-17-150x300.gif 150w, https:\/\/www.sportchaco.com.ar\/wp-content\/uploads\/2026\/02\/MERCADO-LIBRE_300x600-17-512x1024.gif 512w\" sizes=\"auto, (max-width: 150px) 100vw, 150px\" \/> <img loading=\"lazy\" decoding=\"async\" class=\"alignnone size-medium wp-image-32222\" src=\"https:\/\/www.sportchaco.com.ar\/wp-content\/uploads\/2026\/02\/BANNER-WEB-MOSQUITOS-SALUD_300x600-17-150x300.gif\" alt=\"\" width=\"150\" height=\"300\" \/><\/p>\n<\/article>\n<\/div>\n<\/div>\n<\/div>\n<\/div>\n<\/article>\n<\/div>\n<\/div>\n<\/div>\n","protected":false},"excerpt":{"rendered":"<p>Efem\u00e9rides del 11 de febrero Esta es la Efem\u00e9rides del Deporte en el Chaco de un 11 de febrero del periodista Luis Dar\u00edo Molodezky. &nbsp; 1962\u00a0\/ Fecha de fundaci\u00f3n del Club Atl\u00e9tico Tucum\u00e1n, que por muchos a\u00f1os anim\u00f3 los torneos de la Liga Chaque\u00f1a de F\u00fatbol. &nbsp; 1973\u00a0\/ Primera transmisi\u00f3n Internacional de LT 5 \u00abRadio &hellip;<\/p>\n","protected":false},"author":2,"featured_media":32511,"comment_status":"open","ping_status":"open","sticky":false,"template":"","format":"standard","meta":{"footnotes":""},"categories":[45,32],"tags":[],"class_list":["post-32508","post","type-post","status-publish","format-standard","has-post-thumbnail","hentry","category-efemerides-dia-por-dia","category-febrero"],"_links":{"self":[{"href":"https:\/\/www.sportchaco.com.ar\/index.php?rest_route=\/wp\/v2\/posts\/32508","targetHints":{"allow":["GET"]}}],"collection":[{"href":"https:\/\/www.sportchaco.com.ar\/index.php?rest_route=\/wp\/v2\/posts"}],"about":[{"href":"https:\/\/www.sportchaco.com.ar\/index.php?rest_route=\/wp\/v2\/types\/post"}],"author":[{"embeddable":true,"href":"https:\/\/www.sportchaco.com.ar\/index.php?rest_route=\/wp\/v2\/users\/2"}],"replies":[{"embeddable":true,"href":"https:\/\/www.sportchaco.com.ar\/index.php?rest_route=%2Fwp%2Fv2%2Fcomments&post=32508"}],"version-history":[{"count":4,"href":"https:\/\/www.sportchaco.com.ar\/index.php?rest_route=\/wp\/v2\/posts\/32508\/revisions"}],"predecessor-version":[{"id":32516,"href":"https:\/\/www.sportchaco.com.ar\/index.php?rest_route=\/wp\/v2\/posts\/32508\/revisions\/32516"}],"wp:featuredmedia":[{"embeddable":true,"href":"https:\/\/www.sportchaco.com.ar\/index.php?rest_route=\/wp\/v2\/media\/32511"}],"wp:attachment":[{"href":"https:\/\/www.sportchaco.com.ar\/index.php?rest_route=%2Fwp%2Fv2%2Fmedia&parent=32508"}],"wp:term":[{"taxonomy":"category","embeddable":true,"href":"https:\/\/www.sportchaco.com.ar\/index.php?rest_route=%2Fwp%2Fv2%2Fcategories&post=32508"},{"taxonomy":"post_tag","embeddable":true,"href":"https:\/\/www.sportchaco.com.ar\/index.php?rest_route=%2Fwp%2Fv2%2Ftags&post=32508"}],"curies":[{"name":"wp","href":"https:\/\/api.w.org\/{rel}","templated":true}]}}