{"id":3266,"date":"2023-11-29T12:44:38","date_gmt":"2023-11-29T15:44:38","guid":{"rendered":"https:\/\/www.sportchaco.com.ar\/?p=3266"},"modified":"2023-11-29T12:44:38","modified_gmt":"2023-11-29T15:44:38","slug":"quieren-privatizar-el-club-dijo-riquelme","status":"publish","type":"post","link":"https:\/\/www.sportchaco.com.ar\/?p=3266","title":{"rendered":"\u00abQuieren privatizar el club\u00bb, dijo Riquelme"},"content":{"rendered":"<div class=\"section-2-col article-header\">\n<div class=\"col 2-col\">\n<h2 class=\"h4 ff-16px-w700\"><\/h2>\n<h1><\/h1>\n<h2 class=\"h3 ff-20px-w400\">A pedido de la dupla Macri-Ibarra, la Justicia resolvi\u00f3 suspender las elecciones previstas para este domingo en el club de la ribera. Los hinchas realizaron una convocatoria en la Bombonera en respaldo al vicepresidente. \u00abSi estos se\u00f1ores vuelven, se lo dan a tres amigos y no se vota nunca m\u00e1s\u00bb, expres\u00f3.<\/h2>\n<div class=\"author\">\n<div class=\"author-inner\"><\/div>\n<\/div>\n<\/div>\n<\/div>\n<div class=\"section-2-col article-main-image\">\n<div class=\"col 1-col\">\n<div class=\"article-info \">\n<div class=\"sidebar-separator\">\n<div class=\"date modification-date ff-14px\"><\/div>\n<\/div>\n<\/div>\n<\/div>\n<div class=\"col 2-col\">\n<div class=\"article-main-media-image__container\">\n<div class=\"image-wrapper\">\n<figure>\n<figure class=\"object-fit-block--contain intrinsic-container intrinsic-container-3x2\"><\/figure><figcaption>El respaldo de los socios e hinchas a Riquelme en la Bombonera. Imagen: T\u00e9lam<\/figcaption><\/figure>\n<\/div>\n<\/div>\n<\/div>\n<\/div>\n<div class=\"section-2-col article-main-content\">\n<div class=\"col 1-col\"><\/div>\n<div class=\"col 2-col\">\n<div class=\"article-main-content article-text \">\n<p>Por pedido de\u00a0<b>Andr\u00e9s Ibarra<\/b>\u00a0y\u00a0<b>Mauricio Macri<\/b>, este martes la titular del Juzgado Civil 11 de la Ciudad de Buenos Aires,\u00a0<b>Alejandra Abrevaya<\/b>, resolvi\u00f3\u00a0<a href=\"https:\/\/www.pagina12.com.ar\/689908-la-justicia-suspendio-las-elecciones-en-boca\">suspender las elecciones en Boca Juniors<\/a>\u00a0previstas para este domingo 3 de diciembre. El expresidente de la Naci\u00f3n y quien fuera su ministro de Modernizaci\u00f3n conforman la f\u00f3rmula que busca arrebatarle la conducci\u00f3n del club xeneixe a\u00a0<b>Juan Rom\u00e1n Riquelme<\/b>.<\/p>\n<p>Los hinchas realizaron un multitudinario\u00a0<b>banderazo\u00a0<\/b>frente a La Bombonera para manifestarse en contra de la intervenci\u00f3n judicial en la votaci\u00f3n del club. En conferencia de prensa, el actual vicepresidente remarc\u00f3 que\u00a0<b>\u00absi permitimos que estos se\u00f1ores vuelvan al club, lo van a privatizar y no se vota nunca m\u00e1s\u00bb<\/b>.<\/p>\n<\/div>\n<\/div>\n<\/div>\n","protected":false},"excerpt":{"rendered":"<p>A pedido de la dupla Macri-Ibarra, la Justicia resolvi\u00f3 suspender las elecciones previstas para este domingo en el club de la ribera. Los hinchas realizaron una convocatoria en la Bombonera en respaldo al vicepresidente. \u00abSi estos se\u00f1ores vuelven, se lo dan a tres amigos y no se vota nunca m\u00e1s\u00bb, expres\u00f3. El respaldo de los &hellip;<\/p>\n","protected":false},"author":2,"featured_media":3267,"comment_status":"open","ping_status":"open","sticky":false,"template":"","format":"standard","meta":{"footnotes":""},"categories":[47],"tags":[],"class_list":["post-3266","post","type-post","status-publish","format-standard","has-post-thumbnail","hentry","category-nacionales"],"_links":{"self":[{"href":"https:\/\/www.sportchaco.com.ar\/index.php?rest_route=\/wp\/v2\/posts\/3266","targetHints":{"allow":["GET"]}}],"collection":[{"href":"https:\/\/www.sportchaco.com.ar\/index.php?rest_route=\/wp\/v2\/posts"}],"about":[{"href":"https:\/\/www.sportchaco.com.ar\/index.php?rest_route=\/wp\/v2\/types\/post"}],"author":[{"embeddable":true,"href":"https:\/\/www.sportchaco.com.ar\/index.php?rest_route=\/wp\/v2\/users\/2"}],"replies":[{"embeddable":true,"href":"https:\/\/www.sportchaco.com.ar\/index.php?rest_route=%2Fwp%2Fv2%2Fcomments&post=3266"}],"version-history":[{"count":1,"href":"https:\/\/www.sportchaco.com.ar\/index.php?rest_route=\/wp\/v2\/posts\/3266\/revisions"}],"predecessor-version":[{"id":3268,"href":"https:\/\/www.sportchaco.com.ar\/index.php?rest_route=\/wp\/v2\/posts\/3266\/revisions\/3268"}],"wp:featuredmedia":[{"embeddable":true,"href":"https:\/\/www.sportchaco.com.ar\/index.php?rest_route=\/wp\/v2\/media\/3267"}],"wp:attachment":[{"href":"https:\/\/www.sportchaco.com.ar\/index.php?rest_route=%2Fwp%2Fv2%2Fmedia&parent=3266"}],"wp:term":[{"taxonomy":"category","embeddable":true,"href":"https:\/\/www.sportchaco.com.ar\/index.php?rest_route=%2Fwp%2Fv2%2Fcategories&post=3266"},{"taxonomy":"post_tag","embeddable":true,"href":"https:\/\/www.sportchaco.com.ar\/index.php?rest_route=%2Fwp%2Fv2%2Ftags&post=3266"}],"curies":[{"name":"wp","href":"https:\/\/api.w.org\/{rel}","templated":true}]}}