{"id":32717,"date":"2026-02-16T00:01:12","date_gmt":"2026-02-16T03:01:12","guid":{"rendered":"https:\/\/www.sportchaco.com.ar\/?p=32717"},"modified":"2026-02-16T00:01:30","modified_gmt":"2026-02-16T03:01:30","slug":"efemerides-del-16-de-febrero-2","status":"publish","type":"post","link":"https:\/\/www.sportchaco.com.ar\/?p=32717","title":{"rendered":"Efem\u00e9rides del 16 de febrero"},"content":{"rendered":"<div class=\"container fullwidth-entry-title-wrapper\">\n<div class=\"container-wrapper fullwidth-entry-title\">\n<header class=\"entry-header-outer\">\n<div class=\"entry-header\">\n<div class=\"single-post-meta post-meta clearfix\">\n<div class=\"tie-alignright\"><\/div>\n<\/div>\n<\/div>\n<\/header>\n<\/div>\n<\/div>\n<div id=\"content\" class=\"site-content container\">\n<div id=\"main-content-row\" class=\"tie-row main-content-row\">\n<div class=\"main-content tie-col-md-8 tie-col-xs-12\" role=\"main\">\n<article id=\"the-post\" class=\"container-wrapper post-content tie-standard\">\n<div class=\"featured-area\">\n<div class=\"featured-area-inner\"><\/div>\n<\/div>\n<div class=\"entry-content entry clearfix\">\n<p><strong>16-02-2026<\/strong><\/p>\n<h5><strong>Esta es la Efem\u00e9rides del Deporte en el Chaco de un 16 de febrero del periodista Luis Dar\u00edo Molodezky.<\/strong><\/h5>\n<p><img loading=\"lazy\" decoding=\"async\" class=\"size-medium wp-image-32646 aligncenter\" src=\"https:\/\/www.sportchaco.com.ar\/wp-content\/uploads\/2026\/02\/Luis-2025-marzo-carita-sonriente-300x287.jpg\" alt=\"\" width=\"300\" height=\"287\" srcset=\"https:\/\/www.sportchaco.com.ar\/wp-content\/uploads\/2026\/02\/Luis-2025-marzo-carita-sonriente-300x287.jpg 300w, https:\/\/www.sportchaco.com.ar\/wp-content\/uploads\/2026\/02\/Luis-2025-marzo-carita-sonriente.jpg 383w\" sizes=\"auto, (max-width: 300px) 100vw, 300px\" \/><\/p>\n<p>&nbsp;<\/p>\n<p><strong>1984\u00a0<\/strong>\/ Se funda el club cicl\u00edstico Ferm\u00edn Hidalgo, que cumple una etapa brillante en el desarrollo de la actividad. Su presidente y alma m\u00e1ter fue Jos\u00e9 Germ\u00e1n L\u00f3pez.<\/p>\n<p><img loading=\"lazy\" decoding=\"async\" class=\"alignnone size-medium wp-image-32570\" src=\"https:\/\/www.sportchaco.com.ar\/wp-content\/uploads\/2026\/02\/Agua-Segura_300x600-17-1-150x300.gif\" alt=\"\" width=\"150\" height=\"300\" \/><img loading=\"lazy\" decoding=\"async\" class=\"size-medium wp-image-32571 alignleft\" src=\"https:\/\/www.sportchaco.com.ar\/wp-content\/uploads\/2026\/02\/Ahorros-de-Verano-BANNERS-WEB_300x600-14-3-150x300.gif\" alt=\"\" width=\"150\" height=\"300\" srcset=\"https:\/\/www.sportchaco.com.ar\/wp-content\/uploads\/2026\/02\/Ahorros-de-Verano-BANNERS-WEB_300x600-14-3-150x300.gif 150w, https:\/\/www.sportchaco.com.ar\/wp-content\/uploads\/2026\/02\/Ahorros-de-Verano-BANNERS-WEB_300x600-14-3-512x1024.gif 512w\" sizes=\"auto, (max-width: 150px) 100vw, 150px\" \/><\/p>\n<p>&nbsp;<\/p>\n<p><strong>2020 \/<\/strong>\u00a0Fallece en Resistencia el polifac\u00e9tico y controvertido deportista y dirigente F\u00e9lix Echezarreta a los 87 a\u00f1os. Practic\u00f3 jockey, f\u00fatbol, pesca entre otros y lo que finalmente abraz\u00f3 fue el deporte tuerca. Muy jovencito junto a sus hermanos arrancaba las 3 de la ma\u00f1ana de cada d\u00eda con el reparto de leche en la ciudad en la d\u00e9cada del \u201840, mientras corr\u00eda junto al carro para entrenar. Mostr\u00f3 sus dotes de futbolista en el barrio El Favorito, donde se crio y fue jockey en carreras cuadreras. Luego se proyect\u00f3 en canchas del medio destac\u00e1ndose en los Juegos Evita, hasta desembarcar en Argentino del Norte, Uni\u00f3n de Villa Perrando y For Ever con sus dotes de goleador. Fue m\u00faltiple campe\u00f3n en automovilismo, desde karting, motociclismo y karting. Pionero de la F\u00f3rmula Renault, se retir\u00f3 con 62 a\u00f1os en Las Parejas, Santa Fe, en la carrera que marc\u00f3 el primer triunfo de Juan Manuel \u201cPato\u201d Silva. Fund\u00f3 diversas entidades deportivas como el Chaco Automoto Club (refundaci\u00f3n), Asociaci\u00f3n de Volantes, Federaci\u00f3n de Automovilismo. Particip\u00f3 con 77 a\u00f1os de la competencia \u2013 homenaje por los 50 a\u00f1os de la Buenos Aires \u2013 Caracas. Corri\u00f3 adem\u00e1s en las distintas clases del Zonal con Torino en la D y Gordini en la Clase A. Hab\u00eda nacido el 28 de noviembre de 1932<\/p>\n<\/div>\n<\/article>\n<\/div>\n<\/div>\n<\/div>\n","protected":false},"excerpt":{"rendered":"<p>16-02-2026 Esta es la Efem\u00e9rides del Deporte en el Chaco de un 16 de febrero del periodista Luis Dar\u00edo Molodezky. &nbsp; 1984\u00a0\/ Se funda el club cicl\u00edstico Ferm\u00edn Hidalgo, que cumple una etapa brillante en el desarrollo de la actividad. Su presidente y alma m\u00e1ter fue Jos\u00e9 Germ\u00e1n L\u00f3pez. &nbsp; 2020 \/\u00a0Fallece en Resistencia el &hellip;<\/p>\n","protected":false},"author":2,"featured_media":32720,"comment_status":"open","ping_status":"open","sticky":false,"template":"","format":"standard","meta":{"footnotes":""},"categories":[45,32],"tags":[],"class_list":["post-32717","post","type-post","status-publish","format-standard","has-post-thumbnail","hentry","category-efemerides-dia-por-dia","category-febrero"],"_links":{"self":[{"href":"https:\/\/www.sportchaco.com.ar\/index.php?rest_route=\/wp\/v2\/posts\/32717","targetHints":{"allow":["GET"]}}],"collection":[{"href":"https:\/\/www.sportchaco.com.ar\/index.php?rest_route=\/wp\/v2\/posts"}],"about":[{"href":"https:\/\/www.sportchaco.com.ar\/index.php?rest_route=\/wp\/v2\/types\/post"}],"author":[{"embeddable":true,"href":"https:\/\/www.sportchaco.com.ar\/index.php?rest_route=\/wp\/v2\/users\/2"}],"replies":[{"embeddable":true,"href":"https:\/\/www.sportchaco.com.ar\/index.php?rest_route=%2Fwp%2Fv2%2Fcomments&post=32717"}],"version-history":[{"count":4,"href":"https:\/\/www.sportchaco.com.ar\/index.php?rest_route=\/wp\/v2\/posts\/32717\/revisions"}],"predecessor-version":[{"id":32736,"href":"https:\/\/www.sportchaco.com.ar\/index.php?rest_route=\/wp\/v2\/posts\/32717\/revisions\/32736"}],"wp:featuredmedia":[{"embeddable":true,"href":"https:\/\/www.sportchaco.com.ar\/index.php?rest_route=\/wp\/v2\/media\/32720"}],"wp:attachment":[{"href":"https:\/\/www.sportchaco.com.ar\/index.php?rest_route=%2Fwp%2Fv2%2Fmedia&parent=32717"}],"wp:term":[{"taxonomy":"category","embeddable":true,"href":"https:\/\/www.sportchaco.com.ar\/index.php?rest_route=%2Fwp%2Fv2%2Fcategories&post=32717"},{"taxonomy":"post_tag","embeddable":true,"href":"https:\/\/www.sportchaco.com.ar\/index.php?rest_route=%2Fwp%2Fv2%2Ftags&post=32717"}],"curies":[{"name":"wp","href":"https:\/\/api.w.org\/{rel}","templated":true}]}}