{"id":3275,"date":"2023-11-29T21:35:59","date_gmt":"2023-11-30T00:35:59","guid":{"rendered":"https:\/\/www.sportchaco.com.ar\/?p=3275"},"modified":"2023-11-29T21:35:59","modified_gmt":"2023-11-30T00:35:59","slug":"diego-osella-fue-presentando-como-dt-de-chaco-for-ever","status":"publish","type":"post","link":"https:\/\/www.sportchaco.com.ar\/?p=3275","title":{"rendered":"Diego Osella fue presentando como DT de Chaco For Ever"},"content":{"rendered":"<p>El t\u00e9cnico santafesino de 53 a\u00f1os fue presentado en la tarde del miercoles para comandar al equipo profesional en la temporada 2024 de la Primera Nacional, Ossella ya form\u00f3 parte de la direcci\u00f3n tecnica durante gran parte de este a\u00f1o. En su primera experiencia en el banco de Chaco For Ever, Osella estuvo al mando del equipo durante 18 partidos desde la primera ronda del cert\u00e1men.<\/p>\n<p>Primeramente, H\u00e9ctor G\u00f3mez le di\u00f3 la bienvenida al DT y coment\u00f3: \u00abestamos muy contentos de poder tener a Diego de nuevo\u00bb<\/p>\n<p>En esa misma l\u00ednea, sostuvo que espera que \u00abeste a\u00f1o ser\u00e1 un campeonato muy competitivo y exigente, como lo es la Primera Nacional\u00bb.<\/p>\n<p>Por el lado de Osella, comenz\u00f3 diciendo que \u00abest\u00e1n muy contentos de poder volver a un club tan popular y al cual le tomaron mucho cari\u00f1o\u00bb<\/p>\n<p>Respecto a su vuelta, asegur\u00f3 que se convenci\u00f3 \u00abluego de haberlo conversado con su familia, teniendo en cuenta que las segundas oportunidades siempre son buenas\u00bb<\/p>\n<p>\u00abLuego de que H\u00e9ctor nos coment\u00f3 que Ricardo (Pancaldo) no segu\u00eda no dudamos ni un segundo en volver\u00bb dijo el estratega.<\/p>\n<p>Asimismo, se refiri\u00f3 a su primera etapa diciendo que \u00abHemos tenido partidos muy buenos, sobre todo de local\u00bb y agreg\u00f3: \u00abNosotros nunca pudimos por delante que el plantel pueda estar mal conformado o no\u00bb<\/p>\n<p>Por los refuerzos y su visi\u00f3n de juego, Osella y su cuerpo t\u00e9cnico tuvieron aciertos dentro del plantel con jugadores que luego se volvieron importantes en el equipo, c\u00f3mo Javier Iritier, Gonzalo R\u00edos y Facundo Monteseirin.<\/p>\n<p>\u00abLas expectativas son las mejores. Cada ciclo que se renueva uno lo hace con la mayor de las expectativas\u00bb cerr\u00f3.<\/p>\n<p>De esta manera, el cuerpo t\u00e9cnico del plantel profesional que comenzar\u00e1 a a trabajar a partir del 3 de enero y en la antesala de la temporada 2024 de la Primera Nacional, el DT buscar\u00e1 realizar partidos amistosos con rivales de la categor\u00eda y de ser posible, alg\u00fan elenco de la Liga Profesional.<\/p>\n<p><strong>Cuerpo Tecnico confirmado<\/strong><\/p>\n<p>Diego Osella, director t\u00e9cnico.<br \/>\nFederico Saldari, ayudante de campo.<br \/>\nAbel Camino, ayudante de campo alterno.<br \/>\nLeonel Lucci, preparador f\u00edsico.<br \/>\nMarcelo Carrasco, entrenador de arqueros.<br \/>\nNahuel Pintos, preparador f\u00edsico alterno.<\/p>\n<p>&nbsp;<\/p>\n","protected":false},"excerpt":{"rendered":"<p>El t\u00e9cnico santafesino de 53 a\u00f1os fue presentado en la tarde del miercoles para comandar al equipo profesional en la temporada 2024 de la Primera Nacional, Ossella ya form\u00f3 parte de la direcci\u00f3n tecnica durante gran parte de este a\u00f1o. En su primera experiencia en el banco de Chaco For Ever, Osella estuvo al mando &hellip;<\/p>\n","protected":false},"author":5,"featured_media":3276,"comment_status":"open","ping_status":"open","sticky":false,"template":"","format":"standard","meta":{"footnotes":""},"categories":[5,8],"tags":[],"class_list":["post-3275","post","type-post","status-publish","format-standard","has-post-thumbnail","hentry","category-futbol","category-sport-nea"],"_links":{"self":[{"href":"https:\/\/www.sportchaco.com.ar\/index.php?rest_route=\/wp\/v2\/posts\/3275","targetHints":{"allow":["GET"]}}],"collection":[{"href":"https:\/\/www.sportchaco.com.ar\/index.php?rest_route=\/wp\/v2\/posts"}],"about":[{"href":"https:\/\/www.sportchaco.com.ar\/index.php?rest_route=\/wp\/v2\/types\/post"}],"author":[{"embeddable":true,"href":"https:\/\/www.sportchaco.com.ar\/index.php?rest_route=\/wp\/v2\/users\/5"}],"replies":[{"embeddable":true,"href":"https:\/\/www.sportchaco.com.ar\/index.php?rest_route=%2Fwp%2Fv2%2Fcomments&post=3275"}],"version-history":[{"count":1,"href":"https:\/\/www.sportchaco.com.ar\/index.php?rest_route=\/wp\/v2\/posts\/3275\/revisions"}],"predecessor-version":[{"id":3277,"href":"https:\/\/www.sportchaco.com.ar\/index.php?rest_route=\/wp\/v2\/posts\/3275\/revisions\/3277"}],"wp:featuredmedia":[{"embeddable":true,"href":"https:\/\/www.sportchaco.com.ar\/index.php?rest_route=\/wp\/v2\/media\/3276"}],"wp:attachment":[{"href":"https:\/\/www.sportchaco.com.ar\/index.php?rest_route=%2Fwp%2Fv2%2Fmedia&parent=3275"}],"wp:term":[{"taxonomy":"category","embeddable":true,"href":"https:\/\/www.sportchaco.com.ar\/index.php?rest_route=%2Fwp%2Fv2%2Fcategories&post=3275"},{"taxonomy":"post_tag","embeddable":true,"href":"https:\/\/www.sportchaco.com.ar\/index.php?rest_route=%2Fwp%2Fv2%2Ftags&post=3275"}],"curies":[{"name":"wp","href":"https:\/\/api.w.org\/{rel}","templated":true}]}}