{"id":32779,"date":"2026-02-16T23:09:04","date_gmt":"2026-02-17T02:09:04","guid":{"rendered":"https:\/\/www.sportchaco.com.ar\/?p=32779"},"modified":"2026-02-17T14:18:13","modified_gmt":"2026-02-17T17:18:13","slug":"river-en-san-luis-sin-acuna","status":"publish","type":"post","link":"https:\/\/www.sportchaco.com.ar\/?p=32779","title":{"rendered":"River en San Luis sin Acu\u00f1a"},"content":{"rendered":"<div class=\"nota__heading\">\n<h5>\u00a016 de febrero de 2026<\/h5>\n<h5 class=\"nota__heading__title\">River lleg\u00f3 a San Luis con una baja de \u00faltimo momento. El Millonario fue recibido por una multitud en el lugar en el que debutar\u00e1 en la Copa Argentina. ACu\u00f1a no viaj\u00f3 con el plantel y es baja para este martes.<\/h5>\n<div class=\"nota__heading__author\">\n<p>&nbsp;<\/p>\n<\/div>\n<\/div>\n<div class=\"nota__main-media\">\n<div class=\"nota__image\"><img decoding=\"async\" src=\"https:\/\/www.elgrafico.com.ar\/media\/cache\/pub_news_details_large\/media\/i\/3a\/2a\/3a2aa71136619a2d4858c78d956d9d81cdde291c.jpg\" \/><\/div>\n<div class=\"nota__main-media__legend\"><\/div>\n<\/div>\n<div class=\"nota__body\">\n<div class=\"container\">\n<div class=\"row\">\n<div class=\"eg-grid eg-grid--content\">\n<div class=\"eg-cell__1-1\">\n<div class=\"col-xs-24 col-sm-4 eg-social eg-social--vert\">\n<div class=\"addthis_sharing_toolbox nota_body_social\"><\/div>\n<\/div>\n<\/div>\n<div class=\"eg-cell__2-1\">\n<p><strong><a href=\"https:\/\/www.elgrafico.com.ar\/etiqueta\/river\" target=\"_blank\" rel=\"noopener\">R<span style=\"color: #000000;\">IVER<\/span><\/a><span style=\"color: #000000;\">\u00a0aterriz\u00f3 en San Luis<\/span><\/strong><span style=\"color: #000000;\">\u00a0esta noche de cara al\u00a0<strong>debut de ma\u00f1ana en la\u00a0<a style=\"color: #000000;\" href=\"https:\/\/www.elgrafico.com.ar\/categoria\/1054\/copa-argentina\" target=\"_blank\" rel=\"noopener\">Copa Argentina<\/a><\/strong>\u00a0frente a\u00a0<strong><a style=\"color: #000000;\" href=\"https:\/\/www.elgrafico.com.ar\/etiqueta\/Ciudad%20de%20Bol%C3%ADvar\" target=\"_blank\" rel=\"noopener\">Ciudad de Bolivar<\/a>.<\/strong><\/span><\/p>\n<p><span style=\"color: #000000;\">El Millonario caus\u00f3 furor en su arribo a Villa Mercedes y fue recibido por una multitud que ti\u00f1\u00f3 el cielo de rojo y blanco y se mostr\u00f3 cerca de sus \u00eddolos.<\/span><\/p>\n<p>&nbsp;<\/p>\n<div class=\"twitter-tweet twitter-tweet-rendered\"><\/div>\n<p>&nbsp;<\/p>\n<p><span style=\"color: #000000;\"><strong>Marcelo Gallardo fue uno de los m\u00e1s aclamados por la gente<\/strong>\u00a0y el t\u00e9cnico se acerc\u00f3 con mucha amabilidad a darle la mano a algunos hinchas.<\/span><\/p>\n<p><span style=\"color: #000000;\">El que\u00a0<strong>no se subi\u00f3 al avi\u00f3n con el resto de la delegaci\u00f3n fue\u00a0<a style=\"color: #000000;\" href=\"https:\/\/www.elgrafico.com.ar\/etiqueta\/marcos%20acu%C3%B1a\" target=\"_blank\" rel=\"noopener\">Marcos Acu\u00f1a<\/a><\/strong>, que padece un cuadro febril y qued\u00f3 descartado para el duelo de este martes a las 22.<\/span><\/p>\n<p>&nbsp;<\/p>\n<div class=\"twitter-tweet twitter-tweet-rendered\"><img loading=\"lazy\" decoding=\"async\" class=\"alignnone size-medium wp-image-32603\" src=\"https:\/\/www.sportchaco.com.ar\/wp-content\/uploads\/2026\/02\/Ahorros-de-Verano-BANNERS-WEB_120x200-copia-3-1-180x300.gif\" alt=\"\" width=\"180\" height=\"300\" \/> <img loading=\"lazy\" decoding=\"async\" class=\"alignnone size-full wp-image-32610\" src=\"https:\/\/www.sportchaco.com.ar\/wp-content\/uploads\/2026\/02\/Agua-Segura_250x250-09-1.gif\" alt=\"\" width=\"300\" height=\"300\" \/><\/div>\n<p>&nbsp;<\/p>\n<p><span style=\"color: #000000;\">Mat\u00edas Vi\u00f1a se perfila para ocupar el lugar que dejar\u00e1 libre el Huevo. El Mu\u00f1eco a\u00fan no arriesgar\u00e1 a Franco Armani pero pondr\u00e1 toda la carne al asador para evitar sorpresas contra el equipo que ascendi\u00f3 recientemente a la Primera Nacional.<\/span><\/p>\n<p>&nbsp;<\/p>\n<h2 class=\"nota__inner-title\"><span style=\"color: #000000;\">EL PROBABLE EQUIPO DE RIVER vs. CIUDAD DE BOL\u00cdVAR:<\/span><\/h2>\n<p>&nbsp;<\/p>\n<p><span style=\"color: #000000;\">Beltr\u00e1n; Montiel, Mart\u00ednez Quarta,\u00a0<strong>Rivero o P. D\u00edaz<\/strong>, Vi\u00f1a; Vera,\u00a0<strong>Moreno o Casta\u00f1o<\/strong>, Galv\u00e1<\/span>n; Quintero;\u00a0<strong>Ruberto o Salas<\/strong>\u00a0y\u00a0<strong>Colidio o Salas. Fuente El Gr\u00e1fico<\/strong><\/p>\n<\/div>\n<\/div>\n<\/div>\n<\/div>\n<\/div>\n","protected":false},"excerpt":{"rendered":"<p>\u00a016 de febrero de 2026 River lleg\u00f3 a San Luis con una baja de \u00faltimo momento. El Millonario fue recibido por una multitud en el lugar en el que debutar\u00e1 en la Copa Argentina. ACu\u00f1a no viaj\u00f3 con el plantel y es baja para este martes. &nbsp; RIVER\u00a0aterriz\u00f3 en San Luis\u00a0esta noche de cara al\u00a0debut &hellip;<\/p>\n","protected":false},"author":2,"featured_media":32780,"comment_status":"open","ping_status":"open","sticky":false,"template":"","format":"standard","meta":{"footnotes":""},"categories":[47],"tags":[],"class_list":["post-32779","post","type-post","status-publish","format-standard","has-post-thumbnail","hentry","category-nacionales"],"_links":{"self":[{"href":"https:\/\/www.sportchaco.com.ar\/index.php?rest_route=\/wp\/v2\/posts\/32779","targetHints":{"allow":["GET"]}}],"collection":[{"href":"https:\/\/www.sportchaco.com.ar\/index.php?rest_route=\/wp\/v2\/posts"}],"about":[{"href":"https:\/\/www.sportchaco.com.ar\/index.php?rest_route=\/wp\/v2\/types\/post"}],"author":[{"embeddable":true,"href":"https:\/\/www.sportchaco.com.ar\/index.php?rest_route=\/wp\/v2\/users\/2"}],"replies":[{"embeddable":true,"href":"https:\/\/www.sportchaco.com.ar\/index.php?rest_route=%2Fwp%2Fv2%2Fcomments&post=32779"}],"version-history":[{"count":2,"href":"https:\/\/www.sportchaco.com.ar\/index.php?rest_route=\/wp\/v2\/posts\/32779\/revisions"}],"predecessor-version":[{"id":32788,"href":"https:\/\/www.sportchaco.com.ar\/index.php?rest_route=\/wp\/v2\/posts\/32779\/revisions\/32788"}],"wp:featuredmedia":[{"embeddable":true,"href":"https:\/\/www.sportchaco.com.ar\/index.php?rest_route=\/wp\/v2\/media\/32780"}],"wp:attachment":[{"href":"https:\/\/www.sportchaco.com.ar\/index.php?rest_route=%2Fwp%2Fv2%2Fmedia&parent=32779"}],"wp:term":[{"taxonomy":"category","embeddable":true,"href":"https:\/\/www.sportchaco.com.ar\/index.php?rest_route=%2Fwp%2Fv2%2Fcategories&post=32779"},{"taxonomy":"post_tag","embeddable":true,"href":"https:\/\/www.sportchaco.com.ar\/index.php?rest_route=%2Fwp%2Fv2%2Ftags&post=32779"}],"curies":[{"name":"wp","href":"https:\/\/api.w.org\/{rel}","templated":true}]}}