{"id":32812,"date":"2026-02-18T11:38:34","date_gmt":"2026-02-18T14:38:34","guid":{"rendered":"https:\/\/www.sportchaco.com.ar\/?p=32812"},"modified":"2026-02-18T11:42:26","modified_gmt":"2026-02-18T14:42:26","slug":"julian-pocho-ramirez-el-hombre-que-hizo-del-basquet-una-causa-colectiva","status":"publish","type":"post","link":"https:\/\/www.sportchaco.com.ar\/?p=32812","title":{"rendered":"Juli\u00e1n \u201cPocho\u201d Ram\u00edrez, el hombre que hizo del b\u00e1squet una causa colectiva"},"content":{"rendered":"<h2 data-start=\"0\" data-end=\"77\">Juli\u00e1n \u201cPocho\u201d Ram\u00edrez, el hombre que hizo del b\u00e1squet una causa colectiva<\/h2>\n<p data-start=\"79\" data-end=\"462\">Puerto Tirol amaneci\u00f3 m\u00e1s silencioso el 26 de enero de 2026. A los 85 a\u00f1os falleci\u00f3 en Resistencia <strong data-start=\"178\" data-end=\"204\">Juli\u00e1n \u201cPocho\u201d Ram\u00edrez<\/strong>, nacido el 29 de enero de 1940, y con \u00e9l se fue una parte entra\u00f1able de la historia deportiva y social de la localidad industrial. Pero su nombre \u2014ligado para siempre al Club Tiro Federal\u2014 seguir\u00e1 rebotando como una pelota naranja en cada rinc\u00f3n del pueblo.<\/p>\n<p data-start=\"464\" data-end=\"970\">Pocho fue jugador, entrenador y dirigente. Fue, sobre todo, un constructor. De clubes, de equipos, de generaciones. En el legendario Tiro Federal \u201cGobernador E. Luzuriaga\u201d dej\u00f3 su huella en cada etapa: defendi\u00f3 la camiseta como jugador, condujo como t\u00e9cnico y sostuvo como presidente los destinos de la instituci\u00f3n. En 1973 integr\u00f3 el plantel que logr\u00f3 el ascenso en la Asociaci\u00f3n de B\u00e1squet de Resistencia (ABR), una conquista que a\u00fan hoy se recuerda como una de las p\u00e1ginas doradas del deporte tirolense.<\/p>\n<p data-start=\"972\" data-end=\"1380\">Aquellos a\u00f1os setenta ten\u00edan algo especial. El Tiro Federal recorr\u00eda el interior chaque\u00f1o \u2014Makall\u00e9, La Escondida, Quitilipi, S\u00e1enz Pe\u00f1a, Las Bre\u00f1as, Pinedo\u2014 llevando el b\u00e1squet como bandera. A Las Bre\u00f1as y Pinedo viajaban junto a Independiente Tirol, que trasladaba el f\u00fatbol. Las canchas se llenaban. No hab\u00eda televisi\u00f3n en la regi\u00f3n y el espect\u00e1culo era el deporte mismo: comunidad, encuentro, pertenencia.<\/p>\n<p data-start=\"972\" data-end=\"1380\"><img loading=\"lazy\" decoding=\"async\" class=\"alignnone size-medium wp-image-32822 aligncenter\" src=\"https:\/\/www.sportchaco.com.ar\/wp-content\/uploads\/2026\/02\/Ramire-Julian-300x192.webp\" alt=\"\" width=\"300\" height=\"192\" srcset=\"https:\/\/www.sportchaco.com.ar\/wp-content\/uploads\/2026\/02\/Ramire-Julian-300x192.webp 300w, https:\/\/www.sportchaco.com.ar\/wp-content\/uploads\/2026\/02\/Ramire-Julian-768x492.webp 768w, https:\/\/www.sportchaco.com.ar\/wp-content\/uploads\/2026\/02\/Ramire-Julian.webp 790w\" sizes=\"auto, (max-width: 300px) 100vw, 300px\" \/><\/p>\n<p data-start=\"1382\" data-end=\"1662\">Como entrenador de divisiones formativas, Pocho se coron\u00f3 campe\u00f3n en mini b\u00e1squet en torneos organizados por la Federaci\u00f3n Chaque\u00f1a, y tambi\u00e9n condujo infantiles y cadetes. Entend\u00eda que el futuro del club estaba en los chicos. Su obsesi\u00f3n era que ning\u00fan pibe se quedara sin jugar.<\/p>\n<p data-start=\"1664\" data-end=\"2194\">Hay historias que explican una vida mejor que cualquier discurso. La noche en que el Tiro deb\u00eda enfrentar a Don Orione en Barranqueras, con chances concretas de ascender a Primera \u201cA\u201d, el plantel estaba diezmado. Pocho invit\u00f3 a jugar a \u201cUbi\u201d Ram\u00edrez, reci\u00e9n llegado de Buenos Aires. \u201cNo tengo zapatillas\u201d, le dijo. \u201cJug\u00e1 con mis botas de trabajo\u201d, respondi\u00f3 Pocho. Ubi acept\u00f3, fue figura y el Tiro logr\u00f3 el primer ascenso de su historia. Esa escena resume su car\u00e1cter: generoso, pr\u00e1ctico, decidido a no dejar pasar la oportunidad.<\/p>\n<p data-start=\"1664\" data-end=\"2194\"><img decoding=\"async\" src=\"https:\/\/www.sportchaco.com.ar\/wp-content\/uploads\/2026\/02\/Tiro-Fedral-1973-reciclada.png\" \/><\/p>\n<p><em><strong>Campeones de la Primera \u00abB\u00bb, a\u00f1o 1973:Parados: Romero, Ram\u00edrez, Lind, Alfonzo, Oviedo, Motter. Hincados: Alfonzo, Rivero, Villarreal, Dellamea, Ram\u00edrez<\/strong><\/em><\/p>\n<p data-start=\"2196\" data-end=\"2605\">Su vida no se limit\u00f3 al deporte. Fue Granadero en su servicio militar, ingres\u00f3 a los 15 a\u00f1os como cadete en la empresa Unit\u00e1n \u2014que tanto apoy\u00f3 a los inicios del club\u2014 y trabaj\u00f3 durante dos d\u00e9cadas en el diario NORTE, donde se desempe\u00f1\u00f3 en el \u00e1rea de mantenimiento con profesionalismo y compromiso. Sus compa\u00f1eros lo recuerdan por su calidez, su responsabilidad y esa forma sencilla de estar siempre dispuesto.<\/p>\n<p data-start=\"2196\" data-end=\"2605\"><img loading=\"lazy\" decoding=\"async\" class=\"alignnone size-medium wp-image-32818 aligncenter\" src=\"https:\/\/www.sportchaco.com.ar\/wp-content\/uploads\/2026\/02\/Tiro-federal-parada-200x300.png\" alt=\"\" width=\"200\" height=\"300\" srcset=\"https:\/\/www.sportchaco.com.ar\/wp-content\/uploads\/2026\/02\/Tiro-federal-parada-200x300.png 200w, https:\/\/www.sportchaco.com.ar\/wp-content\/uploads\/2026\/02\/Tiro-federal-parada-683x1024.png 683w, https:\/\/www.sportchaco.com.ar\/wp-content\/uploads\/2026\/02\/Tiro-federal-parada-768x1152.png 768w, https:\/\/www.sportchaco.com.ar\/wp-content\/uploads\/2026\/02\/Tiro-federal-parada.png 1024w\" sizes=\"auto, (max-width: 200px) 100vw, 200px\" \/><\/p>\n<p data-start=\"2607\" data-end=\"2909\">La comunidad de Puerto Tirol lo despidi\u00f3 como se despide a los imprescindibles: con gratitud. Porque Pocho no s\u00f3lo condujo equipos; form\u00f3 personas. No s\u00f3lo gestion\u00f3 un club; sostuvo un espacio de contenci\u00f3n y sue\u00f1os. No s\u00f3lo busc\u00f3 ascensos deportivos; promovi\u00f3 el ascenso humano de varias generaciones.<\/p>\n<p data-start=\"2911\" data-end=\"3143\">Se fue a pocos d\u00edas de cumplir 86 a\u00f1os. Tal vez el destino quiso que partiera con el calendario a punto de marcar su fecha. Pero su cumplea\u00f1os seguir\u00e1 siendo, para muchos, una jornada de memoria y an\u00e9cdotas en el club que tanto am\u00f3.<\/p>\n<p data-start=\"3145\" data-end=\"3352\" data-is-last-node=\"\" data-is-only-node=\"\">Juli\u00e1n \u201cPocho\u201d Ram\u00edrez deja el legado de quienes entienden que el deporte es m\u00e1s que competencia: es comunidad, esfuerzo compartido y esperanza. En cada pelota que pique en el Tiro Federal, habr\u00e1 algo de \u00e9l.<\/p>\n<p data-start=\"3145\" data-end=\"3352\" data-is-last-node=\"\" data-is-only-node=\"\"><strong>Fuente: \u00abTirol y su inquebrantable amor por el deporte deJavier C\u00e9sar Pav\u00f3n. Producci\u00f3n Luis Dar\u00edo Molodezky<\/strong><\/p>\n<p style=\"text-align: center;\" data-start=\"3145\" data-end=\"3352\" data-is-last-node=\"\" data-is-only-node=\"\">\u00a0<img loading=\"lazy\" decoding=\"async\" class=\"alignnone size-medium wp-image-32603\" src=\"https:\/\/www.sportchaco.com.ar\/wp-content\/uploads\/2026\/02\/Ahorros-de-Verano-BANNERS-WEB_120x200-copia-3-1-180x300.gif\" alt=\"\" width=\"180\" height=\"300\" \/> <img loading=\"lazy\" decoding=\"async\" class=\"alignnone size-medium wp-image-32601\" src=\"https:\/\/www.sportchaco.com.ar\/wp-content\/uploads\/2026\/02\/BANNER-WEB-MOSQUITOS-SALUD_120x200-01-1-180x300.gif\" alt=\"\" width=\"180\" height=\"300\" \/><\/p>\n","protected":false},"excerpt":{"rendered":"<p>Juli\u00e1n \u201cPocho\u201d Ram\u00edrez, el hombre que hizo del b\u00e1squet una causa colectiva Puerto Tirol amaneci\u00f3 m\u00e1s silencioso el 26 de enero de 2026. A los 85 a\u00f1os falleci\u00f3 en Resistencia Juli\u00e1n \u201cPocho\u201d Ram\u00edrez, nacido el 29 de enero de 1940, y con \u00e9l se fue una parte entra\u00f1able de la historia deportiva y social de &hellip;<\/p>\n","protected":false},"author":2,"featured_media":32820,"comment_status":"open","ping_status":"open","sticky":false,"template":"","format":"standard","meta":{"footnotes":""},"categories":[78,44],"tags":[],"class_list":["post-32812","post","type-post","status-publish","format-standard","has-post-thumbnail","hentry","category-historias","category-varios"],"_links":{"self":[{"href":"https:\/\/www.sportchaco.com.ar\/index.php?rest_route=\/wp\/v2\/posts\/32812","targetHints":{"allow":["GET"]}}],"collection":[{"href":"https:\/\/www.sportchaco.com.ar\/index.php?rest_route=\/wp\/v2\/posts"}],"about":[{"href":"https:\/\/www.sportchaco.com.ar\/index.php?rest_route=\/wp\/v2\/types\/post"}],"author":[{"embeddable":true,"href":"https:\/\/www.sportchaco.com.ar\/index.php?rest_route=\/wp\/v2\/users\/2"}],"replies":[{"embeddable":true,"href":"https:\/\/www.sportchaco.com.ar\/index.php?rest_route=%2Fwp%2Fv2%2Fcomments&post=32812"}],"version-history":[{"count":4,"href":"https:\/\/www.sportchaco.com.ar\/index.php?rest_route=\/wp\/v2\/posts\/32812\/revisions"}],"predecessor-version":[{"id":32823,"href":"https:\/\/www.sportchaco.com.ar\/index.php?rest_route=\/wp\/v2\/posts\/32812\/revisions\/32823"}],"wp:featuredmedia":[{"embeddable":true,"href":"https:\/\/www.sportchaco.com.ar\/index.php?rest_route=\/wp\/v2\/media\/32820"}],"wp:attachment":[{"href":"https:\/\/www.sportchaco.com.ar\/index.php?rest_route=%2Fwp%2Fv2%2Fmedia&parent=32812"}],"wp:term":[{"taxonomy":"category","embeddable":true,"href":"https:\/\/www.sportchaco.com.ar\/index.php?rest_route=%2Fwp%2Fv2%2Fcategories&post=32812"},{"taxonomy":"post_tag","embeddable":true,"href":"https:\/\/www.sportchaco.com.ar\/index.php?rest_route=%2Fwp%2Fv2%2Ftags&post=32812"}],"curies":[{"name":"wp","href":"https:\/\/api.w.org\/{rel}","templated":true}]}}