{"id":32852,"date":"2026-02-19T23:14:55","date_gmt":"2026-02-20T02:14:55","guid":{"rendered":"https:\/\/www.sportchaco.com.ar\/?p=32852"},"modified":"2026-02-20T10:36:15","modified_gmt":"2026-02-20T13:36:15","slug":"efemerides-del-20-de-febrero-2","status":"publish","type":"post","link":"https:\/\/www.sportchaco.com.ar\/?p=32852","title":{"rendered":"Efem\u00e9rides del 20 de febrero"},"content":{"rendered":"<div class=\"container fullwidth-entry-title-wrapper\">\n<div class=\"container-wrapper fullwidth-entry-title\">\n<header class=\"entry-header-outer\">\n<div class=\"entry-header\"><\/div>\n<\/header>\n<\/div>\n<\/div>\n<div id=\"content\" class=\"site-content container\">\n<div id=\"main-content-row\" class=\"tie-row main-content-row\">\n<div class=\"main-content tie-col-md-8 tie-col-xs-12\" role=\"main\">\n<article id=\"the-post\" class=\"container-wrapper post-content tie-standard\">\n<div class=\"entry-content entry clearfix\">\n<div class=\"container fullwidth-entry-title-wrapper\">\n<div class=\"container-wrapper fullwidth-entry-title\">\n<header class=\"entry-header-outer\">\n<div class=\"entry-header\">\n<h1 class=\"post-title entry-title\"><\/h1>\n<div class=\"single-post-meta post-meta clearfix\"><\/div>\n<\/div>\n<\/header>\n<\/div>\n<\/div>\n<div id=\"content\" class=\"site-content container\">\n<div id=\"main-content-row\" class=\"tie-row main-content-row\">\n<div class=\"main-content tie-col-md-8 tie-col-xs-12\" role=\"main\">\n<article id=\"the-post\" class=\"container-wrapper post-content tie-standard\">\n<div class=\"featured-area\">\n<h5 class=\"featured-area-inner\"><\/h5>\n<\/div>\n<div class=\"entry-content entry clearfix\">\n<h5><strong>Esta es la Efem\u00e9rides del Deporte en el Chaco de un 20 de febrero del periodista Luis Dar\u00edo Molodezky.<\/strong><\/h5>\n<p>&nbsp;<\/p>\n<p style=\"text-align: center;\"><strong><img loading=\"lazy\" decoding=\"async\" class=\"alignnone size-full wp-image-32753\" src=\"https:\/\/www.sportchaco.com.ar\/wp-content\/uploads\/2026\/02\/Luis-Dario-Molodezky-2025-1-1.jpg\" alt=\"\" width=\"176\" height=\"194\" \/>Luis Dar\u00edo Molodezky<\/strong><\/p>\n<p><strong>1958 \/<\/strong>\u00a0Nace en Villa Angela Ra\u00fal Gerardo Bittel, promotor de Instituto del Deporte Chaque\u00f1o, donde fue su primer presidente. Jugador de ajedrez fue presidente de la Federaci\u00f3n Chaque\u00f1a durante muchos a\u00f1os y vicepresidente de la Confederaci\u00f3n Argentina en 1995 y 2014. Director del Campeonato Argentino x por Equipos Chapalmalal 1985, Arbitro Internacional, en los Mundiales Mendoza x Equipos 1985 (Organizaci\u00f3n), Campeonato Mundial Juvenil 1992 (Arbitro y Organizaci\u00f3n), Campeonato Mundial por Equipos Sub 26 en S\u00e1enz Pe\u00f1a 1997 (director), Organizador del Campeonato Mundial de V\u00f3ley Sub 19 en el 2015. Director de los Campeonatos Argentinos de Mayores 1995 y 1996. Presidente de las delegaciones argentinas a los Campeonatos Panamericanos Juveniles de Ajedrez en Brasil 1995,96 y 97. Primer presidente del Instituto del Deporte Chaque\u00f1o.<\/p>\n<p>&nbsp;<\/p>\n<p><strong>1979\u00a0<\/strong>\/ Oscar \u00c1ngel Palavecino regres\u00f3 al pa\u00eds, para jugar en Instituto de C\u00f3rdoba, luego de pasar por For Ever, Independiente Rivadavia de Mendoza y Rosario Central en el f\u00fatbol argentino. Debut\u00f3 con el gol de la victoria en el inicio del torneo frente a Independiente, donde ganaron los cordobeses 2 a 1.<\/p>\n<p><strong>1980 \/<\/strong>\u00a0Fallece Aldo Astori, en ejercicio de la presidencia del Club N\u00e1utico Barranqueras. Defensor del rio y la naturaleza. Fue un impulsor de las pescas nacionales del dorado en Paso de la Patria e Isla del Cerrito. Integrante del Club Los Bagres, una agrupaci\u00f3n que hizo culto de la amistad. De s\u00f3lida formaci\u00f3n conservacionista, pon\u00eda todo su empe\u00f1o para defender el r\u00edo y la naturaleza, transmitiendo los conocimientos a ni\u00f1os y familias.<\/p>\n<p><img loading=\"lazy\" decoding=\"async\" class=\"aligncenter\" src=\"https:\/\/www.sportchaco.com.ar\/wp-content\/uploads\/2026\/02\/Aldo-astori-web.jpg\" width=\"388\" height=\"616\" \/><\/p>\n<p><strong>1983\u00a0<\/strong>\/ Chaco For Ever logra clasificarse nuevamente para un torneo Nacional. En el cotejo decisivo vence a Guaran\u00ed por 3 a 1, luego de perder en la ida por 1 a 0. Los goles fueron marcados Jos\u00e9 N\u00e9stor Mart\u00ednez en dos oportunidades y Ram\u00f3n Barrientos. El equipo fue dirigido por Alfredo Obberti. La campa\u00f1a fue con Deportivo Uni\u00f3n 1 a 1 en S\u00e1enz Pe\u00f1a y 2-0 en Resistencia; frente a Alvear 1 a 0 de local y 4 a 0 de visitante; Cooperativista 4-2 de local y 1-1 de visitante; frente a Estrada de Formosa de visitante y 2-0 de local.<\/p>\n<p>&nbsp;<\/p>\n<p>&nbsp;<\/p>\n<h3>Foto portada de Ra\u00fal Gerardo Bittel<\/h3>\n<\/div>\n<\/article>\n<\/div>\n<\/div>\n<\/div>\n<\/div>\n<\/article>\n<\/div>\n<\/div>\n<\/div>\n","protected":false},"excerpt":{"rendered":"<p>Esta es la Efem\u00e9rides del Deporte en el Chaco de un 20 de febrero del periodista Luis Dar\u00edo Molodezky. &nbsp; Luis Dar\u00edo Molodezky 1958 \/\u00a0Nace en Villa Angela Ra\u00fal Gerardo Bittel, promotor de Instituto del Deporte Chaque\u00f1o, donde fue su primer presidente. Jugador de ajedrez fue presidente de la Federaci\u00f3n Chaque\u00f1a durante muchos a\u00f1os y &hellip;<\/p>\n","protected":false},"author":2,"featured_media":32854,"comment_status":"open","ping_status":"open","sticky":false,"template":"","format":"standard","meta":{"footnotes":""},"categories":[45,32],"tags":[],"class_list":["post-32852","post","type-post","status-publish","format-standard","has-post-thumbnail","hentry","category-efemerides-dia-por-dia","category-febrero"],"_links":{"self":[{"href":"https:\/\/www.sportchaco.com.ar\/index.php?rest_route=\/wp\/v2\/posts\/32852","targetHints":{"allow":["GET"]}}],"collection":[{"href":"https:\/\/www.sportchaco.com.ar\/index.php?rest_route=\/wp\/v2\/posts"}],"about":[{"href":"https:\/\/www.sportchaco.com.ar\/index.php?rest_route=\/wp\/v2\/types\/post"}],"author":[{"embeddable":true,"href":"https:\/\/www.sportchaco.com.ar\/index.php?rest_route=\/wp\/v2\/users\/2"}],"replies":[{"embeddable":true,"href":"https:\/\/www.sportchaco.com.ar\/index.php?rest_route=%2Fwp%2Fv2%2Fcomments&post=32852"}],"version-history":[{"count":3,"href":"https:\/\/www.sportchaco.com.ar\/index.php?rest_route=\/wp\/v2\/posts\/32852\/revisions"}],"predecessor-version":[{"id":32887,"href":"https:\/\/www.sportchaco.com.ar\/index.php?rest_route=\/wp\/v2\/posts\/32852\/revisions\/32887"}],"wp:featuredmedia":[{"embeddable":true,"href":"https:\/\/www.sportchaco.com.ar\/index.php?rest_route=\/wp\/v2\/media\/32854"}],"wp:attachment":[{"href":"https:\/\/www.sportchaco.com.ar\/index.php?rest_route=%2Fwp%2Fv2%2Fmedia&parent=32852"}],"wp:term":[{"taxonomy":"category","embeddable":true,"href":"https:\/\/www.sportchaco.com.ar\/index.php?rest_route=%2Fwp%2Fv2%2Fcategories&post=32852"},{"taxonomy":"post_tag","embeddable":true,"href":"https:\/\/www.sportchaco.com.ar\/index.php?rest_route=%2Fwp%2Fv2%2Ftags&post=32852"}],"curies":[{"name":"wp","href":"https:\/\/api.w.org\/{rel}","templated":true}]}}