{"id":3287,"date":"2023-11-30T10:15:05","date_gmt":"2023-11-30T13:15:05","guid":{"rendered":"https:\/\/www.sportchaco.com.ar\/?p=3287"},"modified":"2023-11-30T10:17:30","modified_gmt":"2023-11-30T13:17:30","slug":"ncolas-paz-mrco-su-primer-gol-en-real-madrid","status":"publish","type":"post","link":"https:\/\/www.sportchaco.com.ar\/?p=3287","title":{"rendered":"Nicolas Paz marc\u00f3 su primer gol en Real Madrid"},"content":{"rendered":"<div id=\"div_cuerpo\" class=\"content cable-content\"><strong>El mediocampista hispano-argentino Nicol\u00e1s Paz se consider\u00f3 hoy \u00abmuy feliz\u00bb despu\u00e9s de convertir su primer gol en Real Madrid y en la Liga de Campeones de Europa, en el triunfo 4-2 ante Napoli, por la 5ta. fecha del grupo C.<\/strong><\/div>\n<div><\/div>\n<div class=\"content cable-content\">\n<p>\u00abEstoy muy feliz, esto es un sue\u00f1o. Por momentos ni me lo cre\u00eda. Feliz de poder ayudar al equipo\u00bb, dijo Paz en declaraciones a la prensa oficial de Champions.<\/p>\n<p>Paz, de 19 a\u00f1os, naci\u00f3 en Tenerife y es hijo del exdefensor argentino Pablo Paz, quien jug\u00f3 en Newell&#8217;s y en el seleccionado argentino. El joven volante ya fue citado por Lionel Scaloni en las \u00faltimas fechas de las Eliminatorias Sudamericanas 2022.<\/p>\n<p>Carlo \u00abAncelotti me felicit\u00f3, todo el plantel me felicit\u00f3. Es un grupo incre\u00edble y les agradezco a todos. Tenemos una de las mejores academias del mundo en Real Madrid, sino la mejor, y es un mensaje para los canteranos, que todo es posible\u00bb, indic\u00f3 Paz.<\/p>\n<p>Con el tanto de hoy, Paz se convirti\u00f3 en el segundo argentino m\u00e1s joven en convertir un gol con 19 a\u00f1os y 2 meses. Super\u00f3 a Alejandro Garnacho (19 a\u00f1os y 4 meses) y qued\u00f3 detr\u00e1s del crack rosarino Lionel Messi (18 a\u00f1os y 4 meses).<\/p>\n<p>Por su parte, el italiano Carlo Ancelotti, el entrenador que hizo debutar a Paz en Real Madrid, se refiri\u00f3 al joven hispano-argentino: \u00abNico Paz es un talento, un joven de la cantera que est\u00e1 trabajando con nosotros. Ha marcado un gol importante para \u00e9l y tambi\u00e9n para nosotros\u00bb.<\/p>\n<\/div>\n<div>\n<p id=\"titulo_cable\" class=\"title\">Garnacho marc\u00f3 un gol en el empate del United, que qued\u00f3 complicado para la clasificaci\u00f3n<\/p>\n<div id=\"div_cuerpo\" class=\"content cable-content\">\n<p>El delantero hispano-argentino Alejandro Garnacho marc\u00f3 hoy un gol en el empate de Manchester United ante Galatasaray, por 3 a 3, en la quinta fecha del grupo A de la Liga de Campeones de Europa, que lo complic\u00f3 de cara a la clasificaci\u00f3n a los octavos de final.<\/p>\n<p>Garnacho abri\u00f3 el marcador a los 11 minutos de juego para el United, que adem\u00e1s tuvo como goleadores al portugu\u00e9s Bruno Fernandes (PT 18m) y al escoc\u00e9s Scott McTominay (ST 10m).<\/p>\n<p>Galatasaray, con el delantero Mauro Icardi desde el inicio, convirti\u00f3 a trav\u00e9s del neerland\u00e9s nacionalizado marroqu\u00ed Hakim Ziyech (PT 29m y ST 17m) y el turco Kerem Akturkoglu (ST 26m) en el Rams Global Stadium de Estambul.<\/p>\n<p>Con este resultado, United prosigue en el \u00faltimo puesto del grupo, con 4 puntos, mientras que Galatasaray (5) es escolta del ya clasificado Bayern Munich (13).<\/p>\n<p>Por el grupo C, el juvenil Nicol\u00e1s Paz aport\u00f3 un gol para el triunfo para del l\u00edder Real Madrid ante Napoli, por 4 a 2, en el m\u00edtico Santiago Bernab\u00e9u. El joven goleador del Madrid, hijo del ex futbolista Pablo Paz y que recibi\u00f3 la convocatoria al seleccionado argentino en las Eliminatorias Sudamericanas 2022, ingres\u00f3 a los 20 minutos del segundo tiempo y marc\u00f3 a falta de 6 minutos para su primer gol para en el club \u00abmerengue\u00bb y en Champions.<\/p>\n<p>Napoli se puso en ventaja a trav\u00e9s del hijo del \u00abCholo\u00bb, Giovanni Simeone (PT 9m) y el Madrid lo revirti\u00f3 a trav\u00e9s del brasile\u00f1o Rodrygo (PT 11m) y el ingl\u00e9s Jude Bellingham (PT 22m). El espa\u00f1ol Joselu (ST 45+4m) aport\u00f3 el cuarto grito del m\u00e1ximo ganador de la Champions.<\/p>\n<p>En el grupo B, Sevilla, con el campe\u00f3n del mundo Marcos Acu\u00f1a y Lucas Ocampos de titulares, perdi\u00f3 con PSV por 3 a 2 y se qued\u00f3 sin chances de pasar a la siguiente fase.<\/p>\n<p>El equipo sevillano, \u00faltimo en su zona con 2 puntos, no pudo mantener la ventaja de dos goles y adem\u00e1s sufri\u00f3 la expulsi\u00f3n de Ocampos (ST 20m) y del brasile\u00f1o Fernando (ST 45+7m).<\/p>\n<p>En PSV fue titular el arquero Walter Ben\u00edtez, convocado en la \u00faltima doble fecha de Eliminatorias Sudamericanas 2026 para la Argentina.<\/p>\n<p>Por \u00faltimo, Benfica dej\u00f3 escapar una ventaja de tres goles a favor y empat\u00f3 con Inter, por 3 a 3, en el partido v\u00e1lido por el grupo D.<\/p>\n<p>En el equipo portugu\u00e9s fueron titulares los campeones del mundo de Argentina \u00c1ngel Di Mar\u00eda y Nicol\u00e1s Otamendi, mientras que Lautaro Mart\u00ednez, otro integrante del ganador de Qatar 2022, ingres\u00f3 a falta de 12 minutos en Inter.<\/p>\n<p>Con este resultado, Benfica sum\u00f3 su primer punto y qued\u00f3 muy comprometido para pelear por el ingreso a la pr\u00f3xima Liga de Europa.<\/p>\n<p>La jornada de hoy se complet\u00f3 con:<\/p>\n<p>Grupo A: Bayern Munich 0-Copenhague 0.<\/p>\n<p>Grupo B: Arsenal 6-Lens 0.<\/p>\n<p>Grupo C: Braga 1-Union Berlin 1.<\/p>\n<p>Grupo D: Real Sociedad 0-Salzburgo 0.<\/p>\n<p>-Posiciones-<\/p>\n<p>Grupo A: Bayern Munich 13 puntos; Copenhague y Galatasaray 5; y M. United 4.<\/p>\n<p>Grupo B: Arsenal 12 puntos; PSV 8; Lens 5; Sevilla 2.<\/p>\n<p>Grupo C: Real Madrid 15 puntos; Napoli 7; Braga 4; Union Berlin 2.<\/p>\n<p>Grupo D: Real Sociedad e Inter 11 puntos; Salzburgo 4; Benfica 1.<\/p>\n<p>Grupo E: Atl\u00e9tico Madrid 11 puntos; Lazio 10; Feyenoord 6; Celtic 1.<\/p>\n<p>Grupo F: B. Dortmund 10 puntos; PSG 7; Newcastle y Milan 5.<\/p>\n<p>Grupo G: M. City 15 puntos; Leipzig 9; Young Boys 4; Estrella Roja 1.<\/p>\n<p>Grupo H: Barcelona 12 puntos; Porto y Shakhtar 9; Royal Antwerp 0.<\/p>\n<\/div>\n<div><\/div>\n<\/div>\n<div><strong>Foto de Nicol\u00e1s Paz, saludado por sus compa\u00f1eros tras conseguir su primer gol en Real Madrid<\/strong><\/div>\n","protected":false},"excerpt":{"rendered":"<p>El mediocampista hispano-argentino Nicol\u00e1s Paz se consider\u00f3 hoy \u00abmuy feliz\u00bb despu\u00e9s de convertir su primer gol en Real Madrid y en la Liga de Campeones de Europa, en el triunfo 4-2 ante Napoli, por la 5ta. fecha del grupo C. \u00abEstoy muy feliz, esto es un sue\u00f1o. Por momentos ni me lo cre\u00eda. Feliz de &hellip;<\/p>\n","protected":false},"author":2,"featured_media":3288,"comment_status":"open","ping_status":"open","sticky":false,"template":"","format":"standard","meta":{"footnotes":""},"categories":[6],"tags":[],"class_list":["post-3287","post","type-post","status-publish","format-standard","has-post-thumbnail","hentry","category-internacionales"],"_links":{"self":[{"href":"https:\/\/www.sportchaco.com.ar\/index.php?rest_route=\/wp\/v2\/posts\/3287","targetHints":{"allow":["GET"]}}],"collection":[{"href":"https:\/\/www.sportchaco.com.ar\/index.php?rest_route=\/wp\/v2\/posts"}],"about":[{"href":"https:\/\/www.sportchaco.com.ar\/index.php?rest_route=\/wp\/v2\/types\/post"}],"author":[{"embeddable":true,"href":"https:\/\/www.sportchaco.com.ar\/index.php?rest_route=\/wp\/v2\/users\/2"}],"replies":[{"embeddable":true,"href":"https:\/\/www.sportchaco.com.ar\/index.php?rest_route=%2Fwp%2Fv2%2Fcomments&post=3287"}],"version-history":[{"count":4,"href":"https:\/\/www.sportchaco.com.ar\/index.php?rest_route=\/wp\/v2\/posts\/3287\/revisions"}],"predecessor-version":[{"id":3293,"href":"https:\/\/www.sportchaco.com.ar\/index.php?rest_route=\/wp\/v2\/posts\/3287\/revisions\/3293"}],"wp:featuredmedia":[{"embeddable":true,"href":"https:\/\/www.sportchaco.com.ar\/index.php?rest_route=\/wp\/v2\/media\/3288"}],"wp:attachment":[{"href":"https:\/\/www.sportchaco.com.ar\/index.php?rest_route=%2Fwp%2Fv2%2Fmedia&parent=3287"}],"wp:term":[{"taxonomy":"category","embeddable":true,"href":"https:\/\/www.sportchaco.com.ar\/index.php?rest_route=%2Fwp%2Fv2%2Fcategories&post=3287"},{"taxonomy":"post_tag","embeddable":true,"href":"https:\/\/www.sportchaco.com.ar\/index.php?rest_route=%2Fwp%2Fv2%2Ftags&post=3287"}],"curies":[{"name":"wp","href":"https:\/\/api.w.org\/{rel}","templated":true}]}}