{"id":32878,"date":"2026-02-19T15:38:02","date_gmt":"2026-02-19T18:38:02","guid":{"rendered":"https:\/\/www.sportchaco.com.ar\/?p=32878"},"modified":"2026-02-19T15:38:02","modified_gmt":"2026-02-19T18:38:02","slug":"dos-arbitros-chaquenos-designados-para-la-liga-federal","status":"publish","type":"post","link":"https:\/\/www.sportchaco.com.ar\/?p=32878","title":{"rendered":"Dos \u00e1rbitros chaque\u00f1os designados para La Liga Federal"},"content":{"rendered":"<p><strong>19-02-2026<\/strong><\/p>\n<p><img loading=\"lazy\" decoding=\"async\" class=\"aligncenter size-large wp-image-20101\" src=\"https:\/\/www.sportchaco.com.ar\/wp-content\/uploads\/2025\/06\/320x50-1-1024x160.gif\" alt=\"\" width=\"1024\" height=\"160\" srcset=\"https:\/\/www.sportchaco.com.ar\/wp-content\/uploads\/2025\/06\/320x50-1-1024x160.gif 1024w, https:\/\/www.sportchaco.com.ar\/wp-content\/uploads\/2025\/06\/320x50-1-300x47.gif 300w, https:\/\/www.sportchaco.com.ar\/wp-content\/uploads\/2025\/06\/320x50-1-768x120.gif 768w\" sizes=\"auto, (max-width: 1024px) 100vw, 1024px\" \/><\/p>\n<p>La Federaci\u00f3n Chaque\u00f1a de B\u00e1squetbol informa con orgullo la designaci\u00f3n de los \u00e1rbitros Mart\u00edn Herr\u00e1ez y Manuel Monjes como nuevos integrantes del plantel arbitral de La Liga Federal para la temporada 2026.<\/p>\n<p>La confirmaci\u00f3n fue realizada por el Director de la Escuela de la Federaci\u00f3n Chaque\u00f1a, H\u00e9ctor Wasinger, quien destac\u00f3 \u201cel trabajo constante que se viene realizando en la formaci\u00f3n arbitral en la provincia, cuyos resultados hoy est\u00e1n a la vista con representantes chaque\u00f1os en competencias nacionales\u201d.<\/p>\n<p><strong>LOS \u00c1RBITROS<br \/>\n<\/strong>Mart\u00edn Herr\u00e1ez, de 24 a\u00f1os y oriundo de Resistencia, atraviesa un momento clave en su carrera tras dos temporadas en el Torneo Pre-Federal, donde en la \u00faltima edici\u00f3n alcanz\u00f3 a dirigir semifinales.<\/p>\n<p>\u201cLas sensaciones son las mejores, sin duda. Es una demostraci\u00f3n de que si uno se propone algo y trabaja en pos de conseguir ese objetivo, las oportunidades llegan y es ah\u00ed cuando uno tiene que estar preparado\u201d, expres\u00f3.<\/p>\n<p>Sobre el nuevo desaf\u00edo, agreg\u00f3: \u201cAhora toca esperar la primera designaci\u00f3n y trabajar para llegar f\u00edsica y mentalmente de la mejor manera. Como toda competencia nueva, el objetivo es adaptarse lo m\u00e1s r\u00e1pido posible, conocer a los jugadores, entrenadores y colegas. Ser\u00e1 una temporada de muchos aprendizajes y descubrimientos\u201d.<\/p>\n<figure class=\"wp-block-image size-full\"><a href=\"https:\/\/baskettotal.com.ar\/wp-content\/uploads\/2026\/02\/29385084-06b5-4a0b-90ed-5ef68f2d4334.jpg\"><img loading=\"lazy\" decoding=\"async\" class=\"lazy wp-image-30115 lazy-loaded aligncenter\" src=\"https:\/\/baskettotal.com.ar\/wp-content\/uploads\/2026\/02\/29385084-06b5-4a0b-90ed-5ef68f2d4334.jpg\" sizes=\"auto, (max-width: 585px) 100vw, 585px\" srcset=\"https:\/\/baskettotal.com.ar\/wp-content\/uploads\/2026\/02\/29385084-06b5-4a0b-90ed-5ef68f2d4334.jpg 585w, https:\/\/baskettotal.com.ar\/wp-content\/uploads\/2026\/02\/29385084-06b5-4a0b-90ed-5ef68f2d4334-225x300.jpg 225w\" alt=\"\" width=\"585\" height=\"780\" data-lazy-type=\"image\" data-lazy-src=\"https:\/\/baskettotal.com.ar\/wp-content\/uploads\/2026\/02\/29385084-06b5-4a0b-90ed-5ef68f2d4334.jpg\" data-lazy-srcset=\"https:\/\/baskettotal.com.ar\/wp-content\/uploads\/2026\/02\/29385084-06b5-4a0b-90ed-5ef68f2d4334.jpg 585w, https:\/\/baskettotal.com.ar\/wp-content\/uploads\/2026\/02\/29385084-06b5-4a0b-90ed-5ef68f2d4334-225x300.jpg 225w\" data-lazy-sizes=\"(max-width: 585px) 100vw, 585px\" \/><\/a><\/figure>\n<p>Por su parte, Manuel Monjes, de 24 a\u00f1os (nacido el 26 de marzo de 2001) y oriundo de Villa \u00c1ngela, tambi\u00e9n manifest\u00f3 su satisfacci\u00f3n por este logro profesional.<\/p>\n<p>\u201cMuy contento por este logro en lo personal y m\u00e1s que agradecido a las personas que hicieron esto posible. Es el fruto de cuatro a\u00f1os de trabajo y mucho esfuerzo\u201d, se\u00f1al\u00f3.<\/p>\n<p>Monjes viene desempe\u00f1\u00e1ndose en el \u00e1mbito asociativo y en el Torneo Pre-Federal de Mayores, donde en 2025 dirigi\u00f3 hasta semifinales. Respecto a sus metas, afirm\u00f3: \u201cTengo varios objetivos por delante en este Torneo Federal, pero el principal es poder hacer bien mi trabajo en cada partido para crecer y seguir avanzando\u201d.<\/p>\n<figure class=\"wp-block-image size-full\"><a href=\"https:\/\/baskettotal.com.ar\/wp-content\/uploads\/2026\/02\/e3457e7f-bafd-4fad-8747-e01f7a254c31.jpg\"><img loading=\"lazy\" decoding=\"async\" class=\"lazy wp-image-30116 lazy-loaded aligncenter\" src=\"https:\/\/baskettotal.com.ar\/wp-content\/uploads\/2026\/02\/e3457e7f-bafd-4fad-8747-e01f7a254c31.jpg\" sizes=\"auto, (max-width: 578px) 100vw, 578px\" srcset=\"https:\/\/baskettotal.com.ar\/wp-content\/uploads\/2026\/02\/e3457e7f-bafd-4fad-8747-e01f7a254c31.jpg 578w, https:\/\/baskettotal.com.ar\/wp-content\/uploads\/2026\/02\/e3457e7f-bafd-4fad-8747-e01f7a254c31-222x300.jpg 222w\" alt=\"\" width=\"578\" height=\"780\" data-lazy-type=\"image\" data-lazy-src=\"https:\/\/baskettotal.com.ar\/wp-content\/uploads\/2026\/02\/e3457e7f-bafd-4fad-8747-e01f7a254c31.jpg\" data-lazy-srcset=\"https:\/\/baskettotal.com.ar\/wp-content\/uploads\/2026\/02\/e3457e7f-bafd-4fad-8747-e01f7a254c31.jpg 578w, https:\/\/baskettotal.com.ar\/wp-content\/uploads\/2026\/02\/e3457e7f-bafd-4fad-8747-e01f7a254c31-222x300.jpg 222w\" data-lazy-sizes=\"(max-width: 578px) 100vw, 578px\" \/><\/a><\/figure>\n<p>Desde la Federaci\u00f3n Chaque\u00f1a de B\u00e1squetbol se celebra esta designaci\u00f3n, que representa no solo un logro individual para ambos \u00e1rbitros, sino tambi\u00e9n un reconocimiento al desarrollo y la capacitaci\u00f3n permanente del arbitraje provincial.<\/p>\n<p><img loading=\"lazy\" decoding=\"async\" class=\"aligncenter size-full wp-image-32112\" src=\"https:\/\/www.sportchaco.com.ar\/wp-content\/uploads\/2026\/02\/Ahorros-de-Verano-BANNERS-WEB_200x200-04.gif\" alt=\"\" width=\"417\" height=\"417\" \/><\/p>\n","protected":false},"excerpt":{"rendered":"<p>19-02-2026 La Federaci\u00f3n Chaque\u00f1a de B\u00e1squetbol informa con orgullo la designaci\u00f3n de los \u00e1rbitros Mart\u00edn Herr\u00e1ez y Manuel Monjes como nuevos integrantes del plantel arbitral de La Liga Federal para la temporada 2026. La confirmaci\u00f3n fue realizada por el Director de la Escuela de la Federaci\u00f3n Chaque\u00f1a, H\u00e9ctor Wasinger, quien destac\u00f3 \u201cel trabajo constante que &hellip;<\/p>\n","protected":false},"author":3,"featured_media":32879,"comment_status":"open","ping_status":"open","sticky":false,"template":"","format":"standard","meta":{"footnotes":""},"categories":[3],"tags":[],"class_list":["post-32878","post","type-post","status-publish","format-standard","has-post-thumbnail","hentry","category-basquetbol"],"_links":{"self":[{"href":"https:\/\/www.sportchaco.com.ar\/index.php?rest_route=\/wp\/v2\/posts\/32878","targetHints":{"allow":["GET"]}}],"collection":[{"href":"https:\/\/www.sportchaco.com.ar\/index.php?rest_route=\/wp\/v2\/posts"}],"about":[{"href":"https:\/\/www.sportchaco.com.ar\/index.php?rest_route=\/wp\/v2\/types\/post"}],"author":[{"embeddable":true,"href":"https:\/\/www.sportchaco.com.ar\/index.php?rest_route=\/wp\/v2\/users\/3"}],"replies":[{"embeddable":true,"href":"https:\/\/www.sportchaco.com.ar\/index.php?rest_route=%2Fwp%2Fv2%2Fcomments&post=32878"}],"version-history":[{"count":1,"href":"https:\/\/www.sportchaco.com.ar\/index.php?rest_route=\/wp\/v2\/posts\/32878\/revisions"}],"predecessor-version":[{"id":32880,"href":"https:\/\/www.sportchaco.com.ar\/index.php?rest_route=\/wp\/v2\/posts\/32878\/revisions\/32880"}],"wp:featuredmedia":[{"embeddable":true,"href":"https:\/\/www.sportchaco.com.ar\/index.php?rest_route=\/wp\/v2\/media\/32879"}],"wp:attachment":[{"href":"https:\/\/www.sportchaco.com.ar\/index.php?rest_route=%2Fwp%2Fv2%2Fmedia&parent=32878"}],"wp:term":[{"taxonomy":"category","embeddable":true,"href":"https:\/\/www.sportchaco.com.ar\/index.php?rest_route=%2Fwp%2Fv2%2Fcategories&post=32878"},{"taxonomy":"post_tag","embeddable":true,"href":"https:\/\/www.sportchaco.com.ar\/index.php?rest_route=%2Fwp%2Fv2%2Ftags&post=32878"}],"curies":[{"name":"wp","href":"https:\/\/api.w.org\/{rel}","templated":true}]}}