{"id":32905,"date":"2026-02-20T23:21:25","date_gmt":"2026-02-21T02:21:25","guid":{"rendered":"https:\/\/www.sportchaco.com.ar\/?p=32905"},"modified":"2026-02-20T23:21:24","modified_gmt":"2026-02-21T02:21:24","slug":"efemerides-del-21-de-febrero-2","status":"publish","type":"post","link":"https:\/\/www.sportchaco.com.ar\/?p=32905","title":{"rendered":"Efem\u00e9rides del 21 de febrero"},"content":{"rendered":"<div class=\"container fullwidth-entry-title-wrapper\">\n<div class=\"container-wrapper fullwidth-entry-title\">\n<header class=\"entry-header-outer\">\n<div class=\"entry-header\">\n<h5 class=\"post-title entry-title\">Esta es la Efem\u00e9rides del Deporte del periodista Luis Dar\u00edo Molodezky<\/h5>\n<div class=\"single-post-meta post-meta clearfix\"><\/div>\n<\/div>\n<\/header>\n<\/div>\n<\/div>\n<div id=\"content\" class=\"site-content container\">\n<div id=\"main-content-row\" class=\"tie-row main-content-row\">\n<div class=\"main-content tie-col-md-8 tie-col-xs-12\" role=\"main\">\n<article id=\"the-post\" class=\"container-wrapper post-content tie-standard\">\n<div class=\"featured-area\">\n<div class=\"featured-area-inner\"><\/div>\n<\/div>\n<div class=\"entry-content entry clearfix\">\n<div class=\"container fullwidth-entry-title-wrapper\">\n<div class=\"container-wrapper fullwidth-entry-title\">\n<header class=\"entry-header-outer\">\n<div class=\"entry-header\">\n<div class=\"single-post-meta post-meta clearfix\">\n<div class=\"tie-alignright\"><\/div>\n<\/div>\n<\/div>\n<\/header>\n<\/div>\n<\/div>\n<div id=\"content\" class=\"site-content container\">\n<div id=\"main-content-row\" class=\"tie-row main-content-row\">\n<div class=\"main-content tie-col-md-8 tie-col-xs-12\" role=\"main\">\n<article id=\"the-post\" class=\"container-wrapper post-content tie-standard\">\n<div class=\"featured-area\">\n<div class=\"featured-area-inner\"><\/div>\n<\/div>\n<div class=\"entry-content entry clearfix\">\n<p><strong><img loading=\"lazy\" decoding=\"async\" class=\"alignnone size-medium wp-image-32909\" src=\"https:\/\/www.sportchaco.com.ar\/wp-content\/uploads\/2026\/02\/Luis-dario-carita-300x237.jpeg\" alt=\"\" width=\"300\" height=\"237\" srcset=\"https:\/\/www.sportchaco.com.ar\/wp-content\/uploads\/2026\/02\/Luis-dario-carita-300x237.jpeg 300w, https:\/\/www.sportchaco.com.ar\/wp-content\/uploads\/2026\/02\/Luis-dario-carita-768x606.jpeg 768w, https:\/\/www.sportchaco.com.ar\/wp-content\/uploads\/2026\/02\/Luis-dario-carita.jpeg 809w\" sizes=\"auto, (max-width: 300px) 100vw, 300px\" \/>Luis Dar\u00edo Molodezky<\/strong><\/p>\n<p>&nbsp;<\/p>\n<p><strong>1919 \/ A<\/strong>parece El Territorio, que luego se convertir\u00eda en diario, que dejar\u00eda m\u00faltiples testimonios de la historia del Chaco, y por supuesto de los sucesos del deporte. Su primer director fue Ra\u00fal Gabriel Gauna. El jefe de deportes durante muchos a\u00f1os fue Hern\u00e1n Polo, sucedido por Edison Omar Rodr\u00edguez. Su \u00faltima edici\u00f3n fue el 9 de julio de 1989.<\/p>\n<p><strong>1932 \/\u00a0<\/strong>Comienza la gesti\u00f3n del doctor Armando Anello en Sarmiento, tras la Asamblea realizada el en el Bar Col\u00f3n de Resistencia, cargo que ocup\u00f3 hasta marzo de 1934. En su primer mandato, Juan De la Sota lo acompa\u00f1ar\u00eda desde la vicepresidencia junto a Carlos Alberto Mora y Donato Gerardi, en las secretar\u00edas General y de Actas; y tambi\u00e9n don Jes\u00fas Serrano en la Tesorer\u00eda. Luego del primer a\u00f1o fue vice Jes\u00fas Serrano y el \u00faltimo periodo junto al doctor Julio H. Solano<\/p>\n<p><strong>1984 \/\u00a0<\/strong>El doctor H\u00e9ctor David Toledo es ungido presidente de la Liga Chaque\u00f1a de F\u00fatbol. Mas adelante, el prestigioso abogado integr\u00f3 el Superior Tribunal de Justicia en el Chaco.<\/p>\n<p><strong><img loading=\"lazy\" decoding=\"async\" class=\"alignnone wp-image-5981\" src=\"https:\/\/www.sportchaco.com.ar\/wp-content\/uploads\/2024\/02\/hECTOR-dAVID-tOLEDO-1-300x177.jpg\" sizes=\"auto, (max-width: 437px) 100vw, 437px\" srcset=\"https:\/\/www.sportchaco.com.ar\/wp-content\/uploads\/2024\/02\/hECTOR-dAVID-tOLEDO-1-300x177.jpg 300w, https:\/\/www.sportchaco.com.ar\/wp-content\/uploads\/2024\/02\/hECTOR-dAVID-tOLEDO-1.jpg 600w\" alt=\"\" width=\"437\" height=\"258\" \/>Foto de Toledo con H\u00e9ctor Silva &#8211; Foto Archivo diario Norte.<\/strong><\/p>\n<p><strong>2004 \/\u00a0<\/strong>Roberto David Arrieta le arrebata el t\u00edtulo latino OMB interino al chaque\u00f1o Javier \u00c1lvarez, al vencerlo por puntos en 12 asaltos en Rosario. Era su primera defensa en la categor\u00eda y el boxeador de Resistencia pes\u00f3 61,100 kg.<\/p>\n<h5>Foto portada del doctor H\u00e9ctor David Toledo<\/h5>\n<p>&nbsp;<\/p>\n<\/div>\n<\/article>\n<p><img loading=\"lazy\" decoding=\"async\" class=\"alignnone size-full wp-image-32610 aligncenter\" src=\"https:\/\/www.sportchaco.com.ar\/wp-content\/uploads\/2026\/02\/Agua-Segura_250x250-09-1.gif\" alt=\"\" width=\"300\" height=\"300\" \/><\/p>\n<\/div>\n<\/div>\n<\/div>\n<\/div>\n<\/article>\n<\/div>\n<\/div>\n<\/div>\n","protected":false},"excerpt":{"rendered":"<p>Esta es la Efem\u00e9rides del Deporte del periodista Luis Dar\u00edo Molodezky Luis Dar\u00edo Molodezky &nbsp; 1919 \/ Aparece El Territorio, que luego se convertir\u00eda en diario, que dejar\u00eda m\u00faltiples testimonios de la historia del Chaco, y por supuesto de los sucesos del deporte. Su primer director fue Ra\u00fal Gabriel Gauna. El jefe de deportes durante &hellip;<\/p>\n","protected":false},"author":2,"featured_media":32912,"comment_status":"open","ping_status":"open","sticky":false,"template":"","format":"standard","meta":{"footnotes":""},"categories":[45,32],"tags":[],"class_list":["post-32905","post","type-post","status-publish","format-standard","has-post-thumbnail","hentry","category-efemerides-dia-por-dia","category-febrero"],"_links":{"self":[{"href":"https:\/\/www.sportchaco.com.ar\/index.php?rest_route=\/wp\/v2\/posts\/32905","targetHints":{"allow":["GET"]}}],"collection":[{"href":"https:\/\/www.sportchaco.com.ar\/index.php?rest_route=\/wp\/v2\/posts"}],"about":[{"href":"https:\/\/www.sportchaco.com.ar\/index.php?rest_route=\/wp\/v2\/types\/post"}],"author":[{"embeddable":true,"href":"https:\/\/www.sportchaco.com.ar\/index.php?rest_route=\/wp\/v2\/users\/2"}],"replies":[{"embeddable":true,"href":"https:\/\/www.sportchaco.com.ar\/index.php?rest_route=%2Fwp%2Fv2%2Fcomments&post=32905"}],"version-history":[{"count":3,"href":"https:\/\/www.sportchaco.com.ar\/index.php?rest_route=\/wp\/v2\/posts\/32905\/revisions"}],"predecessor-version":[{"id":32911,"href":"https:\/\/www.sportchaco.com.ar\/index.php?rest_route=\/wp\/v2\/posts\/32905\/revisions\/32911"}],"wp:featuredmedia":[{"embeddable":true,"href":"https:\/\/www.sportchaco.com.ar\/index.php?rest_route=\/wp\/v2\/media\/32912"}],"wp:attachment":[{"href":"https:\/\/www.sportchaco.com.ar\/index.php?rest_route=%2Fwp%2Fv2%2Fmedia&parent=32905"}],"wp:term":[{"taxonomy":"category","embeddable":true,"href":"https:\/\/www.sportchaco.com.ar\/index.php?rest_route=%2Fwp%2Fv2%2Fcategories&post=32905"},{"taxonomy":"post_tag","embeddable":true,"href":"https:\/\/www.sportchaco.com.ar\/index.php?rest_route=%2Fwp%2Fv2%2Ftags&post=32905"}],"curies":[{"name":"wp","href":"https:\/\/api.w.org\/{rel}","templated":true}]}}