{"id":32947,"date":"2026-02-21T18:20:54","date_gmt":"2026-02-21T21:20:54","guid":{"rendered":"https:\/\/www.sportchaco.com.ar\/?p=32947"},"modified":"2026-02-21T18:20:54","modified_gmt":"2026-02-21T21:20:54","slug":"juventud-de-villa-centenario-fortalece-su-proyecto-formativo-en-minibasquet-y-u13","status":"publish","type":"post","link":"https:\/\/www.sportchaco.com.ar\/?p=32947","title":{"rendered":"Juventud de Villa Centenario fortalece su proyecto formativo en minib\u00e1squet y U13"},"content":{"rendered":"<h1 class=\"story-title entry-title\"><\/h1>\n<div id=\"right-content\" class=\"relative\">\n<div id=\"content-area\" class=\"left relative\">\n<div id=\"feat-img-reg\" class=\"relative\"><img decoding=\"async\" class=\" ls-is-cached lazyloaded\" src=\"https:\/\/baskettotal.com.ar\/wp-content\/uploads\/2026\/02\/4-1000x519.jpg\" data-src=\"https:\/\/baskettotal.com.ar\/wp-content\/uploads\/2026\/02\/4-1000x519.jpg\" \/><\/div>\n<div id=\"tps_slideContainer_30159\" class=\"theiaPostSlider_slides\">\n<p>\u00a0<strong>La instituci\u00f3n ubicada en la zona sur de la Capital chaque\u00f1a pone el foco en el crecimiento integral de sus jugadores y jugadoras, entendiendo el deporte como una herramienta de formaci\u00f3n humana y social, adem\u00e1s de competitiva.<\/strong><\/p>\n<p>&nbsp;<\/p>\n<p>El Club Juventud de Villa Centenario contin\u00faa consolidando su proyecto deportivo en las categor\u00edas formativas, con un fuerte enfoque en el desarrollo integral de los chicos y chicas. Bajo la coordinaci\u00f3n de la profesora Natal\u00ed Cardozo, junto al trabajo de los profesores Alejandro Rosso y Emiliano Bulacio, la instituci\u00f3n apuesta a una preparaci\u00f3n intensa en U13 y a sostener la esencia formativa en minib\u00e1squet.<\/p>\n<p>En la categor\u00eda U13, tanto en masculino como en femenino, el mes se est\u00e1 desarrollando bajo una modalidad de pretemporada, con un esquema de entrenamiento intensivo que incluye pr\u00e1cticas casi todos los d\u00edas y la incorporaci\u00f3n de los s\u00e1bados por la ma\u00f1ana. \u201cLa idea es aprovechar este per\u00edodo para hacer un trabajo m\u00e1s profundo en la parte f\u00edsica, t\u00e9cnica e individual. Queremos que lleguen a la competencia con una base s\u00f3lida y que cada uno pueda superarse desde lo personal\u201d, explic\u00f3 la coordinadora Natali Cardozo.<\/p>\n<p>Adem\u00e1s, destac\u00f3 el acompa\u00f1amiento de las familias en este proceso: \u201cEs muy lindo ver el compromiso de los padres. Est\u00e1n muy presentes, apoyando y acompa\u00f1ando cada entrenamiento. Eso tambi\u00e9n es parte del crecimiento de los chicos\u201d.<\/p>\n<p>Desde el cuerpo t\u00e9cnico remarcan que el trabajo no se limita solamente al rendimiento deportivo. \u201cBuscamos que los chicos entiendan que el progreso es d\u00eda a d\u00eda. Que se alegren por sus propios logros, por sus avances. El esfuerzo y la constancia son valores que intentamos transmitir en cada pr\u00e1ctica\u201d, agreg\u00f3 Cardozo.<br \/>\nPor su parte, los profesores Alejandro Rosso y Emiliano Bulacio coincidieron en la importancia de este per\u00edodo preparatorio. \u201cEstamos haciendo mucho hincapi\u00e9 en los fundamentos, en la t\u00e9cnica individual y en el fortalecimiento f\u00edsico acorde a la edad. Es una etapa clave para su desarrollo\u201d, se\u00f1alaron.<\/p>\n<figure class=\"wp-block-image size-large\"><a href=\"https:\/\/baskettotal.com.ar\/wp-content\/uploads\/2026\/02\/2-2.jpg\"><img loading=\"lazy\" decoding=\"async\" class=\"lazy wp-image-30161 lazy-loaded\" src=\"https:\/\/baskettotal.com.ar\/wp-content\/uploads\/2026\/02\/2-2-1024x701.jpg\" sizes=\"auto, (max-width: 1024px) 100vw, 1024px\" srcset=\"https:\/\/baskettotal.com.ar\/wp-content\/uploads\/2026\/02\/2-2-1024x701.jpg 1024w, https:\/\/baskettotal.com.ar\/wp-content\/uploads\/2026\/02\/2-2-300x205.jpg 300w, https:\/\/baskettotal.com.ar\/wp-content\/uploads\/2026\/02\/2-2-768x526.jpg 768w, https:\/\/baskettotal.com.ar\/wp-content\/uploads\/2026\/02\/2-2.jpg 1040w\" alt=\"\" width=\"1024\" height=\"701\" data-lazy-type=\"image\" data-lazy-src=\"https:\/\/baskettotal.com.ar\/wp-content\/uploads\/2026\/02\/2-2-1024x701.jpg\" data-lazy-srcset=\"https:\/\/baskettotal.com.ar\/wp-content\/uploads\/2026\/02\/2-2-1024x701.jpg 1024w, https:\/\/baskettotal.com.ar\/wp-content\/uploads\/2026\/02\/2-2-300x205.jpg 300w, https:\/\/baskettotal.com.ar\/wp-content\/uploads\/2026\/02\/2-2-768x526.jpg 768w, https:\/\/baskettotal.com.ar\/wp-content\/uploads\/2026\/02\/2-2.jpg 1040w\" data-lazy-sizes=\"(max-width: 1024px) 100vw, 1024px\" \/><\/a><\/figure>\n<p><strong>LA ESENCIA DEL MINIB\u00c1SQUET<br \/>\n<\/strong>En lo que respecta a Minib\u00e1squet y U11, el objetivo es sostener el buen nivel alcanzado y continuar elevando la calidad del trabajo, sin perder la identidad formativa que caracteriza a esta etapa. \u201cQueremos que sigan creciendo en lo deportivo, pero sin dejar de lado lo m\u00e1s importante: las experiencias que viven como chicos\u201d, sostuvo la coordinadora.<\/p>\n<p>Viajes, encuentros con otros clubes, compartir un refrigerio despu\u00e9s de los partidos y fortalecer v\u00ednculos forman parte de la propuesta integral del club. \u201cAntes que jugadores, son personas. El minib\u00e1squet es una etapa donde se forman valores como el respeto, la empat\u00eda y el compa\u00f1erismo. Para nosotros eso es tan importante como aprender a driblear o lanzar al aro\u201d, remarcaron desde el equipo de trabajo.<\/p>\n<p>El proyecto de Juventud de Villa Centenario pone el foco en el crecimiento integral de sus jugadores y jugadoras, entendiendo el deporte como una herramienta de formaci\u00f3n humana y social, adem\u00e1s de competitiva.<\/p>\n<figure class=\"wp-block-image size-full\"><a href=\"https:\/\/baskettotal.com.ar\/wp-content\/uploads\/2026\/02\/3-1.jpg\"><img loading=\"lazy\" decoding=\"async\" class=\"lazy wp-image-30160 lazy-loaded\" src=\"https:\/\/baskettotal.com.ar\/wp-content\/uploads\/2026\/02\/3-1.jpg\" sizes=\"auto, (max-width: 895px) 100vw, 895px\" srcset=\"https:\/\/baskettotal.com.ar\/wp-content\/uploads\/2026\/02\/3-1.jpg 895w, https:\/\/baskettotal.com.ar\/wp-content\/uploads\/2026\/02\/3-1-300x221.jpg 300w, https:\/\/baskettotal.com.ar\/wp-content\/uploads\/2026\/02\/3-1-768x565.jpg 768w\" alt=\"\" width=\"895\" height=\"659\" data-lazy-type=\"image\" data-lazy-src=\"https:\/\/baskettotal.com.ar\/wp-content\/uploads\/2026\/02\/3-1.jpg\" data-lazy-srcset=\"https:\/\/baskettotal.com.ar\/wp-content\/uploads\/2026\/02\/3-1.jpg 895w, https:\/\/baskettotal.com.ar\/wp-content\/uploads\/2026\/02\/3-1-300x221.jpg 300w, https:\/\/baskettotal.com.ar\/wp-content\/uploads\/2026\/02\/3-1-768x565.jpg 768w\" data-lazy-sizes=\"(max-width: 895px) 100vw, 895px\" \/><\/a><\/figure>\n<p>&nbsp;<\/p>\n<p>D\u00cdAS Y HORARIOS<br \/>\n_ Moquitos: martes y jueves de 17 a 18 horas<br \/>\n_ Pre-Mini (8 y 9 a\u00f1os): martes y jueves de 16 a 17 horas<br \/>\n_ Mini (10 y 11 a\u00f1os): lunes, mi\u00e9rcoles y viernes de 17 a 18 horas.<\/p>\n<p style=\"text-align: center;\">\u00a0<img loading=\"lazy\" decoding=\"async\" class=\"alignnone size-medium wp-image-32950\" src=\"https:\/\/www.sportchaco.com.ar\/wp-content\/uploads\/2026\/02\/Juventud-1-241x300.jpg\" alt=\"\" width=\"241\" height=\"300\" srcset=\"https:\/\/www.sportchaco.com.ar\/wp-content\/uploads\/2026\/02\/Juventud-1-241x300.jpg 241w, https:\/\/www.sportchaco.com.ar\/wp-content\/uploads\/2026\/02\/Juventud-1-823x1024.jpg 823w, https:\/\/www.sportchaco.com.ar\/wp-content\/uploads\/2026\/02\/Juventud-1-768x956.jpg 768w, https:\/\/www.sportchaco.com.ar\/wp-content\/uploads\/2026\/02\/Juventud-1.jpg 1126w\" sizes=\"auto, (max-width: 241px) 100vw, 241px\" \/><\/p>\n<p>Gentileza: \u00a0Santiago Waissmann\/ Basket Total<\/p>\n<p><img loading=\"lazy\" decoding=\"async\" class=\"alignnone size-full wp-image-32836 aligncenter\" src=\"https:\/\/www.sportchaco.com.ar\/wp-content\/uploads\/2026\/02\/200x200-1.gif\" alt=\"\" width=\"201\" height=\"201\" \/><\/p>\n<\/div>\n<\/div>\n<\/div>\n","protected":false},"excerpt":{"rendered":"<p>\u00a0La instituci\u00f3n ubicada en la zona sur de la Capital chaque\u00f1a pone el foco en el crecimiento integral de sus jugadores y jugadoras, entendiendo el deporte como una herramienta de formaci\u00f3n humana y social, adem\u00e1s de competitiva. &nbsp; El Club Juventud de Villa Centenario contin\u00faa consolidando su proyecto deportivo en las categor\u00edas formativas, con un &hellip;<\/p>\n","protected":false},"author":2,"featured_media":32949,"comment_status":"open","ping_status":"open","sticky":false,"template":"","format":"standard","meta":{"footnotes":""},"categories":[1],"tags":[],"class_list":["post-32947","post","type-post","status-publish","format-standard","has-post-thumbnail","hentry","category-fotos-del-recuerdo"],"_links":{"self":[{"href":"https:\/\/www.sportchaco.com.ar\/index.php?rest_route=\/wp\/v2\/posts\/32947","targetHints":{"allow":["GET"]}}],"collection":[{"href":"https:\/\/www.sportchaco.com.ar\/index.php?rest_route=\/wp\/v2\/posts"}],"about":[{"href":"https:\/\/www.sportchaco.com.ar\/index.php?rest_route=\/wp\/v2\/types\/post"}],"author":[{"embeddable":true,"href":"https:\/\/www.sportchaco.com.ar\/index.php?rest_route=\/wp\/v2\/users\/2"}],"replies":[{"embeddable":true,"href":"https:\/\/www.sportchaco.com.ar\/index.php?rest_route=%2Fwp%2Fv2%2Fcomments&post=32947"}],"version-history":[{"count":1,"href":"https:\/\/www.sportchaco.com.ar\/index.php?rest_route=\/wp\/v2\/posts\/32947\/revisions"}],"predecessor-version":[{"id":32951,"href":"https:\/\/www.sportchaco.com.ar\/index.php?rest_route=\/wp\/v2\/posts\/32947\/revisions\/32951"}],"wp:featuredmedia":[{"embeddable":true,"href":"https:\/\/www.sportchaco.com.ar\/index.php?rest_route=\/wp\/v2\/media\/32949"}],"wp:attachment":[{"href":"https:\/\/www.sportchaco.com.ar\/index.php?rest_route=%2Fwp%2Fv2%2Fmedia&parent=32947"}],"wp:term":[{"taxonomy":"category","embeddable":true,"href":"https:\/\/www.sportchaco.com.ar\/index.php?rest_route=%2Fwp%2Fv2%2Fcategories&post=32947"},{"taxonomy":"post_tag","embeddable":true,"href":"https:\/\/www.sportchaco.com.ar\/index.php?rest_route=%2Fwp%2Fv2%2Ftags&post=32947"}],"curies":[{"name":"wp","href":"https:\/\/api.w.org\/{rel}","templated":true}]}}