{"id":33000,"date":"2026-02-22T22:59:10","date_gmt":"2026-02-23T01:59:10","guid":{"rendered":"https:\/\/www.sportchaco.com.ar\/?p=33000"},"modified":"2026-02-22T22:59:13","modified_gmt":"2026-02-23T01:59:13","slug":"efemerides-del-23-de-febrero-2","status":"publish","type":"post","link":"https:\/\/www.sportchaco.com.ar\/?p=33000","title":{"rendered":"Efem\u00e9rides del 23 de febrero"},"content":{"rendered":"<div class=\"container fullwidth-entry-title-wrapper\">\n<div class=\"container-wrapper fullwidth-entry-title\">\n<header class=\"entry-header-outer\">\n<div class=\"entry-header\">\n<h1 class=\"post-title entry-title\">Efem\u00e9rides del 23 de febrero<\/h1>\n<div class=\"single-post-meta post-meta clearfix\">\n<div class=\"tie-alignright\"><\/div>\n<\/div>\n<\/div>\n<\/header>\n<\/div>\n<\/div>\n<div id=\"content\" class=\"site-content container\">\n<div id=\"main-content-row\" class=\"tie-row main-content-row\">\n<div class=\"main-content tie-col-md-8 tie-col-xs-12\" role=\"main\">\n<article id=\"the-post\" class=\"container-wrapper post-content tie-standard\">\n<div class=\"featured-area\">\n<div class=\"featured-area-inner\"><\/div>\n<\/div>\n<div class=\"entry-content entry clearfix\">\n<h4><\/h4>\n<h4>Esta es la Efem\u00e9rides del Deporte en el Chaco de un 25 de febrero del periodista Luis Dar\u00edo Molodezky.<\/h4>\n<h4><img loading=\"lazy\" decoding=\"async\" class=\"alignnone size-medium wp-image-32909 aligncenter\" src=\"https:\/\/www.sportchaco.com.ar\/wp-content\/uploads\/2026\/02\/Luis-dario-carita-300x237.jpeg\" alt=\"\" width=\"300\" height=\"237\" srcset=\"https:\/\/www.sportchaco.com.ar\/wp-content\/uploads\/2026\/02\/Luis-dario-carita-300x237.jpeg 300w, https:\/\/www.sportchaco.com.ar\/wp-content\/uploads\/2026\/02\/Luis-dario-carita-768x606.jpeg 768w, https:\/\/www.sportchaco.com.ar\/wp-content\/uploads\/2026\/02\/Luis-dario-carita.jpeg 809w\" sizes=\"auto, (max-width: 300px) 100vw, 300px\" \/><\/h4>\n<p>&nbsp;<\/p>\n<p><strong>1980\u00a0<\/strong>\/ Varias instituciones del medio se ponen de pie en defensa del Club Central Norte Argentino, contra quien pesa una orden de remate de sus instalaciones. Entre otros estuvieron presentes Jos\u00e9 la Corte de Hind\u00fa, Osvaldo P\u00e9rez de Regatas, Ram\u00edrez de YPF Mosconi, Rudaz Biss\u00f3n del Chaco Golf Club.<\/p>\n<p>&nbsp;<\/p>\n<p><strong>2013 \/\u00a0<\/strong>Falleci\u00f3 el destacado exjugador y dirigente deportivo Juan Carlos Silvestrini. Lleg\u00f3 de una escuela de dirigentes desde el club Col\u00f3n de San Justo, Santa Fe. Se radic\u00f3 en Corrientes primero, donde estuvo vinculado como jugador de basquetbol a Regatas, para luego trasladarse al Chaco por razones comerciales, donde aport\u00f3 su experiencia a los clubes Regatas y Chaco For Ever.<\/p>\n<p><em><strong>Foto portada: Como segu\u00edan los diarios en 1980 la situaci\u00f3n de Central Norte<\/strong><\/em><\/p>\n<p>&nbsp;<\/p>\n<\/div>\n<\/article>\n<\/div>\n<\/div>\n<\/div>\n","protected":false},"excerpt":{"rendered":"<p>Efem\u00e9rides del 23 de febrero Esta es la Efem\u00e9rides del Deporte en el Chaco de un 25 de febrero del periodista Luis Dar\u00edo Molodezky. &nbsp; 1980\u00a0\/ Varias instituciones del medio se ponen de pie en defensa del Club Central Norte Argentino, contra quien pesa una orden de remate de sus instalaciones. Entre otros estuvieron presentes &hellip;<\/p>\n","protected":false},"author":2,"featured_media":33001,"comment_status":"open","ping_status":"open","sticky":false,"template":"","format":"standard","meta":{"footnotes":""},"categories":[45,32],"tags":[],"class_list":["post-33000","post","type-post","status-publish","format-standard","has-post-thumbnail","hentry","category-efemerides-dia-por-dia","category-febrero"],"_links":{"self":[{"href":"https:\/\/www.sportchaco.com.ar\/index.php?rest_route=\/wp\/v2\/posts\/33000","targetHints":{"allow":["GET"]}}],"collection":[{"href":"https:\/\/www.sportchaco.com.ar\/index.php?rest_route=\/wp\/v2\/posts"}],"about":[{"href":"https:\/\/www.sportchaco.com.ar\/index.php?rest_route=\/wp\/v2\/types\/post"}],"author":[{"embeddable":true,"href":"https:\/\/www.sportchaco.com.ar\/index.php?rest_route=\/wp\/v2\/users\/2"}],"replies":[{"embeddable":true,"href":"https:\/\/www.sportchaco.com.ar\/index.php?rest_route=%2Fwp%2Fv2%2Fcomments&post=33000"}],"version-history":[{"count":2,"href":"https:\/\/www.sportchaco.com.ar\/index.php?rest_route=\/wp\/v2\/posts\/33000\/revisions"}],"predecessor-version":[{"id":33011,"href":"https:\/\/www.sportchaco.com.ar\/index.php?rest_route=\/wp\/v2\/posts\/33000\/revisions\/33011"}],"wp:featuredmedia":[{"embeddable":true,"href":"https:\/\/www.sportchaco.com.ar\/index.php?rest_route=\/wp\/v2\/media\/33001"}],"wp:attachment":[{"href":"https:\/\/www.sportchaco.com.ar\/index.php?rest_route=%2Fwp%2Fv2%2Fmedia&parent=33000"}],"wp:term":[{"taxonomy":"category","embeddable":true,"href":"https:\/\/www.sportchaco.com.ar\/index.php?rest_route=%2Fwp%2Fv2%2Fcategories&post=33000"},{"taxonomy":"post_tag","embeddable":true,"href":"https:\/\/www.sportchaco.com.ar\/index.php?rest_route=%2Fwp%2Fv2%2Ftags&post=33000"}],"curies":[{"name":"wp","href":"https:\/\/api.w.org\/{rel}","templated":true}]}}