{"id":33039,"date":"2026-02-23T18:50:12","date_gmt":"2026-02-23T21:50:12","guid":{"rendered":"https:\/\/www.sportchaco.com.ar\/?p=33039"},"modified":"2026-02-23T18:53:33","modified_gmt":"2026-02-23T21:53:33","slug":"se-pone-en-marcha-el-fin-de-semana-el-federal-de-basquet","status":"publish","type":"post","link":"https:\/\/www.sportchaco.com.ar\/?p=33039","title":{"rendered":"Se pone en marcha el fin de semana el Federal de B\u00e1squet"},"content":{"rendered":"<header class=\"qc-article__header\">\n<h5 class=\"qc-article__title\"><strong>\u00a023-02-2026<\/strong><\/h5>\n<h5><\/h5>\n<h5 class=\"qc-article__title\"><strong>La naranja vuelve a rodar: el b\u00e1squet chaque\u00f1o levanta el tel\u00f3n en la Liga Federal. <i>Cuatro de los cinco representantes provinciales debutan este 28 de febrero en una jornada que promete emociones fuertes en la Conferencia NEA. Tras casi un mes de pretemporada, el Chaco pone primera en la tercera categor\u00eda del b\u00e1squet argentino.<\/i><\/strong><\/h5>\n<p>&nbsp;<\/p>\n<\/header>\n<div class=\"qc-article__media\">\n<div class=\"qc-article__media-frame\">\n<figure class=\"qc-article__photo-wrap\"><img loading=\"lazy\" decoding=\"async\" class=\"qc-article__photo\" src=\"https:\/\/quintocuartonea.com\/media\/articles\/photos\/WhatsApp_Image_2026-02-03_at_23_XASQxPu.35.43.jpg\" alt=\"La naranja vuelve a rodar: el b\u00e1squet chaque\u00f1o levanta el tel\u00f3n en la Liga Federal\" width=\"1280\" height=\"720\" \/><\/figure>\n<div class=\"qc-article__actions\">\n<div class=\"qc-share-inline\" aria-label=\"Compartir noticia\"><\/div>\n<\/div>\n<\/div>\n<\/div>\n<div class=\"qc-article__body\">\n<p><strong>El reloj marca la cuenta regresiva.<\/strong>\u00a0Este\u00a0<strong>28 de febrero<\/strong>\u00a0comenzar\u00e1 oficialmente la\u00a0<strong>temporada 2026 de la Liga Federal de B\u00e1squet<\/strong>\u00a0y el protagonismo chaque\u00f1o ser\u00e1 inmediato: cuatro de los cinco equipos de la provincia saltar\u00e1n a la cancha en el inicio de la competencia dentro de la siempre exigente\u00a0<strong>Conferencia NEA<\/strong>.<\/p>\n<p>En Resistencia, el\u00a0<strong>Centro Deportivo Don Bosco<\/strong>\u00a0tendr\u00e1 su estreno como local recibiendo a\u00a0<strong>Tokio de Posadas<\/strong>, en un duelo que medir\u00e1 ambiciones desde el primer salto inicial. El conjunto chaque\u00f1o apost\u00f3 a una preparaci\u00f3n intensa, con semanas de carga f\u00edsica y ajustes t\u00e1cticos, buscando llegar con ritmo y solidez a este debut.<\/p>\n<p>Otro de los focos estar\u00e1 puesto en\u00a0<strong>Monte Caseros<\/strong>, donde\u00a0<strong>Hind\u00fa Club<\/strong>\u00a0afrontar\u00e1 un exigente compromiso como visitante frente a\u00a0<strong>San Lorenzo<\/strong>, \u00faltimo campe\u00f3n invicto del Prefederal provincial 2025. El \u201c<i>B\u00f3lido Verde<\/i>\u201d trabaj\u00f3 fuerte durante casi cuatro semanas.<\/p>\n<p>En tanto, en la capital chaque\u00f1a,\u00a0<strong>Regatas Resistencia<\/strong>, vigente campe\u00f3n del Pre Federal provincial 2025, recibir\u00e1 a\u00a0<strong>H\u00e9rcules de Charata<\/strong>, el otro semifinalista de aquella competencia. El cruce tiene condimentos especiales: reencuentro de protagonistas recientes, rivalidad deportiva fresca y el desaf\u00edo de ratificar credenciales en un torneo de mayor alcance.<\/p>\n<p>La preparaci\u00f3n no fue id\u00e9ntica para todos. Algunos equipos lograron sumar partidos amistosos para afinar detalles; otros debieron enfocarse exclusivamente en el trabajo interno.\u00a0<strong>Pero el denominador com\u00fan fue la intensidad: casi un mes de pretemporada con exigencia f\u00edsica, correcciones t\u00e1cticas y construcci\u00f3n grupal para llegar en condiciones \u00f3ptimas al inicio de la competencia.<\/strong><\/p>\n<p><strong>Mitre de Posadas\u00a0<\/strong>debutar\u00e1 de local frente<strong>\u00a0a Hind\u00fa de Resistencia, el lunes 2,\u00a0<\/strong>luego que el equipo resistenciano visite Monte Caseros; mientras que\u00a0<strong>C\u00f3rdoba de Corrientes<\/strong>\u00a0lo har\u00e1 un d\u00eda antes recibiendo a\u00a0<strong>Tokio de Posadas<\/strong>.<\/p>\n<p>El \u00fanico representante chaque\u00f1o que no debutar\u00e1 el 28 ser\u00e1\u00a0<strong>Cultural de Santa Sylvina,\u00a0<\/strong>que tendr\u00e1 su presentaci\u00f3n el\u00a0<strong>2 de marzo<\/strong>\u00a0como local ante\u00a0<strong>CAPRI de Posadas<\/strong>, completando as\u00ed la participaci\u00f3n provincial en esta nueva edici\u00f3n que ya es hist\u00f3rica por la cantidad de equipos y la presencia chaque\u00f1a.<\/p>\n<p><strong>Se encienden las luces, se ajustan los tableros y el bal\u00f3n vuelve a ser protagonista. La Conferencia NEA se prepara para una jornada inaugural a puro b\u00e1squet, donde la ilusi\u00f3n renace en cada estadio y el sue\u00f1o federal vuelve a ponerse en juego.<\/strong><\/p>\n<\/div>\n<p><em><strong>Foto portada de un entrenamiento H\u00e9rcules de Charata<\/strong><\/em><\/p>\n<div class=\"qc-article__author\"><em><strong>Firma: Guillermo Koster Gentileza &#8211; Quinto Cuarto NEA<\/strong><\/em><\/div>\n<div><\/div>\n<div><img loading=\"lazy\" decoding=\"async\" class=\"alignnone wp-image-32838\" src=\"https:\/\/www.sportchaco.com.ar\/wp-content\/uploads\/2026\/02\/MERCADO-LIBRE_250x250-09-300x300.gif\" alt=\"\" width=\"189\" height=\"189\" srcset=\"https:\/\/www.sportchaco.com.ar\/wp-content\/uploads\/2026\/02\/MERCADO-LIBRE_250x250-09-300x300.gif 300w, https:\/\/www.sportchaco.com.ar\/wp-content\/uploads\/2026\/02\/MERCADO-LIBRE_250x250-09-150x150.gif 150w\" sizes=\"auto, (max-width: 189px) 100vw, 189px\" \/> <img loading=\"lazy\" decoding=\"async\" class=\"alignnone size-full wp-image-32836\" src=\"https:\/\/www.sportchaco.com.ar\/wp-content\/uploads\/2026\/02\/200x200-1.gif\" alt=\"\" width=\"201\" height=\"201\" \/> <img loading=\"lazy\" decoding=\"async\" class=\"alignnone size-full wp-image-32837\" src=\"https:\/\/www.sportchaco.com.ar\/wp-content\/uploads\/2026\/02\/BANNER-WEB-MOSQUITOS-SALUD_250x250-09.gif\" alt=\"\" width=\"300\" height=\"300\" \/><\/div>\n<div>\n<h1><strong>CONFERENCIA NEA<\/strong><\/h1>\n<p><i><strong>-S\u00e1bado 28\/02\/2026:<\/strong><\/i><\/p>\n<p>San Lorenzo (Monte Caseros) &#8211; Hind\u00fa (Resistencia)<\/p>\n<p>Regatas (Resistencia) &#8211; H\u00e9rcules (Charata)<\/p>\n<p>Don Bosco (Resistencia) \u2013 Tokio<\/p>\n<p><i><strong>-Domingo 01\/03\/2026:<\/strong><\/i><br \/>\nC\u00f3rdoba (Corrientes) \u2013 Tokio<\/p>\n<p><i>-Lunes 02\/03\/2026:<\/i><\/p>\n<p>Mitre (Posadas) &#8211; Hind\u00fa (Resistencia)<\/p>\n<p>Cultural \u2013 Capri<\/p>\n<p><i><strong>-Jueves 05\/03\/2026:<\/strong><\/i><\/p>\n<p>Regatas (Resistencia) &#8211; Hind\u00fa (Resistencia)<\/p>\n<p><i><strong>-S\u00e1bado 07\/03\/2026:<\/strong><\/i><\/p>\n<p>Tokio &#8211; Mitre (Posadas)<\/p>\n<p><i><strong>-Domingo 08\/03\/2026:<\/strong><\/i><\/p>\n<p>H\u00e9rcules (Charata) \u2013 Cultural<\/p>\n<p><i><strong>-Lunes 09\/03\/2026:<\/strong><\/i><\/p>\n<p>C\u00f3rdoba (Corrientes) \u2013 Capri<\/p>\n<p><i><strong>-Martes 10\/03\/2026:<\/strong><\/i><\/p>\n<p>Regatas (Resistencia) &#8211; San Lorenzo (Monte Caseros)<\/p>\n<p>Mitre (Posadas) \u2013 Capri<\/p>\n<p><i><strong>-Mi\u00e9rcoles 11\/03\/2026:<\/strong><\/i><\/p>\n<p>Don Bosco (Resistencia) &#8211; San Lorenzo (Monte Caseros)<\/p>\n<p><i><strong>-Jueves 12\/03\/2026:<\/strong><\/i><\/p>\n<p>H\u00e9rcules (Charata) &#8211; C\u00f3rdoba (Corrientes)<\/p>\n<p><i><strong>-S\u00e1bado 14\/03\/2026:<\/strong><\/i><\/p>\n<p>Hind\u00fa (Resistencia) &#8211; Don Bosco (Resistencia)<\/p>\n<p>Cultural &#8211; C\u00f3rdoba (Corrientes)<\/p>\n<p><i><strong>-Domingo 15\/03\/2026:<\/strong><\/i><\/p>\n<p>San Lorenzo (Monte Caseros) \u2013 Tokio<\/p>\n<\/div>\n","protected":false},"excerpt":{"rendered":"<p>\u00a023-02-2026 La naranja vuelve a rodar: el b\u00e1squet chaque\u00f1o levanta el tel\u00f3n en la Liga Federal. Cuatro de los cinco representantes provinciales debutan este 28 de febrero en una jornada que promete emociones fuertes en la Conferencia NEA. Tras casi un mes de pretemporada, el Chaco pone primera en la tercera categor\u00eda del b\u00e1squet argentino. &hellip;<\/p>\n","protected":false},"author":2,"featured_media":33041,"comment_status":"open","ping_status":"open","sticky":false,"template":"","format":"standard","meta":{"footnotes":""},"categories":[3],"tags":[],"class_list":["post-33039","post","type-post","status-publish","format-standard","has-post-thumbnail","hentry","category-basquetbol"],"_links":{"self":[{"href":"https:\/\/www.sportchaco.com.ar\/index.php?rest_route=\/wp\/v2\/posts\/33039","targetHints":{"allow":["GET"]}}],"collection":[{"href":"https:\/\/www.sportchaco.com.ar\/index.php?rest_route=\/wp\/v2\/posts"}],"about":[{"href":"https:\/\/www.sportchaco.com.ar\/index.php?rest_route=\/wp\/v2\/types\/post"}],"author":[{"embeddable":true,"href":"https:\/\/www.sportchaco.com.ar\/index.php?rest_route=\/wp\/v2\/users\/2"}],"replies":[{"embeddable":true,"href":"https:\/\/www.sportchaco.com.ar\/index.php?rest_route=%2Fwp%2Fv2%2Fcomments&post=33039"}],"version-history":[{"count":3,"href":"https:\/\/www.sportchaco.com.ar\/index.php?rest_route=\/wp\/v2\/posts\/33039\/revisions"}],"predecessor-version":[{"id":33043,"href":"https:\/\/www.sportchaco.com.ar\/index.php?rest_route=\/wp\/v2\/posts\/33039\/revisions\/33043"}],"wp:featuredmedia":[{"embeddable":true,"href":"https:\/\/www.sportchaco.com.ar\/index.php?rest_route=\/wp\/v2\/media\/33041"}],"wp:attachment":[{"href":"https:\/\/www.sportchaco.com.ar\/index.php?rest_route=%2Fwp%2Fv2%2Fmedia&parent=33039"}],"wp:term":[{"taxonomy":"category","embeddable":true,"href":"https:\/\/www.sportchaco.com.ar\/index.php?rest_route=%2Fwp%2Fv2%2Fcategories&post=33039"},{"taxonomy":"post_tag","embeddable":true,"href":"https:\/\/www.sportchaco.com.ar\/index.php?rest_route=%2Fwp%2Fv2%2Ftags&post=33039"}],"curies":[{"name":"wp","href":"https:\/\/api.w.org\/{rel}","templated":true}]}}