{"id":33115,"date":"2026-02-24T22:27:46","date_gmt":"2026-02-25T01:27:46","guid":{"rendered":"https:\/\/www.sportchaco.com.ar\/?p=33115"},"modified":"2026-02-24T23:05:35","modified_gmt":"2026-02-25T02:05:35","slug":"san-lorenzo-e-instituto-repartieron-los-puntos","status":"publish","type":"post","link":"https:\/\/www.sportchaco.com.ar\/?p=33115","title":{"rendered":"San Lorenzo e Instituto repartieron los puntos"},"content":{"rendered":"<div class=\"c-stack b-single-chain\" data-style-direction=\"vertical\" data-style-justification=\"start\" data-style-alignment=\"unset\" data-style-inline=\"false\" data-style-wrap=\"nowrap\">\n<div class=\"c-stack b-single-chain__children-stack\" data-style-direction=\"vertical\" data-style-justification=\"start\" data-style-alignment=\"unset\" data-style-inline=\"false\" data-style-wrap=\"nowrap\">\n<div class=\"p12-article-info\">\n<div class=\"article-info-content\">\n<div class=\"right-content\">\n<div class=\"p12SocialIcons\">\n<div class=\"icon small \"><\/div>\n<\/div>\n<\/div>\n<\/div>\n<hr class=\"p12-divider p12-divider--horizontal \" aria-hidden=\"true\" \/>\n<\/div>\n<div class=\"p12-lead-art\"><\/div>\n<\/div>\n<\/div>\n<div class=\"article-content\">\n<article class=\"p12-article-body \">\n<p class=\"c-paragraph\">En el Bajo Flores,\u00a0<b>San Lorenzo empat\u00f3 1-1 con Instituto de C\u00f3rdoba<\/b>, por la\u00a0<b>s\u00e9ptima fecha<\/b>\u00a0del\u00a0<b>Torneo Apertura.<\/b><\/p>\n<p class=\"c-paragraph\"><b>El duelo arranc\u00f3 con el visitante como protagonista.<\/b>\u00a0Una corrida por el sector derecho de C\u00f3rdoba termin\u00f3 con el paraguayo Gill desactivando el remate del colombiano. M\u00e1s tarde y a partir de un tiro de esquina, Mosevich logr\u00f3 conectar de cabeza y la pelota sali\u00f3 apenas alta.<\/p>\n<p class=\"c-paragraph\">A continuaci\u00f3n, ninguno de los dos conjuntos pudo sacar provecho de errores ajenos. Primero se equivoc\u00f3 Fabricio L\u00f3pez en la puerta del \u00e1rea azulgrana, pero\u00a0<b>el colombiano Roma\u00f1a (la figura) salv\u00f3 las papas ante Diego Sosa, que poco m\u00e1s tarde tendr\u00eda revancha.<\/b>\u00a0A su turno, el arquero Roffo pas\u00f3 un sofoc\u00f3n al intentar gambetear a Cuello.<\/p>\n<div class=\"p12-lead-art__image-wrapper\"><img loading=\"lazy\" decoding=\"async\" class=\"c-image\" src=\"https:\/\/www.pagina12.com.ar\/resizer\/v2\/MTWRFZ2U3FDMXKC4UXRLLXRQBM.jpeg?quality=75&amp;smart=true&amp;auth=17b47b5c0ace6644d03e25e9b29b9b309226988c6850f62180ce2a0f040fc545&amp;width=5180&amp;height=3454\" sizes=\"auto, (max-width: 540px) 360px, (max-width: 900px) 540px, (max-width: 1200px) 720px, 900px\" srcset=\"https:\/\/www.pagina12.com.ar\/resizer\/v2\/MTWRFZ2U3FDMXKC4UXRLLXRQBM.jpeg?quality=75&amp;smart=true&amp;auth=17b47b5c0ace6644d03e25e9b29b9b309226988c6850f62180ce2a0f040fc545&amp;width=360&amp;height=240 360w, https:\/\/www.pagina12.com.ar\/resizer\/v2\/MTWRFZ2U3FDMXKC4UXRLLXRQBM.jpeg?quality=75&amp;smart=true&amp;auth=17b47b5c0ace6644d03e25e9b29b9b309226988c6850f62180ce2a0f040fc545&amp;width=540&amp;height=360 540w, https:\/\/www.pagina12.com.ar\/resizer\/v2\/MTWRFZ2U3FDMXKC4UXRLLXRQBM.jpeg?quality=75&amp;smart=true&amp;auth=17b47b5c0ace6644d03e25e9b29b9b309226988c6850f62180ce2a0f040fc545&amp;width=720&amp;height=480 720w, https:\/\/www.pagina12.com.ar\/resizer\/v2\/MTWRFZ2U3FDMXKC4UXRLLXRQBM.jpeg?quality=75&amp;smart=true&amp;auth=17b47b5c0ace6644d03e25e9b29b9b309226988c6850f62180ce2a0f040fc545&amp;width=900&amp;height=600 900w\" alt=\"FOTO JULIO MARTIN MANCINI torneo apertura 2026 san lorenzo instituto de cordoba\" width=\"5180\" height=\"3454\" data-chromatic=\"ignore\" \/><\/div>\n<p><span class=\"c-media-item__caption\">El Cicl\u00f3n y la Gloria al final quedaron a mano.\u00a0<\/span><span class=\"c-media-item__credit\">(JULIO MARTIN MANCINI )<\/span><\/p>\n<p class=\"c-paragraph\">Y tras una gran recuperaci\u00f3n de Tripichio que dej\u00f3 a contrapierna a la defensa de la Gloria,\u00a0<b>la ocasi\u00f3n m\u00e1s clara estuvo en los pies de Goyo Rodr\u00edguez, quien\u00a0<\/b>captur\u00f3 el bal\u00f3n y con una comba\u00a0<b>hizo temblar un poste.<\/b><\/p>\n<p class=\"c-paragraph\"><b>La apertura<\/b>\u00a0del marcador\u00a0<b>lleg\u00f3 con una contra\u00a0<\/b>furibunda\u00a0<b>de los cordobeses<\/b>, donde\u00a0<b>M\u00e9ndez habilit\u00f3 a Sosa, quien\u00a0<\/b>ingresando libre por izquierda e\u00a0<b>infl\u00f3 la red sanlorencista para enmudecer el Pedro Bidegain.<\/b>\u00a0Por si fuera poco, antes del descanso Fonseca le quit\u00f3 a su compa\u00f1ero Luna la chance de engrosar el resultado.<\/p>\n<div class=\"p12-article-body__embed-responsive\" data-chromatic=\"ignore\">\n<div>\n<div><iframe loading=\"lazy\" title=\"VIETTO RESCAT\u00d3 UN EMPATE AG\u00d3NICO PARA EL CICL\u00d3N ANTE LA GLORIA | San Lorenzo 1-1 Instituto | RESUMEN\" src=\"https:\/\/www.youtube.com\/embed\/vGNoqbwWkso?feature=oembed\" width=\"560\" height=\"315\" frameborder=\"0\" allowfullscreen=\"allowfullscreen\" data-mce-fragment=\"1\"><\/iframe><\/div>\n<\/div>\n<\/div>\n<p class=\"c-paragraph\">De regreso de los vestuarios,\u00a0<b>el DT Dami\u00e1n Ayude movi\u00f3 el banco para ir en busca de la igualdad<\/b>, alentado por los c\u00e1nticos que bajaban de la tribuna. Sin embargo, el arquero Gill -en gran reacci\u00f3n- logr\u00f3 ahogarle el segundo a Luna.<\/p>\n<p class=\"c-paragraph\"><b>Con su incansable caudillo Roma\u00f1a batallando en las dos \u00e1reas, el Cicl\u00f3n empujaba<\/b>\u00a0y s\u00f3lo le faltaba justeza ante un adversario que sosten\u00eda la exigua ventaja, pero se replegaba demasiado.<\/p>\n<p class=\"c-paragraph\"><b>San Lorenzo tuvo premio al final con<\/b>\u00a0un cabezazo del ingresado\u00a0<b>Luciano Vietto que<\/b>\u00a0tap\u00f3 Roffo, pero en el rebote el ex Racing\u00a0<b>marc\u00f3 la igualdad. El reparto de puntos termin\u00f3 siendo justo.<\/b><\/p>\n<p style=\"text-align: center;\"><img loading=\"lazy\" decoding=\"async\" class=\"alignnone size-medium wp-image-33068\" src=\"https:\/\/www.sportchaco.com.ar\/wp-content\/uploads\/2026\/02\/Ahorros-de-Verano-BANNERS-WEB_300x600-14-5-150x300.gif\" alt=\"\" width=\"150\" height=\"300\" srcset=\"https:\/\/www.sportchaco.com.ar\/wp-content\/uploads\/2026\/02\/Ahorros-de-Verano-BANNERS-WEB_300x600-14-5-150x300.gif 150w, https:\/\/www.sportchaco.com.ar\/wp-content\/uploads\/2026\/02\/Ahorros-de-Verano-BANNERS-WEB_300x600-14-5-512x1024.gif 512w\" sizes=\"auto, (max-width: 150px) 100vw, 150px\" \/> <img loading=\"lazy\" decoding=\"async\" class=\"alignnone size-medium wp-image-33073\" src=\"https:\/\/www.sportchaco.com.ar\/wp-content\/uploads\/2026\/02\/MERCADO-LIBRE_120x200-01-180x300.gif\" alt=\"\" width=\"180\" height=\"300\" \/><\/p>\n<div class=\"c-stack b-single-chain\" data-style-direction=\"vertical\" data-style-justification=\"start\" data-style-alignment=\"unset\" data-style-inline=\"false\" data-style-wrap=\"nowrap\">\n<div class=\"c-stack b-single-chain__children-stack\" data-style-direction=\"vertical\" data-style-justification=\"start\" data-style-alignment=\"unset\" data-style-inline=\"false\" data-style-wrap=\"nowrap\">\n<h1 class=\"p12Heading h1 p12Header\">Platense y Defensa igualaron en Vicente L\u00f3pez<\/h1>\n<h3 class=\"p12Heading h3 p12Header\">El visitante domin\u00f3 la etapa inicial, y en el complemento fue el local el que tuvo la iniciativa.<\/h3>\n<div class=\"p12-article-info\">\n<hr class=\"p12-divider p12-divider--horizontal \" aria-hidden=\"true\" \/>\n<div class=\"article-info-content\">\n<div class=\"right-content\">\n<div class=\"p12SocialIcons\">\n<p>&nbsp;<\/p>\n<\/div>\n<\/div>\n<\/div>\n<hr class=\"p12-divider p12-divider--horizontal \" aria-hidden=\"true\" \/>\n<\/div>\n<div class=\"p12-lead-art\">\n<figure class=\"c-media-item\">\n<div class=\"p12-lead-art__image-wrapper\"><img loading=\"lazy\" decoding=\"async\" class=\"c-image\" src=\"https:\/\/www.pagina12.com.ar\/resizer\/v2\/63AOOXASLBANFJNEYOVELNO4NI.jpg?quality=75&amp;smart=true&amp;auth=35cb1b01b0eae596d6ee34b5dad12f704c172db7a8e3a1c80085406a2017eead&amp;width=1602&amp;height=1068\" sizes=\"auto, (max-width: 540px) 360px, (max-width: 900px) 540px, (max-width: 1200px) 720px, 900px\" srcset=\"https:\/\/www.pagina12.com.ar\/resizer\/v2\/63AOOXASLBANFJNEYOVELNO4NI.jpg?quality=75&amp;smart=true&amp;auth=35cb1b01b0eae596d6ee34b5dad12f704c172db7a8e3a1c80085406a2017eead&amp;width=360&amp;height=240 360w, https:\/\/www.pagina12.com.ar\/resizer\/v2\/63AOOXASLBANFJNEYOVELNO4NI.jpg?quality=75&amp;smart=true&amp;auth=35cb1b01b0eae596d6ee34b5dad12f704c172db7a8e3a1c80085406a2017eead&amp;width=540&amp;height=360 540w, https:\/\/www.pagina12.com.ar\/resizer\/v2\/63AOOXASLBANFJNEYOVELNO4NI.jpg?quality=75&amp;smart=true&amp;auth=35cb1b01b0eae596d6ee34b5dad12f704c172db7a8e3a1c80085406a2017eead&amp;width=720&amp;height=480 720w, https:\/\/www.pagina12.com.ar\/resizer\/v2\/63AOOXASLBANFJNEYOVELNO4NI.jpg?quality=75&amp;smart=true&amp;auth=35cb1b01b0eae596d6ee34b5dad12f704c172db7a8e3a1c80085406a2017eead&amp;width=900&amp;height=600 900w\" alt=\"NOTICIAS ARGENTINAS BAIRES FEBRERO 24: Platense se enfrenta a Defensa y Justicia en el estadio Ciudad de Vicente Lopez, por la fecha 7 del Torneo Apertura 2026 de la Liga Profesional. FOTO: (X\/REDES@Platense)\/NA.\" width=\"1602\" height=\"1068\" data-chromatic=\"ignore\" \/><\/div><figcaption class=\"c-media-item__fig-caption\"><span class=\"c-media-item__title\">El encuentro fue muy equilibrado.\u00a0<\/span><span class=\"c-media-item__credit\">(NA)<\/span><\/figcaption><\/figure>\n<\/div>\n<\/div>\n<\/div>\n<div class=\"article-content\">\n<article class=\"p12-article-body \">\n<p class=\"c-paragraph\">Platense y Defensa y Justicia igualaron sin goles en Vicente L\u00f3pez en un partido que estuvo parejo y repartido, en el que los arqueros fueron determinantes.<\/p>\n<p class=\"c-paragraph\">El visitante domin\u00f3 la etapa inicial pero se encontr\u00f3 con una s\u00f3lida actuaci\u00f3n de Mat\u00edas Borgogno en Platense, mientras que el local creci\u00f3 en el complemento sin poder vulnerar a Cristopher Fiermar\u00edn en Defensa y Justicia.<\/p>\n<p class=\"c-paragraph\">Defensa y Justicia avis\u00f3 desde el inicio con un intento lejano de Ruben Botta, quien volvi\u00f3 a exigir a Borgogno a los ocho minutos con un remate sin \u00e1ngulo que termin\u00f3 en c\u00f3rner.<\/p>\n<p class=\"c-paragraph\">El conjunto visitante fue superior en ese tramo y gener\u00f3 las ocasiones m\u00e1s claras. A los 15 minutos, Agust\u00edn Hausch desbord\u00f3 y asisti\u00f3 a Aaron Molinas, que defini\u00f3 desviado frente al arco en una chance inmejorable.<\/p>\n<p class=\"c-paragraph\">El de Varela volvi\u00f3 a quedar cerca inmediatamente despu\u00e9s: Juan Manuel Guti\u00e9rrez pic\u00f3 solo por izquierda, super\u00f3 al arquero con una definici\u00f3n por arriba y cuando la pelota ten\u00eda destino de red apareci\u00f3 Ignacio V\u00e1zquez para salvar sobre la l\u00ednea y sostener el empate.<\/p>\n<p class=\"c-paragraph\">En el complemento cambi\u00f3 la din\u00e1mica. Platense adelant\u00f3 l\u00edneas y logr\u00f3 inquietar por primera vez con un remate apenas ancho de Facundo Nasif a los cuatro minutos, en una acci\u00f3n que todo el banco local reclam\u00f3 como penal. El \u00e1rbitro Bruno Amiconi sancion\u00f3 c\u00f3rner y la visita respir\u00f3. Fuente P\u00e1gina 12<\/p>\n<p><strong>CENTRAL CORDOBA 2- TALLERES 0<\/strong><\/p>\n<div class=\"Y3BBE\" data-sfc-cp=\"\" data-hveid=\"CAIQAA\" data-complete=\"true\" data-processed=\"true\"><mark class=\"HxTRcb\" data-complete=\"true\" data-sae=\"\"><strong class=\"Yjhzub\" data-complete=\"true\">Central C\u00f3rdoba (SE)<\/strong>\u00a0venci\u00f3 a\u00a0<strong class=\"Yjhzub\" data-complete=\"true\">Talleres de C\u00f3rdoba<\/strong>\u00a0por\u00a0<strong class=\"Yjhzub\" data-complete=\"true\">2-0<\/strong>\u00a0este\u00a0<strong class=\"Yjhzub\" data-complete=\"true\">24 de febrero de 2026<\/strong><\/mark>. El encuentro correspondi\u00f3 a la fecha 7 del\u00a0<strong class=\"Yjhzub\" data-complete=\"true\" data-processed=\"true\">Torneo Apertura 2026<\/strong>\u00a0de la Liga Profesional de F\u00fatbol y se disput\u00f3 en el Estadio \u00danico Madre de Ciudades.<span class=\"uJ19be notranslate\" data-wiz-uids=\"t6amob_j,t6amob_k\" data-complete=\"true\" data-processed=\"true\"><span class=\"vKEkVd\" data-animation-atomic=\"\" data-wiz-attrbind=\"class=t6amob_i\/TKHnVd\" data-sae=\"\"><span aria-hidden=\"true\">\u00a0<\/span><button class=\"rBl3me IWyTpf pjvauc\" tabindex=\"0\" data-amic=\"true\" data-icl-uuid=\"f8a96627-2a6b-4a21-8b50-e0238c36ceea\" aria-label=\"Instagram (m\u00e1s de 4) - Ver v\u00ednculos relacionados\" data-wiz-attrbind=\"disabled=t6amob_i\/C5gNJc;aria-label=t6amob_i\/bOjMyf;class=t6amob_i\/UpSNec\" data-ved=\"2ahUKEwijxfjbxvOSAxWcFLkGHQiaCsMQye0OegQIAhAC\"><\/button><\/span><\/span><\/p>\n<div class=\"Fwa2Od\" data-animation-skip=\"\" data-signal-inputs=\"scS1X=t6amob_i\/scS1X\" data-ved=\"2ahUKEwijxfjbxvOSAxWcFLkGHQiaCsMQ3s0SegQIAhAD\" data-complete=\"true\"><span class=\"wJwe6c\"><span class=\"iFMVXd\">Instagram<\/span><span class=\"IjM6od\">\u00a0+4<\/span><\/span><\/div>\n<\/div>\n<div class=\"Fsg96\" data-sfc-cp=\"\" data-complete=\"true\" data-processed=\"true\"><\/div>\n<div data-complete=\"true\" data-processed=\"true\">\n<div class=\"gJ1nGf\" data-hveid=\"CAMQAA\" data-processed=\"true\">\n<div data-hveid=\"CAMQAQ\" data-processed=\"true\">\n<div class=\"HoC8Lc\" data-processed=\"true\">\n<div class=\"aPpjh\" data-hveid=\"CAMQAg\" data-processed=\"true\"><\/div>\n<div class=\"dBgfgc tZDWW\" data-processed=\"true\"><\/div>\n<div class=\"aPpjh\" data-processed=\"true\">\n<div class=\"r45Kad qFzGYe\" data-processed=\"true\"><\/div>\n<div class=\"TSaTib\" data-processed=\"true\"><\/div>\n<\/div>\n<\/div>\n<\/div>\n<\/div>\n<\/div>\n<div class=\"otQkpb\" role=\"heading\" aria-level=\"3\" data-animation-nesting=\"\" data-sfc-cp=\"\" data-complete=\"true\" data-processed=\"true\" data-sae=\"\"><\/div>\n<div class=\"Y3BBE\" data-sfc-cp=\"\" data-hveid=\"CAUQAA\" data-complete=\"true\" data-processed=\"true\">El triunfo del \u00abFerroviario\u00bb se destac\u00f3 por la \u00abley del ex\u00bb, ya que ambos goles fueron convertidos por futbolistas con pasado en el conjunto cordob\u00e9s:<span class=\"uJ19be notranslate\" data-wiz-uids=\"t6amob_y,t6amob_z\" data-complete=\"true\" data-processed=\"true\"><span class=\"vKEkVd\" data-animation-atomic=\"\" data-wiz-attrbind=\"class=t6amob_x\/TKHnVd\" data-sae=\"\"><span aria-hidden=\"true\">\u00a0<\/span><button class=\"rBl3me IWyTpf pjvauc\" tabindex=\"0\" data-amic=\"true\" data-icl-uuid=\"a313dd52-df7c-4c37-8c5e-9f0240525da2\" aria-label=\"ESPN Deportes (m\u00e1s de 3) - Ver v\u00ednculos relacionados\" data-wiz-attrbind=\"disabled=t6amob_x\/C5gNJc;aria-label=t6amob_x\/bOjMyf;class=t6amob_x\/UpSNec\" data-ved=\"2ahUKEwijxfjbxvOSAxWcFLkGHQiaCsMQye0OegQIBRAB\"><\/button><\/span><\/span><\/p>\n<div class=\"Fwa2Od\" data-animation-skip=\"\" data-signal-inputs=\"scS1X=t6amob_x\/scS1X\" data-ved=\"2ahUKEwijxfjbxvOSAxWcFLkGHQiaCsMQ3s0SegQIBRAC\" data-complete=\"true\"><span class=\"wJwe6c\"><span class=\"iFMVXd\">ESPN Deportes<\/span><span class=\"IjM6od\">\u00a0+3<\/span><\/span><\/div>\n<\/div>\n<ul class=\"KsbFXc U6u95\" data-complete=\"true\" data-processed=\"true\">\n<li class=\"dF3vjf\" data-hveid=\"CAYQAA\" data-complete=\"true\" data-sae=\"\"><span class=\"T286Pc\" data-sfc-cp=\"\" data-complete=\"true\"><strong class=\"Yjhzub\" data-complete=\"true\">Diego Barrera:<\/strong>\u00a0Abri\u00f3 el marcador a los 17 minutos del segundo tiempo. Actualmente se encuentra a pr\u00e9stamo en Central C\u00f3rdoba desde\u00a0<span data-sfc-cp=\"\" data-wiz-uids=\"t6amob_19\" data-complete=\"true\"><a class=\"H23r4e\" href=\"https:\/\/www.clubtalleres.com.ar\/\" target=\"_blank\" rel=\"noopener\" data-hveid=\"CAYQAQ\">Talleres<\/a><\/span>.<\/span><\/li>\n<li class=\"dF3vjf\" data-hveid=\"CAYQAg\" data-complete=\"true\" data-sae=\"\"><span class=\"T286Pc\" data-sfc-cp=\"\" data-complete=\"true\"><strong class=\"Yjhzub\" data-complete=\"true\">Michael Santos:<\/strong>\u00a0Sell\u00f3 el resultado a los 28 minutos del complemento. El delantero uruguayo es un referente hist\u00f3rico reciente de la \u00abT\u00bb.<\/span><span class=\"uJ19be notranslate\" data-wiz-uids=\"t6amob_1e,t6amob_1f\" data-complete=\"true\"><span class=\"vKEkVd\" data-animation-atomic=\"\" data-wiz-attrbind=\"class=t6amob_1d\/TKHnVd\" data-sae=\"\"><span aria-hidden=\"true\">\u00a0<\/span><button class=\"rBl3me IWyTpf pjvauc\" tabindex=\"0\" data-amic=\"true\" data-icl-uuid=\"1b7c9362-3c33-4f2d-910b-0531e0409457\" aria-label=\"ESPN Deportes (m\u00e1s de 1) - Ver v\u00ednculos relacionados\" data-wiz-attrbind=\"disabled=t6amob_1d\/C5gNJc;aria-label=t6amob_1d\/bOjMyf;class=t6amob_1d\/UpSNec\" data-ved=\"2ahUKEwijxfjbxvOSAxWcFLkGHQiaCsMQye0OegQIBhAD\"><\/button><\/span><\/span><\/li>\n<\/ul>\n<div class=\"Fsg96\" data-sfc-cp=\"\" data-complete=\"true\" data-processed=\"true\"><\/div>\n<div data-subtree=\"aimba\" data-complete=\"true\" data-processed=\"true\">\n<div class=\"Jd31eb\" data-complete=\"true\" data-processed=\"true\"><\/div>\n<\/div>\n<div class=\"Fsg96\" data-sfc-cp=\"\" data-complete=\"true\" data-processed=\"true\"><\/div>\n<div class=\"otQkpb\" role=\"heading\" aria-level=\"3\" data-animation-nesting=\"\" data-sfc-cp=\"\" data-complete=\"true\" data-processed=\"true\" data-sae=\"\">Situaci\u00f3n en el Torneo<\/div>\n<div class=\"Y3BBE\" data-sfc-cp=\"\" data-hveid=\"CAgQAA\" data-complete=\"true\" data-processed=\"true\">Con este resultado, el equipo santiague\u00f1o alcanz\u00f3 los\u00a0<strong class=\"Yjhzub\" data-complete=\"true\" data-processed=\"true\">8 puntos<\/strong>\u00a0en la tabla, logrando su segunda victoria en el certamen. Por su parte, el equipo dirigido por\u00a0<strong class=\"Yjhzub\" data-complete=\"true\" data-processed=\"true\">Carlos Tevez<\/strong>\u00a0se mantiene con\u00a0<strong class=\"Yjhzub\" data-complete=\"true\" data-processed=\"true\">10 unidades<\/strong>\u00a0tras sufrir su tercera derrota en la temporada<\/div>\n<div data-sfc-cp=\"\" data-hveid=\"CAgQAA\" data-complete=\"true\" data-processed=\"true\"><\/div>\n<\/article>\n<\/div>\n<\/article>\n<\/div>\n","protected":false},"excerpt":{"rendered":"<p>En el Bajo Flores,\u00a0San Lorenzo empat\u00f3 1-1 con Instituto de C\u00f3rdoba, por la\u00a0s\u00e9ptima fecha\u00a0del\u00a0Torneo Apertura. El duelo arranc\u00f3 con el visitante como protagonista.\u00a0Una corrida por el sector derecho de C\u00f3rdoba termin\u00f3 con el paraguayo Gill desactivando el remate del colombiano. M\u00e1s tarde y a partir de un tiro de esquina, Mosevich logr\u00f3 conectar de cabeza &hellip;<\/p>\n","protected":false},"author":2,"featured_media":33116,"comment_status":"open","ping_status":"open","sticky":false,"template":"","format":"standard","meta":{"footnotes":""},"categories":[47],"tags":[],"class_list":["post-33115","post","type-post","status-publish","format-standard","has-post-thumbnail","hentry","category-nacionales"],"_links":{"self":[{"href":"https:\/\/www.sportchaco.com.ar\/index.php?rest_route=\/wp\/v2\/posts\/33115","targetHints":{"allow":["GET"]}}],"collection":[{"href":"https:\/\/www.sportchaco.com.ar\/index.php?rest_route=\/wp\/v2\/posts"}],"about":[{"href":"https:\/\/www.sportchaco.com.ar\/index.php?rest_route=\/wp\/v2\/types\/post"}],"author":[{"embeddable":true,"href":"https:\/\/www.sportchaco.com.ar\/index.php?rest_route=\/wp\/v2\/users\/2"}],"replies":[{"embeddable":true,"href":"https:\/\/www.sportchaco.com.ar\/index.php?rest_route=%2Fwp%2Fv2%2Fcomments&post=33115"}],"version-history":[{"count":3,"href":"https:\/\/www.sportchaco.com.ar\/index.php?rest_route=\/wp\/v2\/posts\/33115\/revisions"}],"predecessor-version":[{"id":33142,"href":"https:\/\/www.sportchaco.com.ar\/index.php?rest_route=\/wp\/v2\/posts\/33115\/revisions\/33142"}],"wp:featuredmedia":[{"embeddable":true,"href":"https:\/\/www.sportchaco.com.ar\/index.php?rest_route=\/wp\/v2\/media\/33116"}],"wp:attachment":[{"href":"https:\/\/www.sportchaco.com.ar\/index.php?rest_route=%2Fwp%2Fv2%2Fmedia&parent=33115"}],"wp:term":[{"taxonomy":"category","embeddable":true,"href":"https:\/\/www.sportchaco.com.ar\/index.php?rest_route=%2Fwp%2Fv2%2Fcategories&post=33115"},{"taxonomy":"post_tag","embeddable":true,"href":"https:\/\/www.sportchaco.com.ar\/index.php?rest_route=%2Fwp%2Fv2%2Ftags&post=33115"}],"curies":[{"name":"wp","href":"https:\/\/api.w.org\/{rel}","templated":true}]}}