{"id":33139,"date":"2026-02-24T23:03:04","date_gmt":"2026-02-25T02:03:04","guid":{"rendered":"https:\/\/www.sportchaco.com.ar\/?p=33139"},"modified":"2026-02-24T23:03:04","modified_gmt":"2026-02-25T02:03:04","slug":"doblete-de-adam-bareiro-en-el-primer-partido-en-boca","status":"publish","type":"post","link":"https:\/\/www.sportchaco.com.ar\/?p=33139","title":{"rendered":"Doblete de Adam Bareiro en el primer partido en Boca"},"content":{"rendered":"<h1><\/h1>\n<h1><time datetime=\"2026-02-24T22:41:19-03:00\">24\/02\/2026<\/time><\/h1>\n<h5>A Bareiro le bast\u00f3 un partido para hacer sus primeros goles en Boca, algo que nunca pudo hacer en River Con apenas un pu\u00f1ado de pr\u00e1cticas en Ezeiza, el delantero se meti\u00f3 en el once de \u00dabeda y sobre el final del primer tiempo anot\u00f3 por primera vez con la azul y oro, algo que no pudo hacer en sus 16 partidos con el Millonario.<\/h5>\n<div class=\"containerGrid\">\n<div class=\"col6 author\"><\/div>\n<\/div>\n<figure data-modal-description=\"Adam Bareiro y un festejo a lo Riquelme: hizo el Topo Gigio tras su doblete en Boca.\" data-modal-image=\"https:\/\/media.tycsports.com\/files\/2026\/02\/24\/926622\/adam-bareiro_w862.webp\"><figcaption><\/figcaption><\/figure>\n<p>&nbsp;<\/p>\n<p>Luego de un pu\u00f1ado de pr\u00e1cticas con sus nuevos compa\u00f1eros,\u00a0<b>Adam Bareiro tuvo un debut so\u00f1ado con la camiseta de Boca. Le bastaron 60 minutos para <span style=\"color: #000000;\">convertir un doblete en el\u00a0<\/span><\/b><span style=\"color: #000000;\"><a style=\"color: #000000;\" href=\"https:\/\/www.tycsports.com\/copa-argentina\/argentina-copa-argentina-2026-boca-juniors-vs-gimnasia-y-esgrima-chivilcoy-llave-16-id714567.html\" target=\"_blank\" rel=\"noopener\">encuentro ante Gimnasia de Chivilcoy por los 32avos de final de la Copa Argentina<\/a>. El r<\/span>endimiento de esta noche en el Padre Martearena de Salta contrasta con lo mostrado en River, donde no pudo convertir en los 16 partidos que disput\u00f3.<\/p>\n<div class=\"alsoReadContainer\">\n<h2 class=\"alsoReadText\"><em><strong><img loading=\"lazy\" decoding=\"async\" class=\"mainImg r16x9 aligncenter\" title=\"Adam Bareiro\" src=\"https:\/\/media.tycsports.com\/files\/2026\/02\/24\/926622\/adam-bareiro_416x234.webp?v=1\" srcset=\"https:\/\/media.tycsports.com\/files\/2026\/02\/24\/926622\/adam-bareiro_416x234.webp?v=1 960w,https:\/\/media.tycsports.com\/files\/2026\/02\/24\/926622\/adam-bareiro_862x485.webp?v=1 1024w\" alt=\"Adam Bareiro\" width=\"416\" height=\"234\" \/><\/strong><\/em><\/h2>\n<p style=\"text-align: center;\"><em><strong>Adam Bareiro y un festejo a lo Riquelme: hizo el Topo Gigio tras su doblete en Boca.<\/strong><\/em><\/p>\n<\/div>\n<p><span style=\"color: #000000;\">Sin siquiera completar una semana de entrenamientos junto al plantel, el paraguayo, que pis\u00f3 suelo argentino el mismo viernes que el Xeneize empat\u00f3 con Racing, se meti\u00f3 r\u00e1pidamente en la consideraci\u00f3n de Claudio \u00dabeda;<a style=\"color: #000000;\" href=\"https:\/\/www.tycsports.com\/boca-juniors\/cuanta-plata-recibe-river-por-el-pase-de-bareiro-a-boca-op-id713855.html\" target=\"_blank\" rel=\"noopener\">\u00a0una se\u00f1al de la confianza que depositan puertas adentro por el delantero que vali\u00f3 3 millones d\u00f3lares<\/a>,\u00a0<b>pero tambi\u00e9n una muestra de las urgencias internas en el frente de ataque.<\/b><\/span><\/p>\n<p><span style=\"color: #000000;\">A<\/span> los cuatro minutos de comenzado el partido, se invirtieron los roles con \u00c1ngel Romero y su compatriota le baj\u00f3 una pelota que lo dej\u00f3 mano a mano ante Nicol\u00e1s Dormisch. Ante la salida del arquero,<b>\u00a0el centrodelantero quiso picarla, con la mala fortuna de que el guardameta logr\u00f3 manotear la pelota y evitar el gol<\/b>. Tampoco pudo aprovechar el rebote, ya que fue incomodado por los defensores rivales.<\/p>\n<p>Sobre el final de la primera etapa, tras una buena combinaci\u00f3n entre Lucas Janson y Malcom Braida por el costado izquierdo,\u00a0<b>Bareiro aprovech\u00f3 un centro del ex-V\u00e9lez para, de zurda, vencer la resistencia de Dormisch y convertir su primer tanto con la camiseta de Boca<\/b>.<\/p>\n<p>Ya en el segundo tiempo, el centrodelantero recibi\u00f3 un gran centro desde la izquierda de Marco Pellegrino e hizo uso de una de sus especialidades: el cabezazo.\u00a0<b>Le gan\u00f3 f\u00e1cilmente al zaguero rival y la puso contra el palo derecho del arquer<\/b>o, que nada pudo hacer.<\/p>\n<div class=\"gallery\">\n<div class=\"main-slide\">\n<div id=\"slide1\" class=\"slide show\">\n<div id=\"video-cb-1849862\" class=\"videoPlayer cb-async\" data-contentid=\"1849862\" data-islive=\"false\" data-imaads=\"true\" data-src-video=\"https:\/\/genoa-player-api.vodgc.net\/content\/manifest\/1849862?default_quality=480P&amp;pid=11\" data-poster=\"https:\/\/media.tycsports.com\/files\/2026\/02\/24\/926608\/bareiro-hizo-su-primer-gol-en-boca-para-el-1-0-ante-gimnasia-de-chivilcoy_416x234.webp\" data-videotitle=\"Bareiro hizo su primer gol en Boca para el 1-0 ante Gimnasia de Chivilcoy\" data-related-videos=\"{&quot;related&quot;:[{&quot;title&quot;:&quot;La tapada de Dormisch a Alarc\u00f3n en Boca vs. Gimnasia (C)&quot;,&quot;image&quot;:&quot;https:\/\/media.tycsports.com\/files\/2026\/02\/24\/926618\/la-tapada-de-dormisch-a-alarcon-en-boca-vs-gimnasia-c_267x150.webp&quot;,&quot;href&quot;:&quot;https:\/\/www.tycsports.com\/video\/boca-juniors\/la-tapada-de-dormisch-a-alarcon-en-boca-vs-gimnasia-c-id926618.html&quot;},{&quot;title&quot;:&quot;El golazo de Santiago Rodr\u00edguez para Independiente ante Gimnasia Mendoza&quot;,&quot;image&quot;:&quot;https:\/\/media.tycsports.com\/files\/2026\/02\/24\/926614\/el-golazo-de-santiago-rodriguez-para-independiente-ante-gimnasia-mendoza_267x150.webp&quot;,&quot;href&quot;:&quot;https:\/\/www.tycsports.com\/video\/independiente\/el-golazo-de-santiago-rodriguez-para-independiente-ante-gimnasia-mendoza-id926614.html&quot;},{&quot;title&quot;:&quot;Lo tuvo Boca: el cabezazo de Pellegrino dio en el travesa\u00f1o&quot;,&quot;image&quot;:&quot;https:\/\/media.tycsports.com\/files\/2026\/02\/24\/926606\/lo-tuvo-boca-el-cabezazo-de-pellegrino-dio-en-el-travesano_267x150.webp&quot;,&quot;href&quot;:&quot;https:\/\/www.tycsports.com\/video\/boca-juniors\/lo-tuvo-boca-el-cabezazo-de-pellegrino-dio-en-el-travesano-id926606.html&quot;},{&quot;title&quot;:&quot;Lo tuvo Boca: el cabezazo de Pellegrino dio en el travesa\u00f1o&quot;,&quot;image&quot;:&quot;https:\/\/media.tycsports.com\/files\/2026\/02\/24\/926606\/lo-tuvo-boca-el-cabezazo-de-pellegrino-dio-en-el-travesano_267x150.webp&quot;,&quot;href&quot;:&quot;https:\/\/www.tycsports.com\/video\/boca-juniors\/lo-tuvo-boca-el-cabezazo-de-pellegrino-dio-en-el-travesano-id926606.html&quot;},{&quot;title&quot;:&quot;El penal que no fue de Dormisch sobre Janson en Boca vs. Gimnasia (C)&quot;,&quot;image&quot;:&quot;https:\/\/media.tycsports.com\/files\/2026\/02\/24\/926605\/el-penal-que-no-fue-de-dormisch-sobre-janson-en-boca-vs-gimnasia-c_267x150.webp&quot;,&quot;href&quot;:&quot;https:\/\/www.tycsports.com\/video\/boca-juniors\/el-penal-que-no-fue-de-dormisch-sobre-janson-en-boca-vs-gimnasia-c-id926605.html&quot;}]}\">\n<h4 class=\"videoTextTitle\"><\/h4>\n<\/div>\n<\/div>\n<\/div>\n<\/div>\n<p>&nbsp;<\/p>\n<p><img decoding=\"async\" class=\"aligncenter\" src=\"https:\/\/image-service.onefootball.com\/transform?w=280&amp;h=168&amp;dpr=2&amp;image=https%3A%2F%2Flanumero12.com.ar%2Fwp-content%2Fuploads%2F2026%2F02%2FFestejo-gol-Boca-vs-Gimnasia-de-Chivilcoy-Copa-Argentina-2026.jpg\" alt=\"Debut y gol para Adam Bareiro en Boca: convirti\u00f3 por Copa Argentina |  OneFootball\" \/><\/p>\n<p style=\"text-align: center;\"><img loading=\"lazy\" decoding=\"async\" class=\"alignnone size-medium wp-image-33071\" src=\"https:\/\/www.sportchaco.com.ar\/wp-content\/uploads\/2026\/02\/BANNER-WEB-MOSQUITOS-SALUD_300x600-17-3-150x300.gif\" alt=\"\" width=\"150\" height=\"300\" \/> <img loading=\"lazy\" decoding=\"async\" class=\"alignnone size-medium wp-image-33073\" src=\"https:\/\/www.sportchaco.com.ar\/wp-content\/uploads\/2026\/02\/MERCADO-LIBRE_120x200-01-180x300.gif\" alt=\"\" width=\"180\" height=\"300\" \/><\/p>\n","protected":false},"excerpt":{"rendered":"<p>24\/02\/2026 A Bareiro le bast\u00f3 un partido para hacer sus primeros goles en Boca, algo que nunca pudo hacer en River Con apenas un pu\u00f1ado de pr\u00e1cticas en Ezeiza, el delantero se meti\u00f3 en el once de \u00dabeda y sobre el final del primer tiempo anot\u00f3 por primera vez con la azul y oro, algo &hellip;<\/p>\n","protected":false},"author":2,"featured_media":33140,"comment_status":"open","ping_status":"open","sticky":false,"template":"","format":"standard","meta":{"footnotes":""},"categories":[47],"tags":[],"class_list":["post-33139","post","type-post","status-publish","format-standard","has-post-thumbnail","hentry","category-nacionales"],"_links":{"self":[{"href":"https:\/\/www.sportchaco.com.ar\/index.php?rest_route=\/wp\/v2\/posts\/33139","targetHints":{"allow":["GET"]}}],"collection":[{"href":"https:\/\/www.sportchaco.com.ar\/index.php?rest_route=\/wp\/v2\/posts"}],"about":[{"href":"https:\/\/www.sportchaco.com.ar\/index.php?rest_route=\/wp\/v2\/types\/post"}],"author":[{"embeddable":true,"href":"https:\/\/www.sportchaco.com.ar\/index.php?rest_route=\/wp\/v2\/users\/2"}],"replies":[{"embeddable":true,"href":"https:\/\/www.sportchaco.com.ar\/index.php?rest_route=%2Fwp%2Fv2%2Fcomments&post=33139"}],"version-history":[{"count":1,"href":"https:\/\/www.sportchaco.com.ar\/index.php?rest_route=\/wp\/v2\/posts\/33139\/revisions"}],"predecessor-version":[{"id":33141,"href":"https:\/\/www.sportchaco.com.ar\/index.php?rest_route=\/wp\/v2\/posts\/33139\/revisions\/33141"}],"wp:featuredmedia":[{"embeddable":true,"href":"https:\/\/www.sportchaco.com.ar\/index.php?rest_route=\/wp\/v2\/media\/33140"}],"wp:attachment":[{"href":"https:\/\/www.sportchaco.com.ar\/index.php?rest_route=%2Fwp%2Fv2%2Fmedia&parent=33139"}],"wp:term":[{"taxonomy":"category","embeddable":true,"href":"https:\/\/www.sportchaco.com.ar\/index.php?rest_route=%2Fwp%2Fv2%2Fcategories&post=33139"},{"taxonomy":"post_tag","embeddable":true,"href":"https:\/\/www.sportchaco.com.ar\/index.php?rest_route=%2Fwp%2Fv2%2Ftags&post=33139"}],"curies":[{"name":"wp","href":"https:\/\/api.w.org\/{rel}","templated":true}]}}