{"id":33183,"date":"2026-02-26T11:14:59","date_gmt":"2026-02-26T14:14:59","guid":{"rendered":"https:\/\/www.sportchaco.com.ar\/?p=33183"},"modified":"2026-02-26T11:14:59","modified_gmt":"2026-02-26T14:14:59","slug":"politica-deportiva-en-la-comunidad-organizada-obra-de-sager-y-bittel-se-presenta-en-la-universidad-popular-de-resistencia","status":"publish","type":"post","link":"https:\/\/www.sportchaco.com.ar\/?p=33183","title":{"rendered":"Pol\u00edtica Deportiva en la Comunidad Organizada obra de Sager y Bittel, se presenta en la Universidad Popular de Resistencia."},"content":{"rendered":"<div class=\"html-div xdj266r x14z9mp xat24cr x1lziwak xexx8yu xyri2b x18d9i69 x1c1uobl\">\n<div class=\"html-div xdj266r x14z9mp xat24cr x1lziwak xexx8yu xyri2b x18d9i69 x1c1uobl\">\n<div class=\"html-div xdj266r x14z9mp xat24cr x1lziwak xexx8yu xyri2b x18d9i69 x1c1uobl\">\n<div class=\"html-div xdj266r x14z9mp xat24cr x1lziwak xexx8yu xyri2b x18d9i69 x1c1uobl\">\n<div class=\"html-div xdj266r x14z9mp xat24cr x1lziwak xexx8yu xyri2b x18d9i69 x1c1uobl\" dir=\"auto\">\n<div class=\"html-div xdj266r x14z9mp xat24cr x1lziwak xexx8yu xyri2b x18d9i69 x1c1uobl\" data-ad-rendering-role=\"story_message\">\n<div class=\"x1l90r2v x1iorvi4 x1g0dm76 xpdmqnj\" data-ad-comet-preview=\"message\" data-ad-preview=\"message\">\n<div class=\"x78zum5 xdt5ytf xz62fqu x16ldp7u\">\n<div class=\"xu06os2 x1ok221b\">\n<div class=\"html-div xdj266r x14z9mp xat24cr x1lziwak xexx8yu xyri2b x18d9i69 x1c1uobl\">\n<div class=\"xdj266r x14z9mp xat24cr x1lziwak x1vvkbs x126k92a\">\n<div dir=\"auto\"><\/div>\n<div dir=\"auto\"><\/div>\n<div dir=\"auto\">Pol\u00edtica Deportiva en la Comunidad Organizada se expondr\u00e1 a las 19, en la Universidad Popular de Resistencia.<\/div>\n<div dir=\"auto\"><\/div>\n<\/div>\n<div class=\"x14z9mp xat24cr x1lziwak x1vvkbs xtlvy1s x126k92a\">\n<div dir=\"auto\">Como parte de la 26\u00b0 Feria del Libro Chac\u00fa Guaran\u00edtica, este jueves 26 de febrero, a las 19, se presentar\u00e1 el libro Pol\u00edtica Deportiva en la Comunidad Organizada.<\/div>\n<\/div>\n<div class=\"x14z9mp xat24cr x1lziwak x1vvkbs xtlvy1s x126k92a\">\n<div dir=\"auto\">Ra\u00fal Bittel se desempe\u00f1\u00f3 como presidente del Instituto del Deporte.<\/div>\n<\/div>\n<div class=\"x14z9mp xat24cr x1lziwak x1vvkbs xtlvy1s x126k92a\">\n<div dir=\"auto\">La obra escrita por Hugo A. Sager y Ra\u00fal Gerardo Bittel invita a repensar el deporte como una verdadera pol\u00edtica p\u00fablica orientada a la inclusi\u00f3n, la organizaci\u00f3n comunitaria y el fortalecimiento del tejido social, el auditorio Universidad Popular, Mitre y Santa Fe de Resistencia.<\/div>\n<\/div>\n<div class=\"x14z9mp xat24cr x1lziwak x1vvkbs xtlvy1s x126k92a\">\n<div dir=\"auto\">La invitaci\u00f3n est\u00e1 abierta a toda la comunidad para reflexionar sobre la defensa del deportista y de sus instituciones, el est\u00edmulo permanente a las actividades deportivas y la protecci\u00f3n del Deporte para Todos, una perspectiva cada vez m\u00e1s necesaria en el actual contexto social.<\/div>\n<\/div>\n<div class=\"x14z9mp xat24cr x1lziwak x1vvkbs xtlvy1s x126k92a\">\n<div dir=\"auto\">Pol\u00edtica deportiva en la comunidad organizada<\/div>\n<\/div>\n<div class=\"x14z9mp xat24cr x1lziwak x1vvkbs xtlvy1s x126k92a\">\n<div dir=\"auto\">El deporte no es solamente competencia, espect\u00e1culo o recreaci\u00f3n. El deporte es, ante todo, una herramienta poderosa de transformaci\u00f3n social. All\u00ed donde hay una cancha, un club o un espacio de encuentro, hay comunidad, hay valores y hay futuro.<\/div>\n<div dir=\"auto\">Cuando hablamos de pol\u00edtica deportiva en una comunidad organizada, hablamos de garantizar que cada ni\u00f1o, cada joven y cada adulto tenga la oportunidad de participar, de integrarse y de crecer a trav\u00e9s de la actividad f\u00edsica y el deporte. Hablamos de igualdad de oportunidades, de inclusi\u00f3n y de justicia social.<\/div>\n<div dir=\"auto\">Los clubes de barrio, las escuelas deportivas, las asociaciones civiles y las instituciones intermedias cumplen un rol insustituible. Son verdaderas f\u00e1bricas de ciudadan\u00eda. All\u00ed se aprende a respetar reglas, a trabajar en equipo, a superar frustraciones y a celebrar logros colectivos. All\u00ed se construyen v\u00ednculos que muchas veces salvan vidas.<\/div>\n<div dir=\"auto\">Por eso, el deporte debe ser una pol\u00edtica p\u00fablica sostenida en el tiempo, no una acci\u00f3n aislada ni un privilegio para pocos. Invertir en deporte es invertir en salud, en educaci\u00f3n, en seguridad y en desarrollo humano. Cada peso destinado a una cancha, a un profesor o a un programa deportivo es una inversi\u00f3n en convivencia social y en oportunidades.<\/div>\n<div dir=\"auto\">Una comunidad organizada se construye con un Estado presente, pero tambi\u00e9n con la participaci\u00f3n activa de las instituciones y de los vecinos. El desaf\u00edo es trabajar juntos: municipios, provincias, naci\u00f3n, clubes, escuelas y familias, articulando esfuerzos para que el deporte llegue a todos los rincones.<\/div>\n<div dir=\"auto\">El compromiso es claro: que ning\u00fan chico quede afuera, que ning\u00fan barrio carezca de espacios deportivos, que ning\u00fan talento se pierda por falta de oportunidades. Pero, sobre todo, que cada persona encuentre en el deporte un camino de crecimiento personal y colectivo.<\/div>\n<div dir=\"auto\">Porque cuando el deporte se convierte en pol\u00edtica de Estado y en pr\u00e1ctica comunitaria, deja de ser solo un juego para transformarse en una escuela de vida.<\/div>\n<div dir=\"auto\">Construir una sociedad m\u00e1s sana, m\u00e1s integrada y m\u00e1s solidaria es posible. Y el deporte, sin dudas, es uno de los caminos m\u00e1s nobles y eficaces para lograrlo.<\/div>\n<\/div>\n<\/div>\n<\/div>\n<\/div>\n<\/div>\n<\/div>\n<\/div>\n<div class=\"html-div xdj266r x14z9mp xat24cr x1lziwak xexx8yu xyri2b x18d9i69 x1c1uobl x1n2onr6\">\n<div class=\"html-div xdj266r x14z9mp xat24cr x1lziwak xexx8yu xyri2b x18d9i69 x1c1uobl x1n2onr6\">\n<div class=\"html-div xdj266r x14z9mp xat24cr x1lziwak xexx8yu xyri2b x18d9i69 x1c1uobl\">\n<div class=\"x1n2onr6\">\n<div class=\"x1n2onr6\">\n<div class=\"x6ikm8r x10wlt62 x10l6tqk\"><\/div>\n<div class=\"x6ikm8r x10wlt62 x10l6tqk\"><\/div>\n<\/div>\n<\/div>\n<\/div>\n<\/div>\n<div class=\"html-div xdj266r x14z9mp xat24cr x1lziwak xexx8yu xyri2b x18d9i69 x1c1uobl x6ikm8r x10wlt62\"><img loading=\"lazy\" decoding=\"async\" class=\"alignnone size-medium wp-image-33066\" src=\"https:\/\/www.sportchaco.com.ar\/wp-content\/uploads\/2026\/02\/MERCADO-LIBRE_320x50-21-300x47.gif\" alt=\"\" width=\"300\" height=\"47\" \/><img loading=\"lazy\" decoding=\"async\" class=\"alignnone  wp-image-33072\" src=\"https:\/\/www.sportchaco.com.ar\/wp-content\/uploads\/2026\/02\/BANNER-WEB-MOSQUITOS-SALUD_720x90-25-300x38.gif\" alt=\"\" width=\"363\" height=\"46\" \/><\/div>\n<\/div>\n<\/div>\n<div><\/div>\n<div>\n<div class=\"xabvvm4 xeyy32k x1ia1hqs x1a2w583 x6ikm8r x10wlt62\" data-visualcompletion=\"ignore-dynamic\">\n<div>\n<div>\n<div>\n<div class=\"xbmvrgn x1diwwjn\">\n<div class=\"x9f619 x1ja2u2z x78zum5 x2lah0s x1n2onr6 x1qughib x1qjc9v5 xozqiw3 x1q0g3np xyri2b x1c1uobl xjkvuk6 x1iorvi4 x11lt19s xe9ewy2 x4cne27 xifccgj\">\n<div class=\"x9f619 x1n2onr6 x1ja2u2z x78zum5 xdt5ytf x193iq5w xeuugli x1r8uery x1iyjqo2 xs83m0k x14vy60q xyiysdx x10b6aqq x1yrsyyn\"><\/div>\n<div class=\"x9f619 x1n2onr6 x1ja2u2z x78zum5 xdt5ytf x193iq5w xeuugli x1r8uery x1iyjqo2 xs83m0k x14vy60q xyiysdx x10b6aqq x1yrsyyn\"><\/div>\n<div class=\"x9f619 x1n2onr6 x1ja2u2z x78zum5 xdt5ytf x193iq5w xeuugli x1r8uery x1iyjqo2 xs83m0k x14vy60q xyiysdx x10b6aqq x1yrsyyn\"><\/div>\n<\/div>\n<\/div>\n<\/div>\n<\/div>\n<\/div>\n<\/div>\n<\/div>\n<\/div>\n<\/div>\n<\/div>\n<div class=\"x7600vw x10l6tqk x1dquyif\" aria-hidden=\"true\" data-0=\"0\" data-1=\"1\" data-2=\"2\" data-3=\"3\" data-4=\"4\" data-5=\"5\" data-6=\"6\" data-7=\"7\" data-8=\"8\" data-9=\"9\" data-10=\"10\" data-11=\"11\" data-12=\"12\" data-13=\"13\" data-14=\"14\" data-15=\"15\" data-16=\"16\" data-17=\"17\" data-18=\"18\" data-19=\"19\"><\/div>\n","protected":false},"excerpt":{"rendered":"<p>Pol\u00edtica Deportiva en la Comunidad Organizada se expondr\u00e1 a las 19, en la Universidad Popular de Resistencia. Como parte de la 26\u00b0 Feria del Libro Chac\u00fa Guaran\u00edtica, este jueves 26 de febrero, a las 19, se presentar\u00e1 el libro Pol\u00edtica Deportiva en la Comunidad Organizada. Ra\u00fal Bittel se desempe\u00f1\u00f3 como presidente del Instituto del Deporte. &hellip;<\/p>\n","protected":false},"author":2,"featured_media":33185,"comment_status":"open","ping_status":"open","sticky":false,"template":"","format":"standard","meta":{"footnotes":""},"categories":[44],"tags":[],"class_list":["post-33183","post","type-post","status-publish","format-standard","has-post-thumbnail","hentry","category-varios"],"_links":{"self":[{"href":"https:\/\/www.sportchaco.com.ar\/index.php?rest_route=\/wp\/v2\/posts\/33183","targetHints":{"allow":["GET"]}}],"collection":[{"href":"https:\/\/www.sportchaco.com.ar\/index.php?rest_route=\/wp\/v2\/posts"}],"about":[{"href":"https:\/\/www.sportchaco.com.ar\/index.php?rest_route=\/wp\/v2\/types\/post"}],"author":[{"embeddable":true,"href":"https:\/\/www.sportchaco.com.ar\/index.php?rest_route=\/wp\/v2\/users\/2"}],"replies":[{"embeddable":true,"href":"https:\/\/www.sportchaco.com.ar\/index.php?rest_route=%2Fwp%2Fv2%2Fcomments&post=33183"}],"version-history":[{"count":2,"href":"https:\/\/www.sportchaco.com.ar\/index.php?rest_route=\/wp\/v2\/posts\/33183\/revisions"}],"predecessor-version":[{"id":33186,"href":"https:\/\/www.sportchaco.com.ar\/index.php?rest_route=\/wp\/v2\/posts\/33183\/revisions\/33186"}],"wp:featuredmedia":[{"embeddable":true,"href":"https:\/\/www.sportchaco.com.ar\/index.php?rest_route=\/wp\/v2\/media\/33185"}],"wp:attachment":[{"href":"https:\/\/www.sportchaco.com.ar\/index.php?rest_route=%2Fwp%2Fv2%2Fmedia&parent=33183"}],"wp:term":[{"taxonomy":"category","embeddable":true,"href":"https:\/\/www.sportchaco.com.ar\/index.php?rest_route=%2Fwp%2Fv2%2Fcategories&post=33183"},{"taxonomy":"post_tag","embeddable":true,"href":"https:\/\/www.sportchaco.com.ar\/index.php?rest_route=%2Fwp%2Fv2%2Ftags&post=33183"}],"curies":[{"name":"wp","href":"https:\/\/api.w.org\/{rel}","templated":true}]}}