{"id":33199,"date":"2026-02-26T14:45:46","date_gmt":"2026-02-26T17:45:46","guid":{"rendered":"https:\/\/www.sportchaco.com.ar\/?p=33199"},"modified":"2026-02-26T14:45:46","modified_gmt":"2026-02-26T17:45:46","slug":"for-ever-vuelve-a-cambiar-2","status":"publish","type":"post","link":"https:\/\/www.sportchaco.com.ar\/?p=33199","title":{"rendered":"For Ever vuelve a cambiar"},"content":{"rendered":"<p><strong>26-02-2026<\/strong><\/p>\n<p><img loading=\"lazy\" decoding=\"async\" class=\"aligncenter size-full wp-image-33066\" src=\"https:\/\/www.sportchaco.com.ar\/wp-content\/uploads\/2026\/02\/MERCADO-LIBRE_320x50-21.gif\" alt=\"\" width=\"667\" height=\"104\" \/><\/p>\n<p>Llegando al fin de la semana de entrenamiento, For Ever va definiendo el equipo que jugar\u00e1 este s\u00e1bado por la zona \u00abA\u00bb de la Primera Nacional ante San Miguel por la 3\u00aa fecha.<\/p>\n<p>Seg\u00fan los \u00faltimos movimientos del entrenador Ricardo Pancaldo, habr\u00eda dos modificaciones en el 11 del \u00abnegro\u00bb con respecto al partido del \u00faltimo fin de semana ante San Telmo en el \u00abJuan Alberto Garc\u00eda\u00bb.<\/p>\n<p>Regresar\u00edan Gast\u00f3n Canuto, que ya cumpli\u00f3 su fecha de suspensi\u00f3n por la expulsi\u00f3n ante Acassuso, y Agust\u00edn Ojeda, que tambi\u00e9n fue titular en la primera fecha. Los que saldr\u00edan del equipo son el arquero Nicol\u00e1s Caprio y el lateral izquierdo Lucas Pruzzo.<\/p>\n<p>De esta manera, el 11 que se perfila para jugar es Gast\u00f3n Canuto; Alan Luque, David Valdez, Mathias Silvera y Agust\u00edn Ojeda; Juan Manuel Carrizo, Gabriel Ram\u00edrez y Bahiano Garc\u00eda; Imanol Enr\u00edquez, Ezequiel Pacheco y Mat\u00edas Noble.<\/p>\n<p>El \u00e1rbitro designado para este duelo en la localidad de Los Polvorines es Gabriel Guti\u00e9rrez, que tendr\u00e1 como asistentes a Federico Pomi y Nicol\u00e1s Gruccio, y de cuarto juez estar\u00e1 Nicol\u00e1s Kresta.<\/p>\n<p>For Ever partir\u00e1 rumbo a Buenos Aires este jueves por la noche y una vez arribado a la capital del pa\u00eds terminar\u00e1 de definir el 11. El equipo chaque\u00f1o arrastra una derrota y un empate en el inicio del campeonato por lo cual buscar\u00e1 sumar ante San Miguel para subir posiciones en la tabla.<\/p>\n<p>En cuanto a la 4\u00aa fecha, se sabe que no habr\u00e1 actividad el fin de semana del 7 y 8 de marzo por el paro de AFA, con lo cual el juego entre For Ever y Col\u00f3n reci\u00e9n se disputar\u00eda el s\u00e1bado 14 de marzo en el \u00abgigante\u00bb. Para ese encuentro est\u00e1 permitido el ingreso de p\u00fablico visitante y habr\u00e1 5000 localidades disponibles para los hinchas del \u201csabalero\u201d.<\/p>\n<p><img loading=\"lazy\" decoding=\"async\" class=\"aligncenter size-large wp-image-20100\" src=\"https:\/\/www.sportchaco.com.ar\/wp-content\/uploads\/2025\/06\/300x250-1024x854.gif\" alt=\"\" width=\"1024\" height=\"854\" srcset=\"https:\/\/www.sportchaco.com.ar\/wp-content\/uploads\/2025\/06\/300x250-1024x854.gif 1024w, https:\/\/www.sportchaco.com.ar\/wp-content\/uploads\/2025\/06\/300x250-300x250.gif 300w, https:\/\/www.sportchaco.com.ar\/wp-content\/uploads\/2025\/06\/300x250-768x640.gif 768w\" sizes=\"auto, (max-width: 1024px) 100vw, 1024px\" \/><\/p>\n","protected":false},"excerpt":{"rendered":"<p>26-02-2026 Llegando al fin de la semana de entrenamiento, For Ever va definiendo el equipo que jugar\u00e1 este s\u00e1bado por la zona \u00abA\u00bb de la Primera Nacional ante San Miguel por la 3\u00aa fecha. Seg\u00fan los \u00faltimos movimientos del entrenador Ricardo Pancaldo, habr\u00eda dos modificaciones en el 11 del \u00abnegro\u00bb con respecto al partido del &hellip;<\/p>\n","protected":false},"author":3,"featured_media":33198,"comment_status":"open","ping_status":"open","sticky":false,"template":"","format":"standard","meta":{"footnotes":""},"categories":[5],"tags":[],"class_list":["post-33199","post","type-post","status-publish","format-standard","has-post-thumbnail","hentry","category-futbol"],"_links":{"self":[{"href":"https:\/\/www.sportchaco.com.ar\/index.php?rest_route=\/wp\/v2\/posts\/33199","targetHints":{"allow":["GET"]}}],"collection":[{"href":"https:\/\/www.sportchaco.com.ar\/index.php?rest_route=\/wp\/v2\/posts"}],"about":[{"href":"https:\/\/www.sportchaco.com.ar\/index.php?rest_route=\/wp\/v2\/types\/post"}],"author":[{"embeddable":true,"href":"https:\/\/www.sportchaco.com.ar\/index.php?rest_route=\/wp\/v2\/users\/3"}],"replies":[{"embeddable":true,"href":"https:\/\/www.sportchaco.com.ar\/index.php?rest_route=%2Fwp%2Fv2%2Fcomments&post=33199"}],"version-history":[{"count":1,"href":"https:\/\/www.sportchaco.com.ar\/index.php?rest_route=\/wp\/v2\/posts\/33199\/revisions"}],"predecessor-version":[{"id":33200,"href":"https:\/\/www.sportchaco.com.ar\/index.php?rest_route=\/wp\/v2\/posts\/33199\/revisions\/33200"}],"wp:featuredmedia":[{"embeddable":true,"href":"https:\/\/www.sportchaco.com.ar\/index.php?rest_route=\/wp\/v2\/media\/33198"}],"wp:attachment":[{"href":"https:\/\/www.sportchaco.com.ar\/index.php?rest_route=%2Fwp%2Fv2%2Fmedia&parent=33199"}],"wp:term":[{"taxonomy":"category","embeddable":true,"href":"https:\/\/www.sportchaco.com.ar\/index.php?rest_route=%2Fwp%2Fv2%2Fcategories&post=33199"},{"taxonomy":"post_tag","embeddable":true,"href":"https:\/\/www.sportchaco.com.ar\/index.php?rest_route=%2Fwp%2Fv2%2Ftags&post=33199"}],"curies":[{"name":"wp","href":"https:\/\/api.w.org\/{rel}","templated":true}]}}